{"id":19951,"date":"2025-11-25T07:16:18","date_gmt":"2025-11-25T06:16:18","guid":{"rendered":"https:\/\/monde25.info\/index.php\/2025\/11\/25\/lalerte-des-veterinaires-sur-la-souffrance-programmee\/"},"modified":"2025-11-25T07:16:18","modified_gmt":"2025-11-25T06:16:18","slug":"lalerte-des-veterinaires-sur-la-souffrance-programmee","status":"publish","type":"post","link":"https:\/\/monde25.info\/index.php\/2025\/11\/25\/lalerte-des-veterinaires-sur-la-souffrance-programmee\/","title":{"rendered":"l\u2019alerte des v\u00e9t\u00e9rinaires sur la souffrance programm\u00e9e"},"content":{"rendered":"<p> <br \/>\n<\/p>\n<div>\n<h4><strong>Nez \u00e9cras\u00e9, peau pli\u00e9e, arri\u00e8re-train abaiss\u00e9\u2026 Au fil des d\u00e9cennies, l\u2019\u00eatre humain a cr\u00e9\u00e9 des races de chiens au gr\u00e9 de ses d\u00e9sirs. La sant\u00e9 de ses compagnons de route est, elle, pass\u00e9e \u00e0 la trappe. Au point de leur r\u00e9server sciemment une vie de souffrance.<\/strong><span id=\"more-742678\"\/><\/h4>\n<p>Qui n\u2019a jamais craqu\u00e9 devant <strong>la bouille d\u2019un Bouledogue Fran\u00e7ais ou les beaux yeux bleus d\u2019un Berger Australien ?<\/strong> Pourtant, face \u00e0 l\u2019esth\u00e9tique de ces chiens tr\u00e8s en vogue se cache une autre tendance nocive, consistant \u00e0 <strong>faire se reproduire entre eux des animaux aux caract\u00e8res morphologiques exag\u00e9r\u00e9s.<\/strong> Quitte \u00e0 ce que ces derniers accumulent les tares\u2026<\/p>\n<figure id=\"attachment_767044\" aria-describedby=\"caption-attachment-767044\" style=\"width: 1024px\" class=\"wp-caption alignnone\"><img fetchpriority=\"high\" decoding=\"async\" class=\"wp-image-767044\" src=\"https:\/\/mrmondialisation.org\/wp-content\/uploads\/2025\/07\/angelos-michalopoulos-vzg64c5t7p4-unsplash-819x1024.jpg\" alt=\"\" width=\"1024\" height=\"1280\" srcset=\"https:\/\/mrmondialisation.org\/wp-content\/uploads\/2025\/07\/angelos-michalopoulos-vzg64c5t7p4-unsplash-819x1024.jpg 819w, https:\/\/mrmondialisation.org\/wp-content\/uploads\/2025\/07\/angelos-michalopoulos-vzg64c5t7p4-unsplash-1219x1524.jpg 1219w, https:\/\/mrmondialisation.org\/wp-content\/uploads\/2025\/07\/angelos-michalopoulos-vzg64c5t7p4-unsplash-768x960.jpg 768w, https:\/\/mrmondialisation.org\/wp-content\/uploads\/2025\/07\/angelos-michalopoulos-vzg64c5t7p4-unsplash-1229x1536.jpg 1229w, https:\/\/mrmondialisation.org\/wp-content\/uploads\/2025\/07\/angelos-michalopoulos-vzg64c5t7p4-unsplash-1638x2048.jpg 1638w, https:\/\/mrmondialisation.org\/wp-content\/uploads\/2025\/07\/angelos-michalopoulos-vzg64c5t7p4-unsplash-696x870.jpg 696w, https:\/\/mrmondialisation.org\/wp-content\/uploads\/2025\/07\/angelos-michalopoulos-vzg64c5t7p4-unsplash-1068x1335.jpg 1068w, https:\/\/mrmondialisation.org\/wp-content\/uploads\/2025\/07\/angelos-michalopoulos-vzg64c5t7p4-unsplash-336x420.jpg 336w, https:\/\/mrmondialisation.org\/wp-content\/uploads\/2025\/07\/angelos-michalopoulos-vzg64c5t7p4-unsplash.jpg 1920w\" sizes=\"(max-width: 1024px) 100vw, 1024px\"\/><figcaption id=\"caption-attachment-767044\" class=\"wp-caption-text\">Boston Terrier et autres chiens de la famille des brachyc\u00e9phales sont les premi\u00e8res victimes de l\u2019hypertype \u00a9<a target=\"_blank\" href=\"https:\/\/unsplash.com\/fr\/photos\/boston-terrier-adulte-assis-sur-une-surface-blanche-VzG64C5T7p4\" target=\"_blank\" rel=\"noopener\">Unsplash<\/a><\/figcaption><\/figure>\n<h2><strong>L\u2019hypertype du chien, qu\u2019est-ce que c\u2019est ?<\/strong><\/h2>\n<p><strong>Oui, le Chihuahua descend bel et bien du loup, une \u00e9volution qui n\u2019aurait tr\u00e8s probablement pas eu lieu sans intervention humaine.<\/strong> La diversit\u00e9 g\u00e9n\u00e9tique observ\u00e9e aujourd\u2019hui chez les chiens donne <strong>l\u2019illusion d\u2019une grande vari\u00e9t\u00e9, mais cette richesse est en r\u00e9alit\u00e9 trompeuse.<\/strong> Pour pr\u00e9server les morphologies patiemment fa\u00e7onn\u00e9es au fil des d\u00e9cennies, <strong>les apports g\u00e9n\u00e9tiques ext\u00e9rieurs ont \u00e9t\u00e9 limit\u00e9s, au point de recourir parfois \u00e0 la consanguinit\u00e9.<\/strong> Avec, pour cons\u00e9quence, <strong>des lign\u00e9es de chiens toujours plus vuln\u00e9rables.<\/strong><\/p>\n<p><strong>Un chien de race <a target=\"_blank\" href=\"https:\/\/monchienbio.com\/lhypertype-du-chien-et-ses-derives\/\" target=\"_blank\" rel=\"noopener\">est dit \u00ab typ\u00e9 \u00bb<\/a> s\u2019il correspond aux standards exig\u00e9s par le LOF<\/strong> (Livre des Origines Fran\u00e7ais). Cela se joue sur de nombreux crit\u00e8res, allant de la taille au garrot \u00e0 la forme des oreilles, en passant par l\u2019allongement du museau ou la couleur de la robe. <strong>Quand ces d\u00e9tails sont pouss\u00e9s \u00e0 l\u2019exc\u00e8s, on parle alors d\u2019hypertype : un museau compl\u00e8tement \u00e9cras\u00e9, des plis de peaux \u00e0 n\u2019en plus voir l\u2019animal en-dessous, des yeux bleus chez une race qui a normalement les yeux fonc\u00e9s\u2026<\/strong><\/p>\n<figure id=\"attachment_767046\" aria-describedby=\"caption-attachment-767046\" style=\"width: 1024px\" class=\"wp-caption alignnone\"><img loading=\"lazy\" decoding=\"async\" class=\"wp-image-767046 size-medium\" src=\"https:\/\/mrmondialisation.org\/wp-content\/uploads\/2025\/07\/assembly-1829907-1280-1024x423.jpg\" alt=\"\" width=\"1024\" height=\"423\" srcset=\"https:\/\/mrmondialisation.org\/wp-content\/uploads\/2025\/07\/assembly-1829907-1280-1024x423.jpg 1024w, https:\/\/mrmondialisation.org\/wp-content\/uploads\/2025\/07\/assembly-1829907-1280-768x317.jpg 768w, https:\/\/mrmondialisation.org\/wp-content\/uploads\/2025\/07\/assembly-1829907-1280-696x288.jpg 696w, https:\/\/mrmondialisation.org\/wp-content\/uploads\/2025\/07\/assembly-1829907-1280-1068x441.jpg 1068w, https:\/\/mrmondialisation.org\/wp-content\/uploads\/2025\/07\/assembly-1829907-1280-1016x420.jpg 1016w, https:\/\/mrmondialisation.org\/wp-content\/uploads\/2025\/07\/assembly-1829907-1280.jpg 1280w\" sizes=\"auto, (max-width: 1024px) 100vw, 1024px\"\/><figcaption id=\"caption-attachment-767046\" class=\"wp-caption-text\">Plus un Shar Pei poss\u00e8de de plis, plus il se vend cher\u2026 et plus il souffre ! \u00a9<a target=\"_blank\" href=\"https:\/\/pixabay.com\/fr\/photos\/montage-chien-chiot-sharpei-divan-1829907\/\" target=\"_blank\" rel=\"noopener\">Pixabay<\/a><\/figcaption><\/figure>\n<p>Le probl\u00e8me ? C\u2019est qu\u2019<strong>au lieu de stopper ces hypertypes en \u00e9vitant de faire se reproduire des chiens qui y sont sujets, nombre d\u2019\u00e9leveurs peu scrupuleux les ont au contraire d\u00e9velopp\u00e9s<\/strong>. La loi de l\u2019offre et la demande\u2026 appliqu\u00e9e \u00e0 la sant\u00e9 des animaux.<\/p>\n<p>Parce que c\u2019est mignon, parce que c\u2019est tendance, les Bouledogues peinent \u00e0 respirer, les Cavalier King Charles accumulent les probl\u00e8mes cardiaques, les Shar-Pei souffrent de probl\u00e8mes de peaux tr\u00e8s douloureux sous leurs nombreux plis, les Shih Tzu ont des globes oculaires si disproportionn\u00e9s que leurs paupi\u00e8res ne peuvent plus les recouvrir ni les hydrater, les Bergers Allemands finissent paralys\u00e9s par l\u2019arthrose tant leur bassin s\u2019est vu s\u2019affaisser\u2026<\/p>\n<figure id=\"attachment_767051\" aria-describedby=\"caption-attachment-767051\" style=\"width: 1024px\" class=\"wp-caption alignnone\"><img loading=\"lazy\" decoding=\"async\" class=\"wp-image-767051 size-medium\" src=\"https:\/\/mrmondialisation.org\/wp-content\/uploads\/2025\/07\/german-shepherd-405503-1280-1024x684.jpg\" alt=\"\" width=\"1024\" height=\"684\" srcset=\"https:\/\/mrmondialisation.org\/wp-content\/uploads\/2025\/07\/german-shepherd-405503-1280-1024x684.jpg 1024w, https:\/\/mrmondialisation.org\/wp-content\/uploads\/2025\/07\/german-shepherd-405503-1280-768x513.jpg 768w, https:\/\/mrmondialisation.org\/wp-content\/uploads\/2025\/07\/german-shepherd-405503-1280-696x465.jpg 696w, https:\/\/mrmondialisation.org\/wp-content\/uploads\/2025\/07\/german-shepherd-405503-1280-1068x713.jpg 1068w, https:\/\/mrmondialisation.org\/wp-content\/uploads\/2025\/07\/german-shepherd-405503-1280-629x420.jpg 629w, https:\/\/mrmondialisation.org\/wp-content\/uploads\/2025\/07\/german-shepherd-405503-1280.jpg 1280w\" sizes=\"auto, (max-width: 1024px) 100vw, 1024px\"\/><figcaption id=\"caption-attachment-767051\" class=\"wp-caption-text\">Au fil des d\u00e9cennies, l\u2019arri\u00e8re-train des Bergers Allemands s\u2019est nettement abaiss\u00e9, quitte \u00e0 ce que les chiens souffrent d\u2019arthrose et de dysplasie de la hanche \u00a9<a target=\"_blank\" href=\"https:\/\/pixabay.com\/fr\/photos\/berger-allemand-berger-alerte-405503\/\" target=\"_blank\" rel=\"noopener\">Pixabay<\/a><\/figcaption><\/figure>\n<p><em>\u00ab Il y a eu quelques am\u00e9liorations sur le Berger Allemand et son cousin le Berger Blanc Suisse ces derni\u00e8res ann\u00e9es, avec le retour \u00e0 un c\u00f4t\u00e9 un peu plus rustique,<\/em> <em>mais <strong>les magouilles g\u00e9n\u00e9tiques restent terribles pour les animaux qui en souffrent \u00bb, <\/strong><\/em>assure aupr\u00e8s de Mr Mondialisation, la docteure Marion Arribart, v\u00e9t\u00e9rinaire g\u00e9n\u00e9raliste et comportementaliste en r\u00e9gion rennaise :<\/p>\n<blockquote>\n<p><strong><em>\u00ab C\u2019est un cr\u00e8ve-c\u0153ur de voir des chiens qui ne peuvent vivre sans intervention chirurgicale et que le moment o\u00f9 ils respirent le mieux, c\u2019est quand ils sont intub\u00e9s pendant l\u2019anesth\u00e9sie ! \u00bb<\/em><\/strong><\/p>\n<\/blockquote>\n<h2><strong>Le mythe des chiens qui \u00ab remplissent les poches des v\u00e9tos \u00bb<\/strong><\/h2>\n<p>Contrairement aux id\u00e9es re\u00e7ues, <strong>les v\u00e9t\u00e9rinaires se battent contre le ph\u00e9nom\u00e8ne des hypertypes<\/strong>. L\u2019AFVAC (Association Fran\u00e7aise des V\u00e9t\u00e9rinaires pour Animaux de Compagnie) a d\u2019ailleurs lanc\u00e9 une <a target=\"_blank\" href=\"https:\/\/afvac.com\/l-association\/dossiers\/l-afvac-s-engage-contre-les-hypertypes\" target=\"_blank\" rel=\"noopener\">campagne de sensibilisation<\/a> \u00e0 ce sujet :<\/p>\n<blockquote>\n<p><strong><em>\u00ab il serait urgent que tous acteurs de la fili\u00e8re d\u00e9finissent les recommandations et r\u00e8gles auxquelles devra se conformer une s\u00e9lection digne de ce nom, dans le respect du bien-\u00eatre animal \u00bb<\/em><\/strong><\/p>\n<\/blockquote>\n<p>Une tendance que confirme Marion Arribart interview\u00e9e pour cet article :<em> \u00ab Je ne peux \u00e9videmment pas parler au nom de tous les v\u00e9t\u00e9rinaires, mais dans ma carri\u00e8re, je n\u2019en ai jamais crois\u00e9 qui se r\u00e9jouisse de devoir op\u00e9rer un bouledogue. <strong>Nous travaillons autant que possible sur la pr\u00e9vention, car pour nous, ce probl\u00e8me est un vrai casse-t\u00eate !<\/strong> Les traitements qui peuvent fonctionner sont inabordables, nous op\u00e9rons les m\u00eames chiens \u00e0 r\u00e9p\u00e9tition faute de trouver des solutions, et <strong>nous faisons face au d\u00e9sarroi, \u00e0 l\u2019incompr\u00e9hension ou \u00e0 la col\u00e8re des propri\u00e9taires\u2026<\/strong> <strong>\u00bb<\/strong><\/em><\/p>\n<figure id=\"attachment_767065\" aria-describedby=\"caption-attachment-767065\" style=\"width: 1024px\" class=\"wp-caption alignnone\"><img loading=\"lazy\" decoding=\"async\" class=\"wp-image-767065 size-medium\" src=\"https:\/\/mrmondialisation.org\/wp-content\/uploads\/2025\/07\/odin-2206430-1280-1024x650.jpg\" alt=\"\" width=\"1024\" height=\"650\" srcset=\"https:\/\/mrmondialisation.org\/wp-content\/uploads\/2025\/07\/odin-2206430-1280-1024x650.jpg 1024w, https:\/\/mrmondialisation.org\/wp-content\/uploads\/2025\/07\/odin-2206430-1280-768x487.jpg 768w, https:\/\/mrmondialisation.org\/wp-content\/uploads\/2025\/07\/odin-2206430-1280-696x442.jpg 696w, https:\/\/mrmondialisation.org\/wp-content\/uploads\/2025\/07\/odin-2206430-1280-1068x678.jpg 1068w, https:\/\/mrmondialisation.org\/wp-content\/uploads\/2025\/07\/odin-2206430-1280-662x420.jpg 662w, https:\/\/mrmondialisation.org\/wp-content\/uploads\/2025\/07\/odin-2206430-1280.jpg 1280w\" sizes=\"auto, (max-width: 1024px) 100vw, 1024px\"\/><figcaption id=\"caption-attachment-767065\" class=\"wp-caption-text\">Le Berger Australien, l\u2019un des chiens les plus en vogue depuis plusieurs ann\u00e9es, est notamment du ph\u00e9nom\u00e8ne \u00ab\u00a0double merle\u00a0\u00bb, un croisement g\u00e9n\u00e9tique qui peut les rendre aveugles \u00a9<a target=\"_blank\" href=\"https:\/\/pixabay.com\/fr\/photos\/odin-impoli-berger-australien-2206430\/\" target=\"_blank\" rel=\"noopener\">Pixabay<\/a><\/figcaption><\/figure>\n<p>Car <strong>\u00eatre v\u00e9t\u00e9rinaire, <a target=\"_blank\" href=\"https:\/\/mrmondialisation.org\/desillusions-dune-veterinaire\/\" target=\"_blank\" rel=\"noopener\">ce n\u2019est pas uniquement soigner les animaux<\/a>. C\u2019est aussi prendre soin de l\u2019humain, et accompagner les propri\u00e9taires dans des \u00e9tapes compliqu\u00e9es,<\/strong> allant de l\u2019op\u00e9ration jusqu\u2019\u00e0 l\u2019euthanasie. Une \u00ab charge mentale \u00bb souvent tr\u00e8s lourde, qui engendre <a target=\"_blank\" href=\"https:\/\/www.ladepeche.fr\/2022\/09\/07\/les-veterinaires-se-suicident-trois-a-quatre-fois-plus-que-la-population-generale-10528207.php\" target=\"_blank\" rel=\"noopener\">un taux de suicide chez les v\u00e9t\u00e9rinaires 3 \u00e0 4 fois plus \u00e9lev\u00e9<\/a> que la population g\u00e9n\u00e9rale.<\/p>\n<p>Pour Marion Arribart qui exerce \u00e0 son compte, <em><strong>\u00ab<\/strong> <strong>il existe des m\u00e9tiers bien moins complexes qui rapportent beaucoup plus.<\/strong> Je tiens \u00e0 soigner les animaux, et \u00e0 prendre soin des humains. Or, <strong>les chiens hypertyp\u00e9s nous mettent dans des situations o\u00f9 le manque de moyens m\u00e9dicaux ou financiers les condamnent<\/strong> \u2013 \u00e0 l\u2019instar des probl\u00e8mes de comportements, qui reposent aussi sur une tendance \u00e0 faire entrer les races dans des cases. \u00bb<\/em><\/p>\n<blockquote>\n<p><strong><em>\u00ab Nous n\u2019avons pas besoin des chiens hypertyp\u00e9s pour gagner notre vie. La nature est suffisamment injuste pour que nous ayons assez \u00e0 faire avec les autres pathologies\u2026 \u00bb<\/em><\/strong><\/p>\n<\/blockquote>\n<h2><strong>Ma\u00eetres ou \u00e9leveurs\u2026 \u00c0 qui la faute ?<\/strong><\/h2>\n<p>Qui de l\u2019\u0153uf ou la poule ?\u2026 <strong>Faut-il en vouloir aux \u00e9leveurs de perp\u00e9tuer des hypertypes pour des ma\u00eetres toujours en demande, ou aux ma\u00eetres de cr\u00e9er la demande et d\u2019ainsi pousser les \u00e9leveurs \u00e0 continuer sur leur lanc\u00e9e ?<\/strong> Au-del\u00e0 de savoir sur qui rejeter le bl\u00e2me, la question qui se pose aujourd\u2019hui est plut\u00f4t de trouver comment stopper l\u2019h\u00e9morragie.<\/p>\n<p><strong>L\u2019association Animal Cross, qui a r\u00e9cemment mis le sujet en lumi\u00e8re, propose de <a target=\"_blank\" href=\"https:\/\/www.animal-cross.org\/chiens-hypertypes\/\" target=\"_blank\" rel=\"noopener\">signer une p\u00e9tition<\/a> pour lutter contre ce fl\u00e9au<\/strong>. Mais elle en demande davantage : <a target=\"_blank\" href=\"https:\/\/www.animal-cross.org\/wp-content\/uploads\/2025\/05\/Dossier-de-presse-Maladies-raciales-dorigine-genetique-chez-les-chiens-19mai25V2-compresse.pdf\" target=\"_blank\" rel=\"noopener\">dossier tr\u00e8s complet et document\u00e9 de 62 pages<\/a> \u00e0 l\u2019appui, Animal Cross souhaite mettre en place 13 mesures pour mettre fin \u00e0 la souffrance des animaux, en s\u2019inspirant notamment de nos voisins europ\u00e9ens.<\/p>\n<div class=\"td-a-rec td-a-rec-id-content_inline  tdi_1 td_block_template_1\">\n<center><a target=\"_blank\" href=\"https:\/\/fr.tipeee.com\/mr-mondialisation\" class=\"tipeee-project-small\">Je m&rsquo;abonne \u00e0 Mr Mondialisation<\/a>&#13;<br \/>\n<\/center>&amp;nbsp<\/div>\n<figure id=\"attachment_767066\" aria-describedby=\"caption-attachment-767066\" style=\"width: 1024px\" class=\"wp-caption alignnone\"><img loading=\"lazy\" decoding=\"async\" class=\"wp-image-767066 size-medium\" src=\"https:\/\/mrmondialisation.org\/wp-content\/uploads\/2025\/07\/izabelly-marques-ytp-k5bwa0q-unsplash-1024x683.jpg\" alt=\"\" width=\"1024\" height=\"683\" srcset=\"https:\/\/mrmondialisation.org\/wp-content\/uploads\/2025\/07\/izabelly-marques-ytp-k5bwa0q-unsplash-1024x683.jpg 1024w, https:\/\/mrmondialisation.org\/wp-content\/uploads\/2025\/07\/izabelly-marques-ytp-k5bwa0q-unsplash-1524x1016.jpg 1524w, https:\/\/mrmondialisation.org\/wp-content\/uploads\/2025\/07\/izabelly-marques-ytp-k5bwa0q-unsplash-768x512.jpg 768w, https:\/\/mrmondialisation.org\/wp-content\/uploads\/2025\/07\/izabelly-marques-ytp-k5bwa0q-unsplash-1536x1024.jpg 1536w, https:\/\/mrmondialisation.org\/wp-content\/uploads\/2025\/07\/izabelly-marques-ytp-k5bwa0q-unsplash-2048x1365.jpg 2048w, https:\/\/mrmondialisation.org\/wp-content\/uploads\/2025\/07\/izabelly-marques-ytp-k5bwa0q-unsplash-696x464.jpg 696w, https:\/\/mrmondialisation.org\/wp-content\/uploads\/2025\/07\/izabelly-marques-ytp-k5bwa0q-unsplash-1068x712.jpg 1068w, https:\/\/mrmondialisation.org\/wp-content\/uploads\/2025\/07\/izabelly-marques-ytp-k5bwa0q-unsplash-630x420.jpg 630w\" sizes=\"auto, (max-width: 1024px) 100vw, 1024px\"\/><figcaption id=\"caption-attachment-767066\" class=\"wp-caption-text\">Le Cavalier King Charles est l\u2019une des premi\u00e8res victimes des hypertypes \u00a9<a target=\"_blank\" href=\"https:\/\/unsplash.com\/fr\/photos\/petit-chien-brun-et-blanc-a-poil-long-couche-sur-textile-rouge-et-blanc-Ytp_K5bwa0Q\" target=\"_blank\" rel=\"noopener\">Unsplash<\/a><\/figcaption><\/figure>\n<p>Parmi elles : interdire la reproduction des races \u00ab m\u00e9dicalement dans une impasse \u00bb, comme le Cavalier King Charles (<a target=\"_blank\" href=\"https:\/\/mrmondialisation.org\/bien-etre-animal-la-norvege-interdit-lelevage-de-deux-races-de-chiens\/\" target=\"_blank\" rel=\"noopener\">interdiction act\u00e9e en Norv\u00e8ge<\/a>), st\u00e9riliser les chiens malades ou porteurs de maladies, ou renforcer les contr\u00f4les v\u00e9t\u00e9rinaires dans les \u00e9levages de chiens \u00e0 risques.<\/p>\n<p><em>\u00ab Je suis peut-\u00eatre na\u00efve, mais <strong>je pense qu\u2019informer et \u00e9duquer sont les cl\u00e9s pour essayer d\u2019enrayer le probl\u00e8me<\/strong>,<\/em> s\u2019enquiert Marion Arribart.<em> Il suffit de voir le nombre de chiots toujours en vente sur leboncoin alors que c\u2019est cens\u00e9 \u00eatre interdit\u2026 \u00c0 tr\u00e8s court terme, <strong>l\u2019interdiction peut en effet devenir n\u00e9cessaire si les choses ne vont pas assez vite \u2013 un peu comme avec l\u2019\u00e9cologie !<\/strong> <\/em><\/p>\n<p><em>Mais je pense que nous devons vraiment insister sur le volet informatif. <strong>Aux personnes qui disent \u00ab\u00a0Je veux un chien\u00a0\u00bb, nous devons expliquer tous les tenants et les aboutissants, incluant les soucis de sant\u00e9.<\/strong> Car je ne crois pas en la mauvaise foi des gens qui ach\u00e8tent un Bouledogue ou un Shar-Pei : je pense simplement qu\u2019ils ne savent pas. \u00bb<\/em><\/p>\n<figure id=\"attachment_767067\" aria-describedby=\"caption-attachment-767067\" style=\"width: 1024px\" class=\"wp-caption alignnone\"><img loading=\"lazy\" decoding=\"async\" class=\"wp-image-767067 size-medium\" src=\"https:\/\/mrmondialisation.org\/wp-content\/uploads\/2025\/07\/dog-1869167-1280-1024x682.jpg\" alt=\"\" width=\"1024\" height=\"682\" srcset=\"https:\/\/mrmondialisation.org\/wp-content\/uploads\/2025\/07\/dog-1869167-1280-1024x682.jpg 1024w, https:\/\/mrmondialisation.org\/wp-content\/uploads\/2025\/07\/dog-1869167-1280-768x512.jpg 768w, https:\/\/mrmondialisation.org\/wp-content\/uploads\/2025\/07\/dog-1869167-1280-696x464.jpg 696w, https:\/\/mrmondialisation.org\/wp-content\/uploads\/2025\/07\/dog-1869167-1280-1068x712.jpg 1068w, https:\/\/mrmondialisation.org\/wp-content\/uploads\/2025\/07\/dog-1869167-1280-630x420.jpg 630w, https:\/\/mrmondialisation.org\/wp-content\/uploads\/2025\/07\/dog-1869167-1280.jpg 1280w\" sizes=\"auto, (max-width: 1024px) 100vw, 1024px\"\/><figcaption id=\"caption-attachment-767067\" class=\"wp-caption-text\">B\u00e2tards, corniauds\u2026 Tout aussi beaux, ils sont \u00e9galement bien plus robustes que les chiens de race ! \u00a9<a target=\"_blank\" href=\"https:\/\/pixabay.com\/fr\/photos\/chien-animal-de-compagnie-animal-1869167\/\" target=\"_blank\" rel=\"noopener\">Pixabay<\/a><\/figcaption><\/figure>\n<p>La diffusion large et rigoureuse de l\u2019information appara\u00eet aujourd\u2019hui comme l\u2019un des leviers essentiels pour enrayer un ph\u00e9nom\u00e8ne qui menace directement la sant\u00e9 et le bien-\u00eatre de nombreux chiens. <strong>V\u00e9t\u00e9rinaires, associations de protection animale, \u00e9leveurs, mais aussi particuliers sensibilis\u00e9s \u00e0 la cause animale : l\u2019enjeu consiste \u00e0 promouvoir la responsabilit\u00e9.<\/strong><\/p>\n<p>Alors que <strong>les chiens crois\u00e9s se r\u00e9v\u00e8lent souvent plus robustes que certaines lign\u00e9es de race, l\u2019heure semble venue de questionner l\u2019emprise de crit\u00e8res purement esth\u00e9tiques et de favoriser un retour \u00e0 une diversit\u00e9 g\u00e9n\u00e9tique b\u00e9n\u00e9fique.<\/strong> Qu\u2019il soit adopt\u00e9 ou achet\u00e9, un chien demeure avant tout un compagnon de vie d\u2019une valeur inestimable, bien au-del\u00e0 de la couleur de ses yeux.<\/p>\n<p style=\"text-align: right;\">\u2013 <strong><em>Marie Waclaw<\/em><\/strong><\/p>\n<hr\/>\n<p>Source image d\u2019en-t\u00eate : \u00a9<a target=\"_blank\" href=\"https:\/\/pixabay.com\/fr\/photos\/chien-canin-animal-de-compagnie-5040008\/\" target=\"_blank\" rel=\"noopener\">Pixabay<\/a><\/p>\n<div class=\"td-a-rec td-a-rec-id-content_bottom  tdi_2 td_block_template_1\">\n<span class=\"td-adspot-title\">&#8211; Cet article gratuit, ind\u00e9pendant et sans IA existe gr\u00e2ce aux abonn\u00e9s &#8211;<\/span><\/p>\n<div class=\"td-all-devices\">\n    <a target=\"_blank\" href=\"https:\/\/mrmondialisation.org\/donation\/\" title=\"Faire_un_don\"><img decoding=\"async\" class=\"donationArticle\" src=\"https:\/\/mrmondialisation.org\/wp-content\/uploads\/2022\/12\/220405-flikalicious-final.jpg\" alt=\"Donation\"\/><\/a>\n<\/div>\n<\/div><\/div>\n<p><br \/>\n<br \/><a href=\"https:\/\/mrmondialisation.org\/chiens-hypertypes-alerte-veterinaires-souffrance\/\" target=\"_blank\"\">Source link <\/a><\/p>\n","protected":false},"excerpt":{"rendered":"<p>Nez \u00e9cras\u00e9, peau pli\u00e9e, arri\u00e8re-train abaiss\u00e9\u2026 Au fil des d\u00e9cennies, l\u2019\u00eatre humain a cr\u00e9\u00e9 des races de chiens au gr\u00e9 de ses d\u00e9sirs. La sant\u00e9 de ses compagnons de route&hellip; <\/p>\n","protected":false},"author":1,"featured_media":19952,"comment_status":"open","ping_status":"open","sticky":false,"template":"","format":"standard","meta":{"footnotes":""},"categories":[1],"tags":[],"class_list":["post-19951","post","type-post","status-publish","format-standard","has-post-thumbnail","hentry","category-non-classe"],"_links":{"self":[{"href":"https:\/\/monde25.info\/index.php\/wp-json\/wp\/v2\/posts\/19951","targetHints":{"allow":["GET"]}}],"collection":[{"href":"https:\/\/monde25.info\/index.php\/wp-json\/wp\/v2\/posts"}],"about":[{"href":"https:\/\/monde25.info\/index.php\/wp-json\/wp\/v2\/types\/post"}],"author":[{"embeddable":true,"href":"https:\/\/monde25.info\/index.php\/wp-json\/wp\/v2\/users\/1"}],"replies":[{"embeddable":true,"href":"https:\/\/monde25.info\/index.php\/wp-json\/wp\/v2\/comments?post=19951"}],"version-history":[{"count":0,"href":"https:\/\/monde25.info\/index.php\/wp-json\/wp\/v2\/posts\/19951\/revisions"}],"wp:featuredmedia":[{"embeddable":true,"href":"https:\/\/monde25.info\/index.php\/wp-json\/wp\/v2\/media\/19952"}],"wp:attachment":[{"href":"https:\/\/monde25.info\/index.php\/wp-json\/wp\/v2\/media?parent=19951"}],"wp:term":[{"taxonomy":"category","embeddable":true,"href":"https:\/\/monde25.info\/index.php\/wp-json\/wp\/v2\/categories?post=19951"},{"taxonomy":"post_tag","embeddable":true,"href":"https:\/\/monde25.info\/index.php\/wp-json\/wp\/v2\/tags?post=19951"}],"curies":[{"name":"wp","href":"https:\/\/api.w.org\/{rel}","templated":true}]}}