{"id":19969,"date":"2025-11-25T13:20:47","date_gmt":"2025-11-25T12:20:47","guid":{"rendered":"https:\/\/monde25.info\/index.php\/2025\/11\/25\/les-oceans-du-globe-ont-brutalement-change-ces-60-dernieres-annees-revele-une-etude\/"},"modified":"2025-11-25T13:20:47","modified_gmt":"2025-11-25T12:20:47","slug":"les-oceans-du-globe-ont-brutalement-change-ces-60-dernieres-annees-revele-une-etude","status":"publish","type":"post","link":"https:\/\/monde25.info\/index.php\/2025\/11\/25\/les-oceans-du-globe-ont-brutalement-change-ces-60-dernieres-annees-revele-une-etude\/","title":{"rendered":"Les oc\u00e9ans du globe ont brutalement chang\u00e9 ces 60 derni\u00e8res ann\u00e9es, r\u00e9v\u00e8le une \u00e9tude"},"content":{"rendered":"<p> <br \/>\n<br \/><img loading=\"lazy\" decoding=\"async\" src=\"https:\/\/reporterre.net\/local\/cache-vignettes\/L700xH467\/img_3016_01-58b22.jpg?1764070924\" class=\"spip_logo\" width=\"700\" height=\"467\" alt=\"\" \/><\/p>\n<p>Au cours des soixante derni\u00e8res ann\u00e9es, environ un tiers de l&rsquo;oc\u00e9an global a vu plusieurs de ses caract\u00e9ristiques changer de mani\u00e8re brutale, r\u00e9v\u00e8le une \u00e9tude publi\u00e9e le 25\u00a0novembre dans la revue Nature Climate Change. <br class=\"autobr\" \/><br \/>\nLes auteurs, issus de l&rsquo;Institut de physique atmosph\u00e9rique de l&rsquo;Acad\u00e9mie chinoise des sciences, de Mercator Ocean International et du Laboratoire de m\u00e9t\u00e9orologie dynamique de l&rsquo;\u00c9cole normale sup\u00e9rieure (<span class=\"caps\">ENS<\/span>&#8211;<span class=\"caps\">PSL<\/span>) se sont pench\u00e9s sur quatre caract\u00e9ristiques majeures de l&rsquo;\u00e9tat\u00a0(\u2026)<\/p>\n<p>                    <a target=\"_blank\" href=\"https:\/\/reporterre.net\/Les-oceans-du-globe-ont-brutalement-change-ces-60-dernieres-annees-revele-une-etude?utm_source=RSS&amp;utm_medium=RSS\">Lire la suite<\/a><\/p>\n<p>                    &#8211;<br \/>\n                        <a target=\"_blank\" href=\"https:\/\/reporterre.net\/Breves-20\" rel=\"directory\">En bref<\/a><\/p>\n<p>                    \/<br \/>\n                        <a target=\"_blank\" href=\"https:\/\/reporterre.net\/Mers-et-oceans\" rel=\"tag\">Oc\u00e9ans<\/a><br \/>\n<br \/><br \/>\n<br \/><a href=\"https:\/\/reporterre.net\/Les-oceans-du-globe-ont-brutalement-change-ces-60-dernieres-annees-revele-une-etude\" target=\"_blank\"\">Source link <\/a><\/p>\n","protected":false},"excerpt":{"rendered":"<p>Au cours des soixante derni\u00e8res ann\u00e9es, environ un tiers de l&rsquo;oc\u00e9an global a vu plusieurs de ses caract\u00e9ristiques changer de mani\u00e8re brutale, r\u00e9v\u00e8le une \u00e9tude publi\u00e9e le 25\u00a0novembre dans la&hellip; <\/p>\n","protected":false},"author":1,"featured_media":0,"comment_status":"open","ping_status":"open","sticky":false,"template":"","format":"standard","meta":{"footnotes":""},"categories":[1],"tags":[],"class_list":["post-19969","post","type-post","status-publish","format-standard","hentry","category-non-classe"],"_links":{"self":[{"href":"https:\/\/monde25.info\/index.php\/wp-json\/wp\/v2\/posts\/19969","targetHints":{"allow":["GET"]}}],"collection":[{"href":"https:\/\/monde25.info\/index.php\/wp-json\/wp\/v2\/posts"}],"about":[{"href":"https:\/\/monde25.info\/index.php\/wp-json\/wp\/v2\/types\/post"}],"author":[{"embeddable":true,"href":"https:\/\/monde25.info\/index.php\/wp-json\/wp\/v2\/users\/1"}],"replies":[{"embeddable":true,"href":"https:\/\/monde25.info\/index.php\/wp-json\/wp\/v2\/comments?post=19969"}],"version-history":[{"count":0,"href":"https:\/\/monde25.info\/index.php\/wp-json\/wp\/v2\/posts\/19969\/revisions"}],"wp:attachment":[{"href":"https:\/\/monde25.info\/index.php\/wp-json\/wp\/v2\/media?parent=19969"}],"wp:term":[{"taxonomy":"category","embeddable":true,"href":"https:\/\/monde25.info\/index.php\/wp-json\/wp\/v2\/categories?post=19969"},{"taxonomy":"post_tag","embeddable":true,"href":"https:\/\/monde25.info\/index.php\/wp-json\/wp\/v2\/tags?post=19969"}],"curies":[{"name":"wp","href":"https:\/\/api.w.org\/{rel}","templated":true}]}}