{"id":19972,"date":"2025-11-25T14:26:37","date_gmt":"2025-11-25T13:26:37","guid":{"rendered":"https:\/\/monde25.info\/index.php\/2025\/11\/25\/nicolas-sarkozy-le-gendre-ideal\/"},"modified":"2025-11-25T14:26:37","modified_gmt":"2025-11-25T13:26:37","slug":"nicolas-sarkozy-le-gendre-ideal","status":"publish","type":"post","link":"https:\/\/monde25.info\/index.php\/2025\/11\/25\/nicolas-sarkozy-le-gendre-ideal\/","title":{"rendered":"Nicolas Sarkozy, le gendre id\u00e9al\u00a0?"},"content":{"rendered":"<p> <br \/>\n<\/p>\n<div>\n<p>En 2007, la France s\u2019est laiss\u00e9 s\u00e9duire par l\u2019arch\u00e9type politique du gendre id\u00e9al\u00a0: l\u2019homme providentiel pour leur fille dont r\u00eavent toutes les m\u00e8res.<\/p>\n<p>Bronzage permanent, sourire carnassier, montre qui brille, foulard n\u00e9gligemment nou\u00e9, promesse de vigueur et de rupture. Il courait le matin, parlait d\u2019amour \u00e0 la Nation, jurait qu\u2019il allait la sortir du d\u00e9clin, la remettre au travail, la rendre fi\u00e8re \u00e0 nouveau.<\/p>\n<p>Oui\u00a0! Les mamans en r\u00eavaient. Les patrons l\u2019adoraient. Les m\u00e9dias le portaient aux nues.<br \/>Les Fran\u00e7ais ont cru voir en lui le sauveur, le conjoint id\u00e9al de Marianne : \u00e9nergique, ambitieux, un peu voyou, certes, <a target=\"_blank\" href=\"https:\/\/youtu.be\/WMOzXU8wvns?si=Z-taazV6My0iX6iJ\">mais le n\u00f4tre<\/a>.<\/p>\n<p>Le soir de la victoire, c\u2019est au Fouquet\u2019s qu\u2019il l\u2019a c\u00e9l\u00e9br\u00e9e. Et le lendemain sur le yacht de l\u2019un de ses amis milliardaires. Puis Carla est arriv\u00e9e, comme la cerise sur le g\u00e2teau. Un g\u00e2teau trop sucr\u00e9.<\/p>\n<blockquote>\n<p class=\"text-align-center\">Tout \u00e9tait parfait. Trop parfait.<\/p>\n<\/blockquote>\n<p>Dix-huit ans plus tard, le vernis a craqu\u00e9. Et, sous la peinture dor\u00e9e, surprise\u00a0! Il n\u2019y aurait que des trahisons.<\/p>\n<p>D\u2019abord, <strong>les petites <\/strong>: Pasqua, trahi pour la mairie de Neuilly en 1983, et Chirac, trahi pour Balladur en 1995.<\/p>\n<p>Ensuite <strong>les grosses <\/strong>: Kadhafi, son \u00ab <em>fr\u00e8re<\/em> \u00bb, qu\u2019il embrassait \u00e0 bout de l\u00e8vres trois ans plus t\u00f4t, livr\u00e9 aux \u00e9gorgeurs pour plaire \u00e0 Clinton de Washington et \u00e0 BHL de Saint-Germain-des-Pr\u00e9s. Depuis, la Libye est un charnier \u00e0 ciel ouvert, et l\u2019Europe une passoire. Les djihadistes install\u00e9s au pouvoir pour faire plaisir \u00e0 Clinton et \u00e0 BHL, ont ouvert la bo\u00eete de Pandore migratoire dont nous payons la note chaque jour depuis lors. Et l\u2019addition est sal\u00e9e\u00a0!<\/p>\n<p>Enfin, <strong>la trahison la plus grande\u00a0<\/strong>: celle op\u00e9r\u00e9e au pr\u00e9judice du peuple fran\u00e7ais lui-m\u00eame : le \u00ab non \u00bb solennel du r\u00e9f\u00e9rendum de 2005, foul\u00e9 aux pieds en 2008 par les parlementaires r\u00e9unis en Congr\u00e8s, \u00e0 Versailles, adoptant le trait\u00e9 de Lisbonne \u00e0 l\u2019initiative du Pr\u00e9sident Sarkozy. Ceux que l&rsquo;on pourrait appeler \u00ab tra\u00eetres \u00e0 la Nation\u00a0\u00bb, qui se disent r\u00e9publicains, s\u2019applaudissant eux-m\u00eames pour saluer leur forfait.<\/p>\n<p>C\u2019est Sarkozy qui a tenu la laisse. C\u2019est lui qui l&rsquo;a fait, ce Trait\u00e9, contre la volont\u00e9 du peuple souverain.<\/p>\n<p>Et c\u2019est lui qui, dans la foul\u00e9e, a fait <strong>supprimer du Code p\u00e9nal le seul crime commis dans l\u2019exercice de ses fonctions <\/strong>dont un pr\u00e9sident de la R\u00e9publique pouvait encore r\u00e9pondre devant la justice : la haute trahison. Comme \u00e7a, au cas o\u00f9. On n\u2019est jamais trop prudent quand on sait ce qu\u2019on pr\u00e9pare.<\/p>\n<p>Au fait. Le 10 novembre 2025, le parquet g\u00e9n\u00e9ral de Paris a ex\u00e9cut\u00e9 une pirouette digne du Bolcho\u00ef. Lui qui, sept mois plus t\u00f4t (27 mars 2025), r\u00e9clamait sept ans ferme contre Nicolas Sarkozy avec ex\u00e9cution imm\u00e9diate, s\u2019est soudain mu\u00e9 en avocat de la d\u00e9fense. Plaidant l\u2019\u00e2ge v\u00e9n\u00e9rable et la pr\u00e9somption d\u2019innocence retrouv\u00e9e comme par miracle, ce m\u00eame parquet g\u00e9n\u00e9ral de Paris a requis la remise en libert\u00e9 de Sarkozy. Vingt jours \u00e0 peine pass\u00e9s \u00e0 la maison d\u2019arr\u00eat de la Sant\u00e9 (o\u00f9 il fut pourtant dorlot\u00e9 au quartier V.I.P.), et le h\u00e9ros de la \u00ab\u00a0<em>tol\u00e9rance z\u00e9ro<\/em>\u00a0\u00bb s\u2019est effondr\u00e9. Lui qui jurait marcher t\u00eate haute vers la prison a ramp\u00e9, en pull \u00e9lim\u00e9 et chemise froiss\u00e9e, mis\u00e9rable, suppliant qu\u2019on le lib\u00e8re.<\/p>\n<p>\u00ab <em>La prison, c\u2019est dur. Tr\u00e8s dur. \u00c9reintant.\u00a0\u00bb<\/em> 20\u00a0jours, qui auront \u00e9t\u00e9 mis \u00e0 bon usage pour \u00e9crire un livre, tel que <a target=\"_blank\" href=\"https:\/\/www.francesoir.fr\/opinions-editos\/et-pourquoi-pas-un-sarkothon-tant-qu-y-est\">je l\u2019avais pressenti dans un \u00e9dito pr\u00e9c\u00e9dent<\/a><\/p>\n<blockquote class=\"twitter-tweet\">\n<p lang=\"fr\" dir=\"ltr\">\u00ab\u00a0En prison, il n\u2019y a rien \u00e0 voir, et rien \u00e0 faire. J\u2019oublie le silence qui n\u2019existe pas \u00e0 la Sant\u00e9 o\u00f9 il y a beaucoup \u00e0 entendre. Le bruit y est h\u00e9las constant. Mais \u00e0 l\u2019image du d\u00e9sert la vie int\u00e9rieure se fortifie en prison.\u00a0\u00bb Nicolas Sarkozy, Le journal d\u2019un prisonnier.\u2026 <a target=\"_blank\" href=\"https:\/\/t.co\/7RJ8fF8qFZ\">pic.twitter.com\/7RJ8fF8qFZ<\/a><\/p>\n<p>\u2014 Nicolas Sarkozy (@NicolasSarkozy) <a target=\"_blank\" href=\"https:\/\/twitter.com\/NicolasSarkozy\/status\/1991844200778805568?ref_src=twsrc%5Etfw\">November 21, 2025<\/a><\/p>\n<\/blockquote>\n<p>Cosette en costume sur mesure reconvertie en \u00e9crivain. \u00a0Pauvre petit Nicolas.<\/p>\n<p>Sauf que\u2026 non\u00a0! <strong>Pauvre, Nicolas Sarkozy ne l\u2019est pas. Bien au contraire.<\/strong><\/p>\n<p>En 2023, il a d\u00e9clar\u00e9 638 000 \u20ac de salaires, 153 000 \u20ac de retraites (dont 75 000 \u20ac rien que pour ses cinq ans \u00e0 l\u2019\u00c9lys\u00e9e, pay\u00e9s par vos imp\u00f4ts \u00e0 vie), 1 330 000 \u20ac de revenus de capitaux mobiliers, et 2 342 008 \u20ac de revenus non commerciaux<\/p>\n<p>Oui, vous avez bien lu : 2,34 millions d\u2019euros de \u00ab revenus non commerciaux \u00bb.<br \/>C\u2019est le nom poli qu\u2019on donne aux conf\u00e9rences \u00e0 500 000-1 000 000 \u20ac la soir\u00e9e chez les \u00e9mirs, les oligarques russes, les banques chinoises ou les fonds d\u2019investissement am\u00e9ricains. Il monte sur sc\u00e8ne, dit trois banalit\u00e9s sur \u00ab le leadership \u00bb ou \u00ab la France qui se l\u00e8ve t\u00f4t \u00bb, et empoche. Et Arnaud Lagard\u00e8re le paye aussi grassement pour ce qu\u2019il appelle des \u00ab <em>conseils strat\u00e9giques<\/em> \u00bb.<\/p>\n<p>Tout \u00e7a est parfaitement l\u00e9gal. Tout \u00e7a apr\u00e8s avoir \u00e9t\u00e9 pr\u00e9sident de la R\u00e9publique.<\/p>\n<p>Patrimoine immobilier d\u00e9clar\u00e9 : 9,923 millions d\u2019euros. Quand il est entr\u00e9 en politique, <strong>il n\u2019avait rien<\/strong>. Aujourd\u2019hui il a presque dix millions d\u2019immobilier + quatre millions et demi de revenus annuels. Revenus auxquels il faudra bien s\u00fbr ajouter les droits d\u2019auteur du livre \u00e0 paraitre.<\/p>\n<blockquote>\n<p class=\"text-align-center\">Cherchez l\u2019erreur.<\/p>\n<\/blockquote>\n<p>Maurice Papon a fait trois ans pour complicit\u00e9 de crime contre l\u2019humanit\u00e9, et lib\u00e9r\u00e9 par \u00ab\u00a0la justice\u00a0\u00bb officiellement parce que son \u00e9tat de sant\u00e9 \u00e0 ce point d\u00e9grad\u00e9 ne lui permettait plus de supporter la prison, jouait au tennis, le soir m\u00eame, dans sa luxueuse propri\u00e9t\u00e9. Quant \u00e0 Patrick Balkany, une suspension de peine m\u00e9dicale ultra g\u00e9n\u00e9reuse similaire, lui a permis de faire seulement cinq mois de prison sur les trente-six auxquels il avait \u00e9t\u00e9 condamn\u00e9.<\/p>\n<p>Les vieux d\u00e9linquants de droit commun de plus de 70 ans, eux, meurent en prison, sans quartier VIP.<\/p>\n<p>Nicolas Sarkozy\u00a0? Le gendre id\u00e9al de 2007 aurait bouff\u00e9 la dot, tromp\u00e9 la fille devant la France enti\u00e8re, incendi\u00e9 la maison de famille, et envoy\u00e9 la note aux beaux-parents.<\/p>\n<p>Voil\u00e0 pourquoi quand on le regarde bien. Quand on le regarde jusqu\u2019au bout. Quand on gratte le sourire Colgate et les costumes sur mesure. Quand on \u00e9carte les rideaux du th\u00e9\u00e2tre d\u2019ombres, il ne reste plus qu\u2019un seul mot, un seul, qui pourrait coller \u00e0 la peau de celui que l&rsquo;on aurait pris \u00e0 tort pour le gendre id\u00e9al : \u00ab\u00a0<em>tra\u00eetre\u00a0<\/em>\u00bb.<\/p>\n<blockquote>\n<p class=\"text-align-center\">Et peut-\u00eatre, m\u00eame, comme me le fit remarquer un fin connaisseur de la vie politique fran\u00e7aise : \u00ab\u00a0<em>traitre ultime\u00a0?<\/em>\u00a0\u00bb<\/p>\n<\/blockquote>\n<p>\u00a0<\/p>\n<p>Annexe (\u00e0 ne surtout pas lire si vous avez peur des complotistes)<\/p>\n<p>Il existe une th\u00e9orie concernant Nicolas Sarkozy. Je ne l\u2019ai pas relay\u00e9e dans le corps du texte, car sinon on m\u2019aurait imm\u00e9diatement tax\u00e9 de \u00ab\u00a0complotiste radicalis\u00e9\u00a0\u00bb, et d\u00e8s lors cela aurait desservi tout le reste. Cette th\u00e9orie, La voici.\u00a0<\/p>\n<p>Toute sa carri\u00e8re politique durant, il aurait utilis\u00e9 un nom d\u2019usage\u00a0: Nicolas \u00ab <em>Sarkozy<\/em> \u00bb\u00a0; \u00e0 savoir un nom diff\u00e9rent de son nom l\u00e9gal\u00a0: \u00ab\u00a0<em>Sark\u00f6zy de Nagy-Bocsa.<\/em> \u00bb<\/p>\n<p>Aux termes de la loi du 8 fructidor An II, dont par un arr\u00eat de principe du 6 f\u00e9vrier 2001 la Cour de cassation a rappel\u00e9 le caract\u00e8re obligatoire, l\u2019utilisation de ce nom d\u2019usage rendrait th\u00e9oriquement nulles toutes ses candidatures, pour usurpation d\u2019\u00e9tat civil, et aussi nuls tous les actes qu\u2019il a accomplis durant ses mandats. Notamment la ratification du Trait\u00e9 de Lisbonne. Et cette ratification supporterait alors le d\u00e9lit d\u2019usurpation de fonction dont \u00ab\u00a0Nicolas, Paul, St\u00e9phane <em>Sark\u00f6zy de Nagy-Bocsa<\/em> \u00bb se serait rendu coupable, en tant qu\u2019auteur. \u00c0 savoir en usurpant les fonctions de Pr\u00e9sident de la R\u00e9publique alors en fonction\u00a0: le citoyen fran\u00e7ais dont le nom l\u00e9gal est lui \u00ab\u00a0Nicolas Sarkozy\u00a0\u00bb, un citoyen fran\u00e7ais obligatoirement existant et diff\u00e9rent du citoyen fran\u00e7ais dont le nom l\u00e9gal est lui \u00ab\u00a0Nicolas, Paul, St\u00e9phane <em>Sark\u00f6zy de Nagy-Bocsa<\/em> \u00bb, la d\u00e9cision du conseil constitutionnel du 10 mai 2007 rendue en ce sens (\u00ab\u00a0<em>Nicolas Sarkozy est \u00e9lu pr\u00e9sident de la R\u00e9publique<\/em>.\u00a0\u00bb) \u00e9tant non susceptible de contestation, et s\u2019imposant \u00e0 toutes les juridictions fran\u00e7aises, tribunal correctionnel de Paris compris.<\/p>\n<p>Et d\u2019ailleurs, une citation directe du chef de ce d\u00e9lit, devant le tribunal correctionnel de Paris, aurait \u00e9t\u00e9 d\u00e9livr\u00e9e par huissier de justice contre \u00ab\u00a0Nicolas, Paul, St\u00e9phane <em>Sark\u00f6zy de Nagy-Bocsa<\/em> \u00bb et sa transmission au parquet pour enr\u00f4lement \u00e0 telle date d\u2019audience fix\u00e9e par le parquet de Paris, aurait \u00e9t\u00e9 effectu\u00e9e ce 17 novembre 2025.<\/p>\n<p>Donc, en l\u2019\u00e9tat\u00a0; \u00e0 savoir en attente de pouvoir vous fournir la preuve formelle, incontestable, que le tribunal correctionnel de Paris a bien \u00e9t\u00e9 saisi, et correctement saisi de cette citation directe\u00a0; prudence journalistique de mise et respect de la d\u00e9ontologie oblige, je laisse cette info en annexe.<\/p>\n<\/div>\n<p><script async src=\"\/\/platform.twitter.com\/widgets.js\" charset=\"utf-8\"><\/script><script>(function(d, s, id) {  var js, fjs = d.getElementsByTagName(s)[0];  if (d.getElementById(id)) return;  js = d.createElement(s); js.id = id;  js.src = \"\/\/connect.facebook.net\/fr_FR\/sdk.js#xfbml=1&version=v2.3\";  fjs.parentNode.insertBefore(js, fjs);}(document, \"script\", \"facebook-jssdk\"));<\/script><br \/>\n<br \/><br \/>\n<br \/><a href=\"https:\/\/www.francesoir.fr\/opinions-editos\/nicolas-sarkozy-le-gendre-ideal\" target=\"_blank\"\">Source link <\/a><\/p>\n","protected":false},"excerpt":{"rendered":"<p>En 2007, la France s\u2019est laiss\u00e9 s\u00e9duire par l\u2019arch\u00e9type politique du gendre id\u00e9al\u00a0: l\u2019homme providentiel pour leur fille dont r\u00eavent toutes les m\u00e8res. Bronzage permanent, sourire carnassier, montre qui brille,&hellip; <\/p>\n","protected":false},"author":1,"featured_media":19973,"comment_status":"open","ping_status":"open","sticky":false,"template":"","format":"standard","meta":{"footnotes":""},"categories":[1],"tags":[],"class_list":["post-19972","post","type-post","status-publish","format-standard","has-post-thumbnail","hentry","category-non-classe"],"_links":{"self":[{"href":"https:\/\/monde25.info\/index.php\/wp-json\/wp\/v2\/posts\/19972","targetHints":{"allow":["GET"]}}],"collection":[{"href":"https:\/\/monde25.info\/index.php\/wp-json\/wp\/v2\/posts"}],"about":[{"href":"https:\/\/monde25.info\/index.php\/wp-json\/wp\/v2\/types\/post"}],"author":[{"embeddable":true,"href":"https:\/\/monde25.info\/index.php\/wp-json\/wp\/v2\/users\/1"}],"replies":[{"embeddable":true,"href":"https:\/\/monde25.info\/index.php\/wp-json\/wp\/v2\/comments?post=19972"}],"version-history":[{"count":0,"href":"https:\/\/monde25.info\/index.php\/wp-json\/wp\/v2\/posts\/19972\/revisions"}],"wp:featuredmedia":[{"embeddable":true,"href":"https:\/\/monde25.info\/index.php\/wp-json\/wp\/v2\/media\/19973"}],"wp:attachment":[{"href":"https:\/\/monde25.info\/index.php\/wp-json\/wp\/v2\/media?parent=19972"}],"wp:term":[{"taxonomy":"category","embeddable":true,"href":"https:\/\/monde25.info\/index.php\/wp-json\/wp\/v2\/categories?post=19972"},{"taxonomy":"post_tag","embeddable":true,"href":"https:\/\/monde25.info\/index.php\/wp-json\/wp\/v2\/tags?post=19972"}],"curies":[{"name":"wp","href":"https:\/\/api.w.org\/{rel}","templated":true}]}}