{"id":19980,"date":"2025-11-25T18:18:25","date_gmt":"2025-11-25T17:18:25","guid":{"rendered":"https:\/\/monde25.info\/index.php\/2025\/11\/25\/journalistes-intimides-a-basf-pourquoi-nous-continuerons-de-couvrir-les-luttes\/"},"modified":"2025-11-25T18:18:25","modified_gmt":"2025-11-25T17:18:25","slug":"journalistes-intimides-a-basf-pourquoi-nous-continuerons-de-couvrir-les-luttes","status":"publish","type":"post","link":"https:\/\/monde25.info\/index.php\/2025\/11\/25\/journalistes-intimides-a-basf-pourquoi-nous-continuerons-de-couvrir-les-luttes\/","title":{"rendered":"Journalistes intimid\u00e9s \u00e0 BASF\u00a0: pourquoi nous continuerons de couvrir les luttes"},"content":{"rendered":"<p> <br \/>\n<br \/><img loading=\"lazy\" decoding=\"async\" src=\"https:\/\/reporterre.net\/local\/cache-vignettes\/L700xH467\/sirvins_basf_1b-d358a.jpg?1764084729\" class=\"spip_logo\" width=\"700\" height=\"467\" alt=\"\" \/><\/p>\n<p>Deux journalistes de Reporterre ont \u00e9t\u00e9 violent\u00e9s par la police alors qu&rsquo;ils suivaient une action de d\u00e9sob\u00e9issance civile. Pouvoir suivre les militants, y compris lorsqu&rsquo;ils sortent de la l\u00e9galit\u00e9, est pourtant essentiel \u00e0 l&rsquo;information. <br class=\"autobr\" \/> Jusqu&rsquo;o\u00f9 aller pour informer<small class=\"fine d-inline\">\u00a0<\/small>? Faut-il franchir les barri\u00e8res d&rsquo;une usine qui produit des pesticides<small class=\"fine d-inline\">\u00a0<\/small>? Accompagner les militantes et militants qui traquent la fabrication de substances interdites en Europe<small class=\"fine d-inline\">\u00a0<\/small>? Chez Reporterre, nous sommes souvent confront\u00e9s\u00a0(\u2026)<\/p>\n<p>                    <a target=\"_blank\" href=\"https:\/\/reporterre.net\/Journalistes-intimides-a-BASF-pourquoi-nous-continuerons-de-couvrir-les-luttes?utm_source=RSS&amp;utm_medium=RSS\">Lire la suite<\/a><\/p>\n<p>                    &#8211;<br \/>\n                        <a target=\"_blank\" href=\"https:\/\/reporterre.net\/Edito\" rel=\"directory\">\u00c9dito<\/a><\/p>\n<p>                    \/<br \/>\n                        <a target=\"_blank\" href=\"https:\/\/reporterre.net\/Libertes-46\" rel=\"tag\">Libert\u00e9s<\/a><br \/>\n                    ,<br \/>\n                        <a target=\"_blank\" href=\"https:\/\/reporterre.net\/Vie-de-Reporterre\" rel=\"tag\">Vie de Reporterre<\/a><br \/>\n                    ,<br \/>\n                        <a target=\"_blank\" href=\"https:\/\/reporterre.net\/Medias\" rel=\"tag\">M\u00e9dias<\/a><br \/>\n<br \/><br \/>\n<br \/><a href=\"https:\/\/reporterre.net\/Journalistes-intimides-a-BASF-pourquoi-nous-continuerons-de-couvrir-les-luttes\" target=\"_blank\"\">Source link <\/a><\/p>\n","protected":false},"excerpt":{"rendered":"<p>Deux journalistes de Reporterre ont \u00e9t\u00e9 violent\u00e9s par la police alors qu&rsquo;ils suivaient une action de d\u00e9sob\u00e9issance civile. Pouvoir suivre les militants, y compris lorsqu&rsquo;ils sortent de la l\u00e9galit\u00e9, est&hellip; <\/p>\n","protected":false},"author":1,"featured_media":0,"comment_status":"open","ping_status":"open","sticky":false,"template":"","format":"standard","meta":{"footnotes":""},"categories":[1],"tags":[],"class_list":["post-19980","post","type-post","status-publish","format-standard","hentry","category-non-classe"],"_links":{"self":[{"href":"https:\/\/monde25.info\/index.php\/wp-json\/wp\/v2\/posts\/19980","targetHints":{"allow":["GET"]}}],"collection":[{"href":"https:\/\/monde25.info\/index.php\/wp-json\/wp\/v2\/posts"}],"about":[{"href":"https:\/\/monde25.info\/index.php\/wp-json\/wp\/v2\/types\/post"}],"author":[{"embeddable":true,"href":"https:\/\/monde25.info\/index.php\/wp-json\/wp\/v2\/users\/1"}],"replies":[{"embeddable":true,"href":"https:\/\/monde25.info\/index.php\/wp-json\/wp\/v2\/comments?post=19980"}],"version-history":[{"count":0,"href":"https:\/\/monde25.info\/index.php\/wp-json\/wp\/v2\/posts\/19980\/revisions"}],"wp:attachment":[{"href":"https:\/\/monde25.info\/index.php\/wp-json\/wp\/v2\/media?parent=19980"}],"wp:term":[{"taxonomy":"category","embeddable":true,"href":"https:\/\/monde25.info\/index.php\/wp-json\/wp\/v2\/categories?post=19980"},{"taxonomy":"post_tag","embeddable":true,"href":"https:\/\/monde25.info\/index.php\/wp-json\/wp\/v2\/tags?post=19980"}],"curies":[{"name":"wp","href":"https:\/\/api.w.org\/{rel}","templated":true}]}}