{"id":19987,"date":"2025-11-25T20:30:48","date_gmt":"2025-11-25T19:30:48","guid":{"rendered":"https:\/\/monde25.info\/index.php\/2025\/11\/25\/laurent-wauquiez-entend-faire-interdire-le-port-du-voile-aux-mineures-dans-lespace-public-rt-en-francais\/"},"modified":"2025-11-25T20:30:48","modified_gmt":"2025-11-25T19:30:48","slug":"laurent-wauquiez-entend-faire-interdire-le-port-du-voile-aux-mineures-dans-lespace-public-rt-en-francais","status":"publish","type":"post","link":"https:\/\/monde25.info\/index.php\/2025\/11\/25\/laurent-wauquiez-entend-faire-interdire-le-port-du-voile-aux-mineures-dans-lespace-public-rt-en-francais\/","title":{"rendered":"Laurent Wauquiez entend faire interdire le port du voile aux mineures dans l\u2019espace public \u2014 RT en fran\u00e7ais"},"content":{"rendered":"<p> <br \/>\n<br \/><img decoding=\"async\" src=\"https:\/\/mf.b37mrtl.ru\/french\/images\/2025.11\/thumbnail\/692600846f7ccc69ec2140e4.jpg\" \/><\/p>\n<div>\n<p class=\"text__summary\">\n                                        Le patron des d\u00e9put\u00e9s r\u00e9publicains a d\u00e9pos\u00e9 une proposition de loi \u00e0 l\u2019Assembl\u00e9e nationale visant \u00e0 modifier la loi du 11 octobre 2010 qui interdit en France la dissimulation du visage dans l\u2019espace public.\n                                    <\/p>\n<p>Le pr\u00e9sident du groupe Droite r\u00e9publicaine \u00e0 l&rsquo;Assembl\u00e9e nationale, Laurent Wauquiez, a d\u00e9pos\u00e9 le 24 novembre une proposition de loi visant \u00e0 interdire le port du voile dans l\u2019espace public pour les mineures. Le texte, s\u2019il \u00e9tait adopt\u00e9, punirait les parents qui contraignent ou autorisent leurs filles \u00e0 dissimuler leur chevelure.<\/p>\n<p>Selon l\u2019article unique de ce texte l\u00e9gislatif, qui vise \u00e0 compl\u00e9ter la loi du 11 octobre 2010, qui interdit la dissimulation du visage dans l&rsquo;espace public, le d\u00e9put\u00e9 de la Haute-Loire entend faire interdire \u00ab \u00e0 tout parent d\u2019imposer \u00e0 sa fille mineure ou de l\u2019autoriser \u00e0 porter, dans l\u2019espace public, une tenue destin\u00e9e \u00e0 dissimuler sa chevelure \u00bb.<\/p>\n<p>\u00ab\u00a0Pour moi, c&rsquo;est clair : en France, des enfants, des jeunes filles ne doivent pas porter le voile et, si on ne fait rien, c&rsquo;est ce qui va arriver\u00a0\u00bb, <a target=\"_blank\" href=\"https:\/\/www.dailymotion.com\/video\/x9ucpyy\">a averti<\/a> le jour m\u00eame sur CNews Laurent Wauquiez, renvoyant \u00e0 <a target=\"_blank\" href=\"https:\/\/www.datapressepremium.com\/rmdiff\/2010052\/Rapport7.pdf\">un sondage<\/a> de l\u2019Ifop sur l\u2019islam en France qui \u00ab\u00a0montre tr\u00e8s clairement le travail de l\u2019islamisme sur les adolescentes\u00a0\u00bb.<\/p>\n<p>Une \u00e9tude d\u2019opinion, pour la revue <em>\u00c9cran<\/em>\u00a0<em>de veille<\/em>, qui a fait l\u2019effet d\u2019une bombe dans la classe politique fran\u00e7aise, selon laquelle, notamment, 42 % des jeunes musulmans \u00e2g\u00e9s de 15-24 ans \u00e9prouvent de la sympathie pour les mouvements islamistes et que 57 % estiment que la charia doit primer sur les lois de la R\u00e9publique.<\/p>\n<p>Une partie de la presse fran\u00e7aise a soulign\u00e9 que Gabriel Attal avait \u00e9mis une proposition similaire en mai, visant \u00e0 interdire le voile aux moins de 15 ans et de cr\u00e9er un \u00ab\u00a0d\u00e9lit de contrainte au port du voile\u00a0\u00bb, sans jamais d\u00e9poser de texte. D\u2019autres m\u00e9dias ont rappel\u00e9 qu\u2019en avril le ton \u00e9tait \u00ab\u00a0<a target=\"_blank\" href=\"https:\/\/www.leparisien.fr\/politique\/voile-dans-le-sport-zfe-comment-laurent-wauquiez-met-la-pression-sur-francois-bayrou-01-04-2025-PG7QJBUF6JBJNM64YAMGZZSEF4.php\">singuli\u00e8rement mont\u00e9<\/a>\u00a0\u00bb entre le chef de file des R\u00e9publicains \u00e0 l\u2019Assembl\u00e9e et le Premier ministre d\u2019alors Fran\u00e7ois Bayrou \u00e0 l\u2019occasion d\u2019un petit-d\u00e9jeuner avec les cadres du bloc commun. Dans les titres politiquement marqu\u00e9s \u00e0 gauche, la potentielle non conformit\u00e9 constitutionnelle\u00a0du texte a \u00e9t\u00e9 longuement \u00e9voqu\u00e9e.<\/p>\n<\/div>\n<p><br \/>\n<br \/><a href=\"https:\/\/francais.rt.com\/france\/127710-france-laurent-wauquiez-interdire-voile\" target=\"_blank\"\">Source link <\/a><\/p>\n","protected":false},"excerpt":{"rendered":"<p>Le patron des d\u00e9put\u00e9s r\u00e9publicains a d\u00e9pos\u00e9 une proposition de loi \u00e0 l\u2019Assembl\u00e9e nationale visant \u00e0 modifier la loi du 11 octobre 2010 qui interdit en France la dissimulation du&hellip; <\/p>\n","protected":false},"author":1,"featured_media":19988,"comment_status":"open","ping_status":"open","sticky":false,"template":"","format":"standard","meta":{"footnotes":""},"categories":[1],"tags":[],"class_list":["post-19987","post","type-post","status-publish","format-standard","has-post-thumbnail","hentry","category-non-classe"],"_links":{"self":[{"href":"https:\/\/monde25.info\/index.php\/wp-json\/wp\/v2\/posts\/19987","targetHints":{"allow":["GET"]}}],"collection":[{"href":"https:\/\/monde25.info\/index.php\/wp-json\/wp\/v2\/posts"}],"about":[{"href":"https:\/\/monde25.info\/index.php\/wp-json\/wp\/v2\/types\/post"}],"author":[{"embeddable":true,"href":"https:\/\/monde25.info\/index.php\/wp-json\/wp\/v2\/users\/1"}],"replies":[{"embeddable":true,"href":"https:\/\/monde25.info\/index.php\/wp-json\/wp\/v2\/comments?post=19987"}],"version-history":[{"count":0,"href":"https:\/\/monde25.info\/index.php\/wp-json\/wp\/v2\/posts\/19987\/revisions"}],"wp:featuredmedia":[{"embeddable":true,"href":"https:\/\/monde25.info\/index.php\/wp-json\/wp\/v2\/media\/19988"}],"wp:attachment":[{"href":"https:\/\/monde25.info\/index.php\/wp-json\/wp\/v2\/media?parent=19987"}],"wp:term":[{"taxonomy":"category","embeddable":true,"href":"https:\/\/monde25.info\/index.php\/wp-json\/wp\/v2\/categories?post=19987"},{"taxonomy":"post_tag","embeddable":true,"href":"https:\/\/monde25.info\/index.php\/wp-json\/wp\/v2\/tags?post=19987"}],"curies":[{"name":"wp","href":"https:\/\/api.w.org\/{rel}","templated":true}]}}