{"id":19996,"date":"2025-11-26T01:27:39","date_gmt":"2025-11-26T00:27:39","guid":{"rendered":"https:\/\/monde25.info\/index.php\/2025\/11\/26\/une-magistrate-alerte-sur-laugmentation-tres-significative-des-denonciations-pour-violences-sexuelles-dans-les-maternelles-rt-en-francais\/"},"modified":"2025-11-26T01:27:39","modified_gmt":"2025-11-26T00:27:39","slug":"une-magistrate-alerte-sur-laugmentation-tres-significative-des-denonciations-pour-violences-sexuelles-dans-les-maternelles-rt-en-francais","status":"publish","type":"post","link":"https:\/\/monde25.info\/index.php\/2025\/11\/26\/une-magistrate-alerte-sur-laugmentation-tres-significative-des-denonciations-pour-violences-sexuelles-dans-les-maternelles-rt-en-francais\/","title":{"rendered":"une magistrate alerte sur l\u2019augmentation \u00abtr\u00e8s significative\u00bb des d\u00e9nonciations pour violences sexuelles dans les maternelles \u2014 RT en fran\u00e7ais"},"content":{"rendered":"<p> <br \/>\n<br \/><img decoding=\"async\" src=\"https:\/\/mf.b37mrtl.ru\/french\/images\/2025.11\/thumbnail\/69260b7187f3ec34d14cf2e1.jpg\" \/><\/p>\n<div>\n<p class=\"text__summary\">\n                                        Lors d\u2019un entretien accord\u00e9 \u00e0 un quotidien fran\u00e7ais, la chef du parquet des mineurs de Paris a alert\u00e9 sur une recrudescence des signalements pour violences sexuelles dans les maternelles parisiennes. Un ph\u00e9nom\u00e8ne qui, selon la magistrate, tiendrait davantage \u00e0 la \u00absensibilit\u00e9\u00bb des parents.\n                                    <\/p>\n<p>\u00ab\u00a0Il s\u2019agit d\u2019une augmentation tr\u00e8s significative, sur laquelle nous sommes particuli\u00e8rement mobilis\u00e9s\u00a0\u00bb. Dans <a target=\"_blank\" href=\"https:\/\/www.liberation.fr\/societe\/police-justice\/deja-15-enquetes-judiciaires-ouvertes-en-2025-pour-violences-sexuelles-dans-les-maternelles-parisiennes-une-augmentation-tres-significative-20251122_P6TPXSWMKRDPVCZYADBFCM7FLI\/\">un entretien<\/a> accord\u00e9 au quotidien <em>Lib\u00e9ration<\/em> et publi\u00e9 le 22 novembre, la chef du parquet des mineurs de Paris, Lisa-Lou Wipf, a \u00e9voqu\u00e9 la hausse des signalements en France concernant des violences sexuelles\u2026 dans les \u00e9coles maternelles.<\/p>\n<p>Des d\u00e9nonciations qui, en 2025, ont d\u00e9bouch\u00e9 sur l\u2019ouverture de 15 proc\u00e9dures judiciaires \u00e0 Paris, qui \u00ab\u00a0concernent quasi exclusivement des animateurs p\u00e9riscolaires, et non des enseignants\u00a0\u00bb, a pr\u00e9cis\u00e9 la magistrate. Cette derni\u00e8re a mis l\u2019accent sur le fait que cette \u00ab augmentation tr\u00e8s nette \u00e9tait sp\u00e9cifiquement parisienne \u00bb et \u00e9voqu\u00e9 la piste d\u2019une \u00ab sensibilit\u00e9 qui vient des adultes \u00bb dans la capitale.<\/p>\n<p>\u00ab\u00a0Le regard des parents est plus aff\u00fbt\u00e9, et sans doute plus suspicieux que par le pass\u00e9\u00a0\u00bb, a-t-elle ajout\u00e9, \u00ab\u00a0il peut aussi y avoir, dans certains cas, des effets d\u2019entra\u00eenement, une forme d\u2019inqui\u00e9tude contagieuse, qui n\u2019est heureusement pas toujours fond\u00e9e\u00a0\u00bb.<\/p>\n<h3>Violences sexuelles\u00a0: au moins 160\u00a0000 enfants victimes chaque ann\u00e9e en France<\/h3>\n<p>Un entretien qui survient, a rappel\u00e9 le quotidien, alors que s\u2019ouvrait ce 25 novembre \u00e0 Paris le proc\u00e8s d\u2019un animateur p\u00e9riscolaire de l\u2019\u00e9cole Bullourde, dans le 11e arrondissement. Un \u00e9tablissement dont, <a target=\"_blank\" href=\"https:\/\/france3-regions.franceinfo.fr\/paris-ile-de-france\/paris\/agression-sexuelle-exhibition-trois-animateurs-d-ecole-maternelle-suspendus-a-paris-apres-des-soupcons-de-faits-a-caractere-sexuel-3234806.html\">avait indiqu\u00e9<\/a> mi-octobre la mairie de Paris, trois animateurs ont \u00e9t\u00e9 suspendus depuis la rentr\u00e9e scolaire \u00e0 la suite de soup\u00e7ons pour \u2013 respectivement \u2013 \u00ab\u00a0faits \u00e0 caract\u00e8re sexuel\u00a0\u00bb, \u00ab\u00a0d\u2019exhibition\u00a0\u00bb et \u00ab\u00a0faits d\u2019agression sexuelle\u00a0\u00bb.<\/p>\n<p>En 2025, \u00ab\u00a030 animateurs ont \u00e9t\u00e9 suspendus, dont 16 pour des suspicions de faits \u00e0 caract\u00e8re sexuel\u00a0\u00bb, a rapport\u00e9 de son c\u00f4t\u00e9 France info le 24 novembre, citant la mairie de Paris. Et de rappeler que cette derni\u00e8re venait d\u2019annoncer un plan de lutte contre les violences sexistes et sexuelles faites aux enfants dans les \u00e9coles.<\/p>\n<p>Les violences sexuelles \u00e0 l\u2019encontre des mineurs constituent un fl\u00e9au en France o\u00f9, depuis quelques ann\u00e9es, les langues commencent \u00e0 se d\u00e9lier. D\u2019apr\u00e8s des chiffres de la Commission ind\u00e9pendante sur l&rsquo;inceste et les violences sexuelles faites aux enfants (CIIVISE) <a target=\"_blank\" href=\"https:\/\/enfance.gouv.fr\/sites\/enfance\/files\/2023-09\/DP%20Violences%20sexuelles%20faites%20aux%20enfants%20VDEF.pdf\">repris<\/a> par le gouvernement fran\u00e7ais, \u00ab\u00a0au moins 160\u00a0000 enfants subissent des violences sexuelles chaque ann\u00e9e \u00bb dans le pays.<\/p>\n<\/div>\n<p><br \/>\n<br \/><a href=\"https:\/\/francais.rt.com\/france\/127711-france-magistrate-alerte-augmentation-violences\" target=\"_blank\"\">Source link <\/a><\/p>\n","protected":false},"excerpt":{"rendered":"<p>Lors d\u2019un entretien accord\u00e9 \u00e0 un quotidien fran\u00e7ais, la chef du parquet des mineurs de Paris a alert\u00e9 sur une recrudescence des signalements pour violences sexuelles dans les maternelles parisiennes.&hellip; <\/p>\n","protected":false},"author":1,"featured_media":19997,"comment_status":"open","ping_status":"open","sticky":false,"template":"","format":"standard","meta":{"footnotes":""},"categories":[1],"tags":[],"class_list":["post-19996","post","type-post","status-publish","format-standard","has-post-thumbnail","hentry","category-non-classe"],"_links":{"self":[{"href":"https:\/\/monde25.info\/index.php\/wp-json\/wp\/v2\/posts\/19996","targetHints":{"allow":["GET"]}}],"collection":[{"href":"https:\/\/monde25.info\/index.php\/wp-json\/wp\/v2\/posts"}],"about":[{"href":"https:\/\/monde25.info\/index.php\/wp-json\/wp\/v2\/types\/post"}],"author":[{"embeddable":true,"href":"https:\/\/monde25.info\/index.php\/wp-json\/wp\/v2\/users\/1"}],"replies":[{"embeddable":true,"href":"https:\/\/monde25.info\/index.php\/wp-json\/wp\/v2\/comments?post=19996"}],"version-history":[{"count":0,"href":"https:\/\/monde25.info\/index.php\/wp-json\/wp\/v2\/posts\/19996\/revisions"}],"wp:featuredmedia":[{"embeddable":true,"href":"https:\/\/monde25.info\/index.php\/wp-json\/wp\/v2\/media\/19997"}],"wp:attachment":[{"href":"https:\/\/monde25.info\/index.php\/wp-json\/wp\/v2\/media?parent=19996"}],"wp:term":[{"taxonomy":"category","embeddable":true,"href":"https:\/\/monde25.info\/index.php\/wp-json\/wp\/v2\/categories?post=19996"},{"taxonomy":"post_tag","embeddable":true,"href":"https:\/\/monde25.info\/index.php\/wp-json\/wp\/v2\/tags?post=19996"}],"curies":[{"name":"wp","href":"https:\/\/api.w.org\/{rel}","templated":true}]}}