{"id":19998,"date":"2025-11-26T04:12:55","date_gmt":"2025-11-26T03:12:55","guid":{"rendered":"https:\/\/monde25.info\/index.php\/2025\/11\/26\/jets-prives-flotte-luxueuse-une-avalanche-davions-a-pollue-la-cop30\/"},"modified":"2025-11-26T04:12:55","modified_gmt":"2025-11-26T03:12:55","slug":"jets-prives-flotte-luxueuse-une-avalanche-davions-a-pollue-la-cop30","status":"publish","type":"post","link":"https:\/\/monde25.info\/index.php\/2025\/11\/26\/jets-prives-flotte-luxueuse-une-avalanche-davions-a-pollue-la-cop30\/","title":{"rendered":"Jets priv\u00e9s, flotte luxueuse\u00a0: une avalanche d&#039;avions a pollu\u00e9 la COP30"},"content":{"rendered":"<p> <br \/>\n<br \/><img loading=\"lazy\" decoding=\"async\" src=\"https:\/\/reporterre.net\/local\/cache-vignettes\/L700xH467\/collage_-_format_site_web_1_1_-2279e.jpg?1764081029\" class=\"spip_logo\" width=\"700\" height=\"467\" alt=\"\" \/><\/p>\n<p>Selon une enqu\u00eate de Reporterre et du collectif M\u00e9moire vive, 297 vols en jets priv\u00e9s et avions d&rsquo;\u00c9tat ont \u00e9t\u00e9 r\u00e9alis\u00e9s \u00e0 destination de l&rsquo;a\u00e9roport de Bel\u00e9m, \u00e0 l&rsquo;occasion de la <span class=\"caps\">COP30<\/span>. Un bond de 60<small class=\"fine d-inline\">\u00a0<\/small>% par rapport \u00e0 l&rsquo;an dernier. <br class=\"autobr\" \/> Trois coups de marteau, et on remballe. Le 22\u00a0novembre, la 30<sup class=\"typo_exposants\">e<\/sup> \u00e9dition des conf\u00e9rences onusiennes sur le climat a pris fin dans une totale confusion, devenue coutumi\u00e8re de ces grands raouts. \u00c0 l&rsquo;heure d&rsquo;\u00e9tablir le compte rendu de cette quinzaine pr\u00e9domine le go\u00fbt\u00a0(\u2026)<\/p>\n<p>                    <a target=\"_blank\" href=\"https:\/\/reporterre.net\/Jets-prives-flotte-luxueuse-une-avalanche-d-avions-a-pollue-la-COP30?utm_source=RSS&amp;utm_medium=RSS\">Lire la suite<\/a><\/p>\n<p>                    &#8211;<br \/>\n                        <a target=\"_blank\" href=\"https:\/\/reporterre.net\/Enquete\" rel=\"directory\">Enqu\u00eate<\/a><\/p>\n<p>                    \/<br \/>\n                        <a target=\"_blank\" href=\"https:\/\/reporterre.net\/COP30\" rel=\"tag\"><span class=\"caps\">COP30<\/span><\/a><br \/>\n<br \/><br \/>\n<br \/><a href=\"https:\/\/reporterre.net\/Jets-prives-flotte-luxueuse-une-avalanche-d-avions-a-pollue-la-COP30\" target=\"_blank\"\">Source link <\/a><\/p>\n","protected":false},"excerpt":{"rendered":"<p>Selon une enqu\u00eate de Reporterre et du collectif M\u00e9moire vive, 297 vols en jets priv\u00e9s et avions d&rsquo;\u00c9tat ont \u00e9t\u00e9 r\u00e9alis\u00e9s \u00e0 destination de l&rsquo;a\u00e9roport de Bel\u00e9m, \u00e0 l&rsquo;occasion de&hellip; <\/p>\n","protected":false},"author":1,"featured_media":0,"comment_status":"open","ping_status":"open","sticky":false,"template":"","format":"standard","meta":{"footnotes":""},"categories":[1],"tags":[],"class_list":["post-19998","post","type-post","status-publish","format-standard","hentry","category-non-classe"],"_links":{"self":[{"href":"https:\/\/monde25.info\/index.php\/wp-json\/wp\/v2\/posts\/19998","targetHints":{"allow":["GET"]}}],"collection":[{"href":"https:\/\/monde25.info\/index.php\/wp-json\/wp\/v2\/posts"}],"about":[{"href":"https:\/\/monde25.info\/index.php\/wp-json\/wp\/v2\/types\/post"}],"author":[{"embeddable":true,"href":"https:\/\/monde25.info\/index.php\/wp-json\/wp\/v2\/users\/1"}],"replies":[{"embeddable":true,"href":"https:\/\/monde25.info\/index.php\/wp-json\/wp\/v2\/comments?post=19998"}],"version-history":[{"count":0,"href":"https:\/\/monde25.info\/index.php\/wp-json\/wp\/v2\/posts\/19998\/revisions"}],"wp:attachment":[{"href":"https:\/\/monde25.info\/index.php\/wp-json\/wp\/v2\/media?parent=19998"}],"wp:term":[{"taxonomy":"category","embeddable":true,"href":"https:\/\/monde25.info\/index.php\/wp-json\/wp\/v2\/categories?post=19998"},{"taxonomy":"post_tag","embeddable":true,"href":"https:\/\/monde25.info\/index.php\/wp-json\/wp\/v2\/tags?post=19998"}],"curies":[{"name":"wp","href":"https:\/\/api.w.org\/{rel}","templated":true}]}}