{"id":20005,"date":"2025-11-26T06:24:35","date_gmt":"2025-11-26T05:24:35","guid":{"rendered":"https:\/\/monde25.info\/index.php\/2025\/11\/26\/le-nombre-de-victimes-en-baisse-dans-le-monde-mais-en-forte-hausse-en-france-rt-en-francais\/"},"modified":"2025-11-26T06:24:35","modified_gmt":"2025-11-26T05:24:35","slug":"le-nombre-de-victimes-en-baisse-dans-le-monde-mais-en-forte-hausse-en-france-rt-en-francais","status":"publish","type":"post","link":"https:\/\/monde25.info\/index.php\/2025\/11\/26\/le-nombre-de-victimes-en-baisse-dans-le-monde-mais-en-forte-hausse-en-france-rt-en-francais\/","title":{"rendered":"le nombre de victimes en baisse dans le monde, mais en forte hausse en France \u2014 RT en fran\u00e7ais"},"content":{"rendered":"<p> <br \/>\n<br \/><img decoding=\"async\" src=\"https:\/\/mf.b37mrtl.ru\/french\/images\/2025.11\/thumbnail\/6925e94e87f3ec345a70c051.jpg\" \/><\/p>\n<div>\n<p class=\"text__summary\">\n                                        Ce 25 novembre marque la Journ\u00e9e internationale pour l&rsquo;\u00e9limination des violences \u00e0 l&rsquo;\u00e9gard des femmes. 152 d\u2019entre elles ont \u00e9t\u00e9 tu\u00e9es en France en 2025, par un conjoint ou un membre de leur famille, un chiffre en nette hausse sur moins d\u2019un an. Les Nations unies regrettent l\u2019absence de \u00abv\u00e9ritable progr\u00e8s\u00bb dans la lutte contre ce fl\u00e9au.\n                                    <\/p>\n<p>\u00ab\u00a0Prot\u00e9ger, reloger, reconstruire\u00a0\u00bb. Ce 25 novembre, sur le plateau de BFMTV-RMC, le ministre fran\u00e7ais en charge du logement, Vincent Jeanbrun, a d\u00e9taill\u00e9 la nouvelle circulaire adress\u00e9e aux pr\u00e9fets qui vise \u00e0 faciliter l&rsquo;h\u00e9bergement des femmes victimes de violences.<\/p>\n<p>\u00ab\u00a0Il y a une urgence absolue\u00a0\u00bb, a-t-il estim\u00e9, \u00e9voquant une \u00ab\u00a0semaine noire\u00a0\u00bb avec le meurtre de cinq femmes \u00ab\u00a0rien que la semaine derni\u00e8re\u00a0\u00bb et pr\u00e9cisant que la fameuse circulaire \u00ab\u00a0part aujourd\u2019hui\u00a0\u00bb. Une annonce faite \u00e0 l\u2019occasion de la Journ\u00e9e internationale pour l\u2019\u00e9limination des violences \u00e0 l\u2019\u00e9gard des femmes.<\/p>\n<p>152 femmes tu\u00e9es en France depuis le d\u00e9but de l\u2019ann\u00e9e, \u00ab\u00a0c\u2019est d\u00e9j\u00e0 \u00e9norm\u00e9ment plus que l\u2019ann\u00e9e derni\u00e8re\u00a0\u00bb, a alert\u00e9 M\u00e9lanie Bertrand, grand reporter Police-justice de BFMTV. \u00ab\u00a0On en \u00e9tait en 2024 \u00e0 107 femmes tu\u00e9es\u00a0\u00bb, a-t-elle pr\u00e9cis\u00e9 en soulignant que ce macabre bilan \u00e9tait d\u00e9j\u00e0 en hausse de 11% par rapport \u00e0 2023. \u00ab\u00a0C\u2019est une femme, tous les trois jours, qui meurt sous les coups de son conjoint ou de son ex-conjoint\u00a0\u00bb, a vulgaris\u00e9 la journaliste.<\/p>\n<h3>ONU : 50 000 femmes \u00ab tu\u00e9es dans la sph\u00e8re priv\u00e9e \u00bb en 2024<\/h3>\n<p>Un chiffre qui dans le monde monte \u00e0 137, par jour, soit une toutes les dix minutes, d\u2019apr\u00e8s <a target=\"_blank\" href=\"https:\/\/www.unwomen.org\/en\/digital-library\/publications\/2025\/11\/femicides-in-2024-global-estimates-of-intimate-partner-family-member-femicides\" target=\"_blank\" rel=\"noopener noreferrer\">un rapport<\/a>\u00a0d&rsquo;ONU Femmes et de l&rsquo;Office des Nations unies contre la drogue et le crime\u00a0publi\u00e9\u00a0\u00e0 l&rsquo;occasion de cette journ\u00e9e internationale. Si le chiffre total des victimes estim\u00e9es est en baisse par rapport \u00e0 2023 (o\u00f9 le nombre de f\u00e9minicides \u00e9tait estim\u00e9 \u00e0 51 100), ses auteurs regrettent le manque de \u00ab\u00a0v\u00e9ritable progr\u00e8s\u00a0\u00bb effectu\u00e9 dans la lutte contre ces violences qui auraient cout\u00e9 la vie \u00e0 50 000 femmes et filles en 2024, \u00ab\u00a0tu\u00e9es dans la sph\u00e8re priv\u00e9e\u00a0\u00bb.<\/p>\n<p>Ce rapport attribue un carton rouge \u00e0 l&rsquo;Afrique qui, malgr\u00e9\u00a0une \u00ab\u00a0certaine incertitude en raison du manque de donn\u00e9es disponibles dans la r\u00e9gion\u00a0[&#8230;] continue d\u2019enregistrer le plus grand nombre de victimes de f\u00e9minicides commis par un partenaire intime ou un membre de la famille, compte tenu de sa population f\u00e9minine\u00a0\u00bb. Selon cette m\u00eame source, ce sont ainsi 22\u00a0600 femmes et filles qui ont \u00e9t\u00e9 tu\u00e9s par un conjoint ou un membre de la famille, en Afrique\u00a0l&rsquo;ann\u00e9e derni\u00e8re.<\/p>\n<p>Particularit\u00e9 de l\u2019ann\u00e9e 2024 en France, selon M\u00e9lanie Bertrand, \u00ab\u00a0on constate un pic chez les seniors, chez les plus de 70 ans \u00bb. La journaliste de la cha\u00eene priv\u00e9e a \u00e9galement \u00e9voqu\u00e9\u00a0le rapport de deux magistrats, remis ce 25 novembre au\u00a0Garde des sceaux\u00a0G\u00e9rald Darmanin, qui propose de renforcer la lutte contre les violences conjugales et intrafamiliales via la mise en place\u00a0d&rsquo;un \u00ab\u00a0juge des VIF [violences intrafamiliales, ndlr.]\u00bb dans les tribunaux, ainsi que de mieux prendre en compte les enfants, 390 000 d\u2019entre eux ayant possiblement \u00e9t\u00e9 victime de violences au sein de leur foyer en 2024.<\/p>\n<\/div>\n<p><br \/>\n<br \/><a href=\"https:\/\/francais.rt.com\/international\/127705-feminicides-nombre-victimes-monde-france\" target=\"_blank\"\">Source link <\/a><\/p>\n","protected":false},"excerpt":{"rendered":"<p>Ce 25 novembre marque la Journ\u00e9e internationale pour l&rsquo;\u00e9limination des violences \u00e0 l&rsquo;\u00e9gard des femmes. 152 d\u2019entre elles ont \u00e9t\u00e9 tu\u00e9es en France en 2025, par un conjoint ou un&hellip; <\/p>\n","protected":false},"author":1,"featured_media":20006,"comment_status":"open","ping_status":"open","sticky":false,"template":"","format":"standard","meta":{"footnotes":""},"categories":[1],"tags":[],"class_list":["post-20005","post","type-post","status-publish","format-standard","has-post-thumbnail","hentry","category-non-classe"],"_links":{"self":[{"href":"https:\/\/monde25.info\/index.php\/wp-json\/wp\/v2\/posts\/20005","targetHints":{"allow":["GET"]}}],"collection":[{"href":"https:\/\/monde25.info\/index.php\/wp-json\/wp\/v2\/posts"}],"about":[{"href":"https:\/\/monde25.info\/index.php\/wp-json\/wp\/v2\/types\/post"}],"author":[{"embeddable":true,"href":"https:\/\/monde25.info\/index.php\/wp-json\/wp\/v2\/users\/1"}],"replies":[{"embeddable":true,"href":"https:\/\/monde25.info\/index.php\/wp-json\/wp\/v2\/comments?post=20005"}],"version-history":[{"count":0,"href":"https:\/\/monde25.info\/index.php\/wp-json\/wp\/v2\/posts\/20005\/revisions"}],"wp:featuredmedia":[{"embeddable":true,"href":"https:\/\/monde25.info\/index.php\/wp-json\/wp\/v2\/media\/20006"}],"wp:attachment":[{"href":"https:\/\/monde25.info\/index.php\/wp-json\/wp\/v2\/media?parent=20005"}],"wp:term":[{"taxonomy":"category","embeddable":true,"href":"https:\/\/monde25.info\/index.php\/wp-json\/wp\/v2\/categories?post=20005"},{"taxonomy":"post_tag","embeddable":true,"href":"https:\/\/monde25.info\/index.php\/wp-json\/wp\/v2\/tags?post=20005"}],"curies":[{"name":"wp","href":"https:\/\/api.w.org\/{rel}","templated":true}]}}