{"id":20012,"date":"2025-11-26T10:15:40","date_gmt":"2025-11-26T09:15:40","guid":{"rendered":"https:\/\/monde25.info\/index.php\/2025\/11\/26\/4-intox-climatiques-qui-ont-fait-le-buzz\/"},"modified":"2025-11-26T10:15:40","modified_gmt":"2025-11-26T09:15:40","slug":"4-intox-climatiques-qui-ont-fait-le-buzz","status":"publish","type":"post","link":"https:\/\/monde25.info\/index.php\/2025\/11\/26\/4-intox-climatiques-qui-ont-fait-le-buzz\/","title":{"rendered":"4 intox climatiques qui ont fait le buzz"},"content":{"rendered":"<p> <br \/>\n<\/p>\n<div>\n<h4><strong>\u00c0 chaque vague<\/strong><strong> de froid, les climatosceptiques y voient une nouvelle \u00ab preuve \u00bb que le climat ne change pas. Pourtant, ces \u00e9pisodes s\u2019inscrivent dans la perturbation globale du climat. <a target=\"_blank\" href=\"https:\/\/mrmondialisation.org\/information-desinformation\/\">Dans un contexte o\u00f9 fausses informations et rumeurs circulent plus vite que les donn\u00e9es scientifiques,<\/a> d\u00e9m\u00ealer le vrai du faux devient essentiel.\u00a0Debunk.<\/strong><br \/><span id=\"more-269215\"\/><\/h4>\n<p>Plus de six ans apr\u00e8s, on se rappelle de la s\u00e9quence lunaire du 6 mai 2019 <span class=\"yt-core-attributed-string yt-core-attributed-string--white-space-pre-wrap\" dir=\"auto\"><span class=\"yt-core-attributed-string--link-inherit-color\" dir=\"auto\">sur le plateau <\/span><\/span>\u00ab <span class=\"yt-core-attributed-string yt-core-attributed-string--white-space-pre-wrap\" dir=\"auto\"><span class=\"yt-core-attributed-string--link-inherit-color\" dir=\"auto\">L\u2019heure des pros <\/span><\/span>\u00bb <span class=\"yt-core-attributed-string yt-core-attributed-string--white-space-pre-wrap\" dir=\"auto\"><span class=\"yt-core-attributed-string--link-inherit-color\" dir=\"auto\">de Pascal Praud <\/span><\/span>o\u00f9 Claire Nouvian avait du faire face au sexisme et au climatoscepticisme. <strong>En 2025, on s\u2019attaque \u00e0 4 intox qui avaient \u00e0 l\u2019\u00e9poque fait le buzz et qui continuent aujourd\u2019hui d\u2019alimenter le scepticisme climatique.\u00a0<\/strong><\/p>\n<p><iframe loading=\"lazy\" title=\"Pascal Praud a rendu Claire Nouvian &quot;folle de rage&quot; par son attitude sur le climat\" width=\"1110\" height=\"624\" src=\"https:\/\/www.youtube.com\/embed\/WwdoMhtLzXs?feature=oembed\" frameborder=\"0\" allow=\"accelerometer; autoplay; clipboard-write; encrypted-media; gyroscope; picture-in-picture; web-share\" referrerpolicy=\"strict-origin-when-cross-origin\" allowfullscreen><\/iframe><\/p>\n<h2><strong>FAKE <\/strong><strong>#1 : <\/strong><em>\u00ab <strong>Les vagues de froid montrent que le climat ne change pas <\/strong><\/em><strong>\u00bb<\/strong><\/h2>\n<p>\u00c0 \u00e9couter les climatosceptiques, il suffirait de regarder par la fen\u00eatre pour se faire une id\u00e9e de l\u2019\u00e9tat du climat\u2026 Pourtant, <strong>les vagues de froid intensif sont \u00e9galement une cons\u00e9quence de la perturbation globale du climat.<\/strong><\/p>\n<figure id=\"attachment_353469\" aria-describedby=\"caption-attachment-353469\" style=\"width: 1300px\" class=\"wp-caption aligncenter\"><img fetchpriority=\"high\" decoding=\"async\" class=\"size-full wp-image-353469\" src=\"https:\/\/mrmondialisation.org\/wp-content\/uploads\/2019\/01\/a.jpg\" alt=\"\" width=\"1300\" height=\"367\" srcset=\"https:\/\/mrmondialisation.org\/wp-content\/uploads\/2019\/01\/a.jpg 1300w, https:\/\/mrmondialisation.org\/wp-content\/uploads\/2019\/01\/a-1024x289.jpg 1024w, https:\/\/mrmondialisation.org\/wp-content\/uploads\/2019\/01\/a-768x217.jpg 768w, https:\/\/mrmondialisation.org\/wp-content\/uploads\/2019\/01\/a-696x196.jpg 696w, https:\/\/mrmondialisation.org\/wp-content\/uploads\/2019\/01\/a-1068x302.jpg 1068w\" sizes=\"(max-width: 1300px) 100vw, 1300px\"\/><figcaption id=\"caption-attachment-353469\" class=\"wp-caption-text\">Exemple de sophisme populaire<\/figcaption><\/figure>\n<p>En Europe et aux \u00c9tats-Unis, certaines vagues de froid\u00a0ont <strong>pour cause l\u2019augmentation rapide des temp\u00e9ratures au niveau du p\u00f4le nord<\/strong> (augmentation deux fois plus rapide qu\u2019au niveau mondial). Pendant que l\u2019Arctique se r\u00e9chauffe, les vents de haute altitude (courant-jet), qui\u00a0d\u00e9pendent de la diff\u00e9rence entre l\u2019air froid de l\u2019Arctique et l\u2019air tropical chaud ralentissent et deviennent plus sinueux. Alors que le vortex polaire se d\u00e9stabilise, <strong>le ph\u00e9nom\u00e8ne favorise des descentes froides sur les continents de l\u2019h\u00e9misph\u00e8re nord<\/strong>, mais \u00e9galement des anomalies de temp\u00e9ratures positives.<\/p>\n<p>Quelques journ\u00e9es particuli\u00e8rement froides n\u2019emp\u00eachent d\u2019ailleurs pas que <strong>les hivers, tout comme les \u00e9t\u00e9s, aient tendance \u00e0 se r\u00e9chauffe.<\/strong> Ainsi, la France conna\u00eet de moins en moins de jours de gel. Sur la p\u00e9riode 1951-2000, on note <em>\u00ab une diminution du nombre de jours de gel en hiver [\u2026] de l\u2019ordre de 3 \u00e0 4 jours tous les 10 ans \u00e0 Toulouse et de 4 \u00e0 5 jours \u00e0 Nancy[\u2026] \u00bb,<\/em>\u00a0 selon <a target=\"_blank\" href=\"http:\/\/www.meteofrance.fr\/climat-passe-et-futur\/le-rechauffement-observe-a-l-echelle-du-globe-et-en-france\">M\u00e9t\u00e9o France<\/a>.\u00a0<strong>Les vagues de froid ne sont donc absolument pas incompatibles avec une hausse globale des temp\u00e9ratures moyennes<\/strong>. Toutes les \u00e9tudes scientifiques sur ces questions ne laissent d\u2019ailleurs aucun doute l\u00e0-dessus.<\/p>\n<figure id=\"attachment_353458\" aria-describedby=\"caption-attachment-353458\" style=\"width: 1024px\" class=\"wp-caption alignnone\"><img loading=\"lazy\" decoding=\"async\" class=\"wp-image-353458 size-medium\" src=\"https:\/\/mrmondialisation.org\/wp-content\/uploads\/2019\/08\/c-1024x640.png\" alt=\"\" width=\"1024\" height=\"640\" srcset=\"https:\/\/mrmondialisation.org\/wp-content\/uploads\/2019\/08\/c-1024x640.png 1024w, https:\/\/mrmondialisation.org\/wp-content\/uploads\/2019\/08\/c-768x480.png 768w, https:\/\/mrmondialisation.org\/wp-content\/uploads\/2019\/08\/c-1524x953.png 1524w, https:\/\/mrmondialisation.org\/wp-content\/uploads\/2019\/08\/c-696x435.png 696w, https:\/\/mrmondialisation.org\/wp-content\/uploads\/2019\/08\/c-1068x668.png 1068w, https:\/\/mrmondialisation.org\/wp-content\/uploads\/2019\/08\/c-672x420.png 672w\" sizes=\"auto, (max-width: 1024px) 100vw, 1024px\"\/><figcaption id=\"caption-attachment-353458\" class=\"wp-caption-text\">Lorsque le courant-jet s\u2019affaiblit, il forme des ondulations favorables aux \u00e9pisodes hivernaux froids. Source : <a target=\"_blank\" href=\"https:\/\/svs.gsfc.nasa.gov\/vis\/a000000\/a003800\/a003864\/jetstream.mp4\">NASA<\/a><\/figcaption><\/figure>\n<h2><strong>FAKE #2 : <em>\u00ab L\u2019activit\u00e9 solaire est la principale cause des variations des temp\u00e9ratures \u00bb <\/em><\/strong><\/h2>\n<p>Selon cet \u00ab argument \u00bb tr\u00e8s courant chez les sceptiques, le soleil serait la principale cause des variations des temp\u00e9ratures. L\u2019argument est utilis\u00e9 pour <strong>d\u00e9responsabiliser les \u00eatres humains et mettre en doute le r\u00f4le qu\u2019ils jouent dans le changement climatique<\/strong> en cours. Certains pr\u00e9disent m\u00eame des ann\u00e9es froides dans les prochaines ann\u00e9es en raison de l\u2019affaiblissement de l\u2019activit\u00e9 solaire\u2026<\/p>\n<p>Or, si les cycles du soleil jouent un r\u00f4le ind\u00e9niable dans les variations de temp\u00e9rature, <strong>ces cycles n\u2019ont qu\u2019un r\u00f4le secondaire et minime dans le r\u00e9chauffement en cours<\/strong>. <a target=\"_blank\" href=\"https:\/\/climate.nasa.gov\/causes\/\">Selon la NASA<\/a>, les radiations solaires seraient tout au plus \u00e0 l\u2019origine d\u2019une hausse des temp\u00e9ratures de l\u2019ordre de 10 % au cours du 20e si\u00e8cle.<\/p>\n<p>Si le hoax continue \u00e0 faire le bonheur des forums, c\u2019est que, <a target=\"_blank\" href=\"https:\/\/www.lemonde.fr\/cop21\/article\/2015\/10\/15\/hoax-climatique-2-le-rechauffement-c-est-a-cause-du-soleil_4790439_4527432.html\">dans les ann\u00e9es 1990<\/a>, <strong>plusieurs \u00e9tudes font le lien entre variations des rayonnements solaires et variations des temp\u00e9ratures terrestres<\/strong>. Mais depuis, de nouvelles \u00e9tudes ont largement <a target=\"_blank\" href=\"https:\/\/www.swsc-journal.org\/articles\/swsc\/abs\/2012\/01\/swsc120049\/swsc120049.html\">battu en br\u00e8che<\/a> ces premi\u00e8res conclusions. Aujourd\u2019hui, <strong>il n\u2019existe pas de mod\u00e8le climatique qui puisse expliquer la hausse des temp\u00e9ratures actuelle sans y inclure l\u2019effet de serre qui se renforce avec les activit\u00e9s humaines.<\/strong><\/p>\n<h2><strong>FAKE #3 : <em>\u00ab Il n\u2019y a pas de hausse des temp\u00e9ratures \u00bb<\/em><\/strong><\/h2>\n<figure id=\"attachment_353455\" aria-describedby=\"caption-attachment-353455\" style=\"width: 1024px\" class=\"wp-caption alignnone\"><img loading=\"lazy\" decoding=\"async\" class=\"wp-image-353455 size-medium\" src=\"https:\/\/mrmondialisation.org\/wp-content\/uploads\/2019\/08\/e-1024x813.jpg\" alt=\"\" width=\"1024\" height=\"813\" srcset=\"https:\/\/mrmondialisation.org\/wp-content\/uploads\/2019\/08\/e-1024x813.jpg 1024w, https:\/\/mrmondialisation.org\/wp-content\/uploads\/2019\/08\/e-768x610.jpg 768w, https:\/\/mrmondialisation.org\/wp-content\/uploads\/2019\/08\/e-696x553.jpg 696w, https:\/\/mrmondialisation.org\/wp-content\/uploads\/2019\/08\/e-1068x848.jpg 1068w, https:\/\/mrmondialisation.org\/wp-content\/uploads\/2019\/08\/e-529x420.jpg 529w, https:\/\/mrmondialisation.org\/wp-content\/uploads\/2019\/08\/e.jpg 1300w\" sizes=\"auto, (max-width: 1024px) 100vw, 1024px\"\/><figcaption id=\"caption-attachment-353455\" class=\"wp-caption-text\">Capture d\u2019\u00e9cran sur le site Wikistrike.<\/figcaption><\/figure>\n<p>Autre rumeur souvent partag\u00e9e, <strong>la suppos\u00e9e absence d\u2019\u00e9vidence en ce qui concerne la hausse des temp\u00e9ratures<\/strong>. Des sites \u2013 plus ou moins connus \u2013 publient r\u00e9guli\u00e8rement des <a target=\"_blank\" href=\"http:\/\/www.wikistrike.com\/2015\/04\/sur-terre-la-temperature-moyenne-n-a-pas-augmente-depuis-pres-de-18-ans.html\">articles allant en ce sens<\/a>, <strong>au m\u00e9pris de toutes les \u00e9vidences scientifiques<\/strong> accumul\u00e9es toutes ces ann\u00e9es et alimentant ainsi diverses th\u00e9ories du complot.<\/p>\n<p>Par exemple, en 2018, c\u2019est une <a target=\"_blank\" href=\"https:\/\/journals.sagepub.com\/doi\/abs\/10.1177\/0958305X18756670?journalCode=eaea\">\u00e9tude<\/a> r\u00e9alis\u00e9e par Frank Lansner et <span class=\"contribDegrees\"> Jens Olaf Pepke Pedersen<\/span> et publi\u00e9e dans la <em>Revue Energy &amp; Environment<\/em> qui \u00e9tait <a target=\"_blank\" href=\"http:\/\/www.science-climat-energie.be\/2019\/01\/16\/pas-de-rechauffement-pour-les-zones-eloignees-des-oceans\/#_ftn1\">reprise<\/a> pour alimenter cette id\u00e9e. <strong>La revue en question est critiqu\u00e9e pour la tr\u00e8s faible \u00e9valuation par des pairs avant publication<\/strong>. En effet, la valeur d\u2019une publication scientifique d\u00e9pend grandement de l\u2019observation par une s\u00e9rie d\u2019autres scientifiques qui peuvent confirmer (ou pas) la m\u00e9thodologie et le s\u00e9rieux de l\u2019\u00e9tude. Par ailleurs, <strong>la revue est connue pour multiplier les \u00e9tudes mettant en cause le changement climatique<\/strong>. Mais comment pourrait le savoir un lecteur d\u2019une telle \u00e9tude si personne ne l\u2019en informe ?<\/p>\n<p>Autre exemple, en 2015, une enqu\u00eate a r\u00e9v\u00e9l\u00e9 que le chercheur am\u00e9ricain Willie Soon, principal scientifique animant le scepticisme climatique aux USA, <strong>a re\u00e7u des fonds importants \u2013 plus d\u2019un million de dollars \u2013 de l\u2019industrie p\u00e9troli\u00e8re<\/strong> <a target=\"_blank\" href=\"http:\/\/www.europe1.fr\/international\/le-scientifique-climatosceptique-etait-paye-par-l-industrie-petroliere-2381669\" target=\"_blank\" rel=\"noopener noreferrer\">durant toute sa carri\u00e8re<\/a>. Ses travaux sont pourtant toujours brandis en exemple par les sceptiques du monde entier, notamment sur de nombreuses vid\u00e9os publi\u00e9es sur Youtube. <strong>Vincent Courtillot, r\u00e9f\u00e9rence du climatoscepticisme \u00e0 la fran\u00e7aise, <a target=\"_blank\" href=\"https:\/\/www.lemonde.fr\/planete\/article\/2008\/01\/15\/point-de-vue-de-vincent-courtillot_999585_3244.html\">reconna\u00eet recevoir des fonds du p\u00e9trolier Total<\/a><\/strong>, mais estime que ceci n\u2019influence pas ses travaux\u2026<\/p>\n<p>Quoi qu\u2019on en dise, <strong>il existe aujourd\u2019hui un consensus scientifique \u00e9crasant en ce qui concerne la question.<\/strong> Les quelques \u00e9tudes qui n\u2019\u00e9tablissent pas de hausse des temp\u00e9ratures sont minoritaires et sur nombre d\u2019entre elles, il existe des doutes importants d\u2019influence par l\u2019industrie p\u00e9troli\u00e8re. Par ailleurs, des r\u00e9sultats diff\u00e9rents peuvent s\u2019expliquer pour des raisons de m\u00e9thodologie ou des erreurs.<\/p>\n<div class=\"td-a-rec td-a-rec-id-content_inline  tdi_1 td_block_template_1\">\n<center><a target=\"_blank\" href=\"https:\/\/fr.tipeee.com\/mr-mondialisation\" class=\"tipeee-project-small\">Je m&rsquo;abonne \u00e0 Mr Mondialisation<\/a>&#13;<br \/>\n<\/center>&amp;nbsp<\/div>\n<p>Une enqu\u00eate (2021) a analys\u00e9 <a target=\"_blank\" href=\"https:\/\/news.cornell.edu\/stories\/2021\/10\/more-999-studies-agree-humans-caused-climate-change\"><strong>88\u202f125 articles sur le climat publi\u00e9s entre 2012 et novembre 2020, et conclut que <em>\u00ab le consensus scientifique exprim\u00e9 en proportion du total des publications \u00e9valu\u00e9es par des pairs d\u00e9passe 99 % \u00bb.<\/em><\/strong> <\/a><\/p>\n<p><a target=\"_blank\" href=\"https:\/\/mrmondialisation.org\/le-visage-dun-monde-a-15-ce-que-nous-dit-le-dernier-rapport-du-giec\/\">Selon le GIEC<\/a>, la hausse des temp\u00e9ratures actuelle est d\u2019ores et d\u00e9j\u00e0 de l\u2019ordre +1\u00b0C par rapport \u00e0 l\u2019\u00e8re pr\u00e9industrielle et augmente de 0,2\u00b0C par d\u00e9cennie.<\/p>\n<h2><strong>FAKE #4 : <em>\u00ab Selon la NASA, il n\u2019y a pas de changement climatique \u00bb<\/em><\/strong><\/h2>\n<p>Dans une <a target=\"_blank\" href=\"https:\/\/www.lalibre.be\/debats\/opinions\/ma-lettre-aux-jeunes-manifestants-pour-le-climat-5c41a0679978e2710ebca2c9\">tribune<\/a> publi\u00e9e sur le m\u00e9dia belge <em>La libre<\/em>, le pol\u00e9miste Ludovic Delory, co-auteur de <i>Climat\u00a0: 15 v\u00e9rit\u00e9s qui d\u00e9rangent<\/i> (\u00c9d. Texquis, 2013) et r\u00e9dacteur en chef de <em>Contrepoints<\/em> \u2013 site d\u2019information en ligne d\u2019inspiration lib\u00e9rale et qui s\u2019est fait une sp\u00e9cialit\u00e9 de publier des articles qui remettent en cause le changement climatique \u2013 <strong>affirme que la NASA serait bien plus nuanc\u00e9e quant \u00e0 la r\u00e9alit\u00e9 du changement climatique<\/strong>. Il \u00e9crit : <em>\u00ab Lisez les donn\u00e9es brutes de la Nasa et ne vous contentez pas des \u00ab\u00a0rapports pour d\u00e9cideurs\u00a0\u00bb du Giec. Vous y trouverez une r\u00e9alit\u00e9 bien plus nuanc\u00e9e \u00bb.<\/em><\/p>\n<p>Son all\u00e9gation, bas\u00e9e sur une interpr\u00e9tation toute personnelle et non scientifique, cherche \u00e0 <strong>cr\u00e9er le doute en ayant recours \u00e0 un proc\u00e9d\u00e9 simple : renvoyer \u00e0 une autorit\u00e9 scientifique reconnue<\/strong>, qu\u2019importe si l\u2019autorit\u00e9 en question a r\u00e9ellement tenu de tels propos. La m\u00e9thode est particuli\u00e8rement malhonn\u00eate, <strong>car rares sont ceux qui v\u00e9rifieront ce que dit r\u00e9ellement l\u2019autorit\u00e9 en question.<br \/><\/strong><\/p>\n<figure id=\"attachment_353457\" aria-describedby=\"caption-attachment-353457\" style=\"width: 1024px\" class=\"wp-caption aligncenter\"><img loading=\"lazy\" decoding=\"async\" class=\"wp-image-353457 size-medium\" src=\"https:\/\/mrmondialisation.org\/wp-content\/uploads\/2019\/08\/b-2-1024x130.jpg\" alt=\"\" width=\"1024\" height=\"130\" srcset=\"https:\/\/mrmondialisation.org\/wp-content\/uploads\/2019\/08\/b-2-1024x130.jpg 1024w, https:\/\/mrmondialisation.org\/wp-content\/uploads\/2019\/08\/b-2-768x97.jpg 768w, https:\/\/mrmondialisation.org\/wp-content\/uploads\/2019\/08\/b-2-696x88.jpg 696w, https:\/\/mrmondialisation.org\/wp-content\/uploads\/2019\/08\/b-2-1068x136.jpg 1068w, https:\/\/mrmondialisation.org\/wp-content\/uploads\/2019\/08\/b-2.jpg 1300w\" sizes=\"auto, (max-width: 1024px) 100vw, 1024px\"\/><figcaption id=\"caption-attachment-353457\" class=\"wp-caption-text\">Ce que dit vraiment la NASA. Source : climate.nasa.gov<\/figcaption><\/figure>\n<p><strong>Mais que dit vraiment la NASA ?<\/strong> L\u2019agence am\u00e9ricaine reprend les principales conclusions du GIEC et <a target=\"_blank\" href=\"https:\/\/climate.nasa.gov\/evidence\/?fbclid=IwAR1ZovtNmoPFAVlzfOtQPxM1gjvGlNVHcxo67-rmETrADrOrcVUWwtjuG9E\">indique<\/a> que :<\/p>\n<blockquote>\n<p><strong><em>\u00ab La tendance de r\u00e9chauffement actuelle est particuli\u00e8rement significative, puisqu\u2019elle est essentiellement (\u00e0 une probabilit\u00e9 de 95 %) le r\u00e9sultat des activit\u00e9s humaines depuis la moiti\u00e9 du 20e si\u00e8cle et a lieu \u00e0 un rythme sans pr\u00e9c\u00e9dent depuis des d\u00e9cennies voire des mill\u00e9naires <\/em>\u00bb.<\/strong><\/p>\n<\/blockquote>\n<p>Les recherches men\u00e9es par la NASA concluent \u00e9galement \u00e0 la <a target=\"_blank\" href=\"https:\/\/www.jpl.nasa.gov\/news\/news.php?feature=7159\">fonte spectaculaire de l\u2019Antarctique<\/a> et sugg\u00e8rent que le r\u00e9chauffement des oc\u00e9ans pourrait\u00a0<a target=\"_blank\" href=\"https:\/\/climate.nasa.gov\/news\/2837\/warming-seas-may-increase-frequency-of-extreme-storms\/\">augmenter la fr\u00e9quence de temp\u00eates extr\u00eames<\/a>. <strong>Les donn\u00e9es brutes de la NASA <a target=\"_blank\" href=\"https:\/\/data.giss.nasa.gov\/gistemp\/graphs\/\">sont tout aussi claires<\/a> <\/strong>: la temp\u00e9rature moyenne globale a augment\u00e9 de 1 \u00b0C entre 1880 et aujourd\u2019hui.<\/p>\n<p>Autrement dit, <strong>la NASA ne met \u00e0 aucun moment en doute la r\u00e9alit\u00e9 du changement climatique.<\/strong><\/p>\n<h2><strong>Une guerre de l\u2019information<\/strong><\/h2>\n<p>V\u00e9rifier les informations qui circulent concernant le r\u00e9chauffement climatique (comme de nombreux sujets faisant pol\u00e9mique) est<strong> une d\u00e9marche longue et laborieuse<\/strong>. Ici, nous venons de v\u00e9rifier 4 intox qui circulent sur les r\u00e9seaux sociaux dans l\u2019int\u00e9r\u00eat de pr\u00e9server le mod\u00e8le social actuel.<\/p>\n<figure id=\"attachment_1208636\" aria-describedby=\"caption-attachment-1208636\" style=\"width: 1024px\" class=\"wp-caption alignnone\"><img loading=\"lazy\" decoding=\"async\" class=\"wp-image-1208636 size-medium\" src=\"https:\/\/mrmondialisation.org\/wp-content\/uploads\/2025\/12\/53692464493-be680462ab-k-e1763819886849-1024x676.jpg\" alt=\"\" width=\"1024\" height=\"676\" srcset=\"https:\/\/mrmondialisation.org\/wp-content\/uploads\/2025\/12\/53692464493-be680462ab-k-e1763819886849-1024x676.jpg 1024w, https:\/\/mrmondialisation.org\/wp-content\/uploads\/2025\/12\/53692464493-be680462ab-k-e1763819886849-1524x1006.jpg 1524w, https:\/\/mrmondialisation.org\/wp-content\/uploads\/2025\/12\/53692464493-be680462ab-k-e1763819886849-768x507.jpg 768w, https:\/\/mrmondialisation.org\/wp-content\/uploads\/2025\/12\/53692464493-be680462ab-k-e1763819886849-1536x1014.jpg 1536w, https:\/\/mrmondialisation.org\/wp-content\/uploads\/2025\/12\/53692464493-be680462ab-k-e1763819886849-696x459.jpg 696w, https:\/\/mrmondialisation.org\/wp-content\/uploads\/2025\/12\/53692464493-be680462ab-k-e1763819886849-1068x705.jpg 1068w, https:\/\/mrmondialisation.org\/wp-content\/uploads\/2025\/12\/53692464493-be680462ab-k-e1763819886849-636x420.jpg 636w, https:\/\/mrmondialisation.org\/wp-content\/uploads\/2025\/12\/53692464493-be680462ab-k-e1763819886849.jpg 1697w\" sizes=\"auto, (max-width: 1024px) 100vw, 1024px\"\/><figcaption id=\"caption-attachment-1208636\" class=\"wp-caption-text\">Manifestation du 1er mai 2024. Paris. Flickr.<\/figcaption><\/figure>\n<p><strong>Quatre intox seulement, et pourtant, ceci repr\u00e9sentante plusieurs heures de travail, de recherches, de v\u00e9rifications.<\/strong> Comme nous l\u2019expliquions dans un r\u00e9cent article, <a target=\"_blank\" href=\"https:\/\/mrmondialisation.org\/loi-brandolini-mensonge\/\">la loi de Brandolini : d\u00e9mentir une intox prend 10 fois plus d\u2019\u00e9nergie que de la diffuser.<\/a> Puisqu\u2019il est largement plus facile de distiller une contre-v\u00e9rit\u00e9 s\u00e9duisante, <strong>nos pr\u00e9c\u00e9dents dossiers sur les <a target=\"_blank\" href=\"https:\/\/mrmondialisation.org\/boomer-traps-un-deluge-hallucinant-de-fakes-ia\/\"><em>Boomer Traps<\/em>,<\/a> la d\u00e9sinformation et les proc\u00e9d\u00e9s rh\u00e9toriques le confirment : vigilance et esprit critique sont indispensables. <\/strong><\/p>\n<p style=\"text-align: right;\">\u2013 <em><strong>Mr Mondialisation<\/strong><\/em><\/p>\n<hr\/>\n<p>Photo de couverture : <a target=\"_blank\" href=\"https:\/\/www.telerama.fr\/ecrans\/homophobe-antivax-et-climato-sceptique-le-grand-chelem-de-cnews-6926525.php\">Ivan Rioufol. Climatosceptique notoire.<\/a> Wikimedia.<\/p>\n<div class=\"td-a-rec td-a-rec-id-content_bottom  tdi_2 td_block_template_1\">\n<span class=\"td-adspot-title\">&#8211; Cet article gratuit, ind\u00e9pendant et sans IA existe gr\u00e2ce aux abonn\u00e9s &#8211;<\/span><\/p>\n<div class=\"td-all-devices\">\n    <a target=\"_blank\" href=\"https:\/\/mrmondialisation.org\/donation\/\" title=\"Faire_un_don\"><img decoding=\"async\" class=\"donationArticle\" src=\"https:\/\/mrmondialisation.org\/wp-content\/uploads\/2022\/12\/220405-flikalicious-final.jpg\" alt=\"Donation\"\/><\/a>\n<\/div>\n<\/div><\/div>\n<p><br \/>\n<br \/><a href=\"https:\/\/mrmondialisation.org\/climat-quatre-intox-buzz\/\" target=\"_blank\"\">Source link <\/a><\/p>\n","protected":false},"excerpt":{"rendered":"<p>\u00c0 chaque vague de froid, les climatosceptiques y voient une nouvelle \u00ab preuve \u00bb que le climat ne change pas. Pourtant, ces \u00e9pisodes s\u2019inscrivent dans la perturbation globale du climat.&hellip; <\/p>\n","protected":false},"author":1,"featured_media":20013,"comment_status":"open","ping_status":"open","sticky":false,"template":"","format":"standard","meta":{"footnotes":""},"categories":[1],"tags":[],"class_list":["post-20012","post","type-post","status-publish","format-standard","has-post-thumbnail","hentry","category-non-classe"],"_links":{"self":[{"href":"https:\/\/monde25.info\/index.php\/wp-json\/wp\/v2\/posts\/20012","targetHints":{"allow":["GET"]}}],"collection":[{"href":"https:\/\/monde25.info\/index.php\/wp-json\/wp\/v2\/posts"}],"about":[{"href":"https:\/\/monde25.info\/index.php\/wp-json\/wp\/v2\/types\/post"}],"author":[{"embeddable":true,"href":"https:\/\/monde25.info\/index.php\/wp-json\/wp\/v2\/users\/1"}],"replies":[{"embeddable":true,"href":"https:\/\/monde25.info\/index.php\/wp-json\/wp\/v2\/comments?post=20012"}],"version-history":[{"count":0,"href":"https:\/\/monde25.info\/index.php\/wp-json\/wp\/v2\/posts\/20012\/revisions"}],"wp:featuredmedia":[{"embeddable":true,"href":"https:\/\/monde25.info\/index.php\/wp-json\/wp\/v2\/media\/20013"}],"wp:attachment":[{"href":"https:\/\/monde25.info\/index.php\/wp-json\/wp\/v2\/media?parent=20012"}],"wp:term":[{"taxonomy":"category","embeddable":true,"href":"https:\/\/monde25.info\/index.php\/wp-json\/wp\/v2\/categories?post=20012"},{"taxonomy":"post_tag","embeddable":true,"href":"https:\/\/monde25.info\/index.php\/wp-json\/wp\/v2\/tags?post=20012"}],"curies":[{"name":"wp","href":"https:\/\/api.w.org\/{rel}","templated":true}]}}