{"id":20018,"date":"2025-11-26T11:54:40","date_gmt":"2025-11-26T10:54:40","guid":{"rendered":"https:\/\/monde25.info\/index.php\/2025\/11\/26\/un-rapport-preconise-un-juge-dedie-pour-reformer-la-justice-rt-en-francais\/"},"modified":"2025-11-26T11:54:40","modified_gmt":"2025-11-26T10:54:40","slug":"un-rapport-preconise-un-juge-dedie-pour-reformer-la-justice-rt-en-francais","status":"publish","type":"post","link":"https:\/\/monde25.info\/index.php\/2025\/11\/26\/un-rapport-preconise-un-juge-dedie-pour-reformer-la-justice-rt-en-francais\/","title":{"rendered":"un rapport pr\u00e9conise un juge d\u00e9di\u00e9 pour r\u00e9former la justice \u2014 RT en fran\u00e7ais"},"content":{"rendered":"<p> <br \/>\n<br \/><img decoding=\"async\" src=\"https:\/\/mf.b37mrtl.ru\/french\/images\/2025.11\/thumbnail\/6926c8f887f3ec62311a039f.jpg\" \/><\/p>\n<div>\n<p class=\"text__summary\">\n                                        Remis au garde des Sceaux G\u00e9rald Darmanin le 25 novembre, jour de la lutte contre les violences faites aux femmes, un rapport de deux magistrats propose dix mesures pour mieux prot\u00e9ger les victimes. Il pr\u00e9conise notamment la cr\u00e9ation d\u2019un \u00abjuge des VIF\u00bb et d\u2019un code d\u00e9di\u00e9, face \u00e0 une hausse alarmante des meurtres visant les femmes.\n                                    <\/p>\n<p>Un document de 46 pages remis au ministre de la Justice le 25 novembre et r\u00e9dig\u00e9 par Gwenola Joly-Coz et \u00c9ric Corbaux appelle \u00e0 une prise en charge globale des violences conjugales. Les magistrats critiquent l\u2019inertie judiciaire et plaident pour une approche sp\u00e9cialis\u00e9e afin d\u2019\u00e9viter les incoh\u00e9rences entre p\u00e9nal et civil.<\/p>\n<p>Les auteurs soulignent que la France accuse un retard, avec un faible taux de poursuites d\u00e9nonc\u00e9 par le Conseil de l\u2019Europe. Ils recommandent l\u2019exp\u00e9rimentation d\u2019un \u00ab juge des VIF \u00bb, c\u2019est-\u00e0-dire un \u00ab juge des violences intrafamiliales \u00bb dans chaque tribunal, charg\u00e9 de suivre les situations familiales complexes et violentes. Ce magistrat permettrait des audiences communes p\u00e9nal\/civil, \u00e9vitant les jugements contradictoires, comme juger les violences en f\u00e9vrier et le divorce en novembre.<\/p>\n<p>Le rapport propose aussi un \u00ab code des VIF \u00bb comme outil judiciaire global, inspir\u00e9 de l\u2019Espagne et de sa tol\u00e9rance z\u00e9ro, avec des juridictions d\u00e9di\u00e9es aux hommes violents.<\/p>\n<p>En France, \u00ab nous constatons des formes d\u2019inertie, de r\u00e9sistance ou m\u00eame de d\u00e9ni \u00bb, regrettent les magistrats, appelant \u00e0 former les professionnels pour mieux identifier les risques : strangulation, menaces de mort et contr\u00f4le coercitif, pr\u00e9dictifs de meurtres visant les femmes, <a target=\"_blank\" href=\"https:\/\/francais.rt.com\/international\/127705-feminicides-nombre-victimes-monde-france\">un ph\u00e9nom\u00e8ne en baisse dans le monde et en hausse en France<\/a>.<\/p>\n<p>Les statistiques sont alarmantes : en 2024, 107 femmes ont \u00e9t\u00e9 tu\u00e9es par conjoint ou ex-conjoint, en hausse de 11 %, selon la Miprof. Chaque jour, plus de trois femmes subissent un f\u00e9minicide ou une tentative. Le rapport insiste sur la suppression du \u00ab classement sans suite \u00bb au profit d\u2019un \u00ab enregistrement sans poursuite \u00bb, mieux compris par les victimes, et sur un renforcement du contr\u00f4le des auteurs violents.<\/p>\n<p>Sur X, la journaliste Aude Lorriaux se f\u00e9licite de la cr\u00e9ation par le Premier ministre d\u2019un dispositif sur les violences intrafamiliales mis en \u0153uvre par le ministre de la Justice G\u00e9rald Darmanin.<\/p>\n<div class=\"rtcode\">\n<blockquote class=\"twitter-tweet\">\n<p lang=\"fr\" dir=\"ltr\">Suite au rapport Joly-Coz\/ Corbeaux, Darmanin annonce la cr\u00e9ation d\u2019un juge sp\u00e9cialis\u00e9 sur les affaires de violence intra familiale, un code des violences intra-familiales et enfin une ordonnance de suret\u00e9 pour les mineurs <a target=\"_blank\" href=\"https:\/\/twitter.com\/hashtag\/WorkInProgress?src=hash&amp;ref_src=twsrc%5Etfw\">#WorkInProgress<\/a><a target=\"_blank\" href=\"https:\/\/t.co\/GHBoUVhZpW\">pic.twitter.com\/GHBoUVhZpW<\/a><\/p>\n<p>\u2014 Aude Lorriaux (@audelorriaux) <a target=\"_blank\" href=\"https:\/\/twitter.com\/audelorriaux\/status\/1993399523671212079?ref_src=twsrc%5Etfw\">November 25, 2025<\/a><\/p><\/blockquote>\n<\/div>\n<p><a target=\"_blank\" href=\"https:\/\/x.com\/audelorriaux\/status\/1993399523671212079?s=20\"\/>Les mesures prises par le ministre visent \u00e0 prioriser les cas graves sans nouveaux moyens, en modifiant les pratiques judiciaires pour tenter d\u2019enrayer la tendance, comme l\u2019esp\u00e8rent les auteurs. Une nouvelle illustration des difficult\u00e9s que conna\u00eet la France avec l\u2019enfance et la petite enfance, comme le montre \u00e9galement <a target=\"_blank\" href=\"https:\/\/francais.rt.com\/france\/127711-france-magistrate-alerte-augmentation-violences\">l\u2019augmentation \u00ab\u00a0tr\u00e8s significative\u00a0\u00bb des d\u00e9nonciations pour violences sexuelles dans les maternelles<\/a>.\u00a0<\/p>\n<\/div>\n<p><script async src=\"\/\/platform.twitter.com\/widgets.js\" charset=\"utf-8\"><\/script><br \/>\n<br \/><br \/>\n<br \/><a href=\"https:\/\/francais.rt.com\/france\/127720-violences-intrafamiliales-france-rapport-preconise-juge-reformer-justice\" target=\"_blank\"\">Source link <\/a><\/p>\n","protected":false},"excerpt":{"rendered":"<p>Remis au garde des Sceaux G\u00e9rald Darmanin le 25 novembre, jour de la lutte contre les violences faites aux femmes, un rapport de deux magistrats propose dix mesures pour mieux&hellip; <\/p>\n","protected":false},"author":1,"featured_media":20019,"comment_status":"open","ping_status":"open","sticky":false,"template":"","format":"standard","meta":{"footnotes":""},"categories":[1],"tags":[],"class_list":["post-20018","post","type-post","status-publish","format-standard","has-post-thumbnail","hentry","category-non-classe"],"_links":{"self":[{"href":"https:\/\/monde25.info\/index.php\/wp-json\/wp\/v2\/posts\/20018","targetHints":{"allow":["GET"]}}],"collection":[{"href":"https:\/\/monde25.info\/index.php\/wp-json\/wp\/v2\/posts"}],"about":[{"href":"https:\/\/monde25.info\/index.php\/wp-json\/wp\/v2\/types\/post"}],"author":[{"embeddable":true,"href":"https:\/\/monde25.info\/index.php\/wp-json\/wp\/v2\/users\/1"}],"replies":[{"embeddable":true,"href":"https:\/\/monde25.info\/index.php\/wp-json\/wp\/v2\/comments?post=20018"}],"version-history":[{"count":0,"href":"https:\/\/monde25.info\/index.php\/wp-json\/wp\/v2\/posts\/20018\/revisions"}],"wp:featuredmedia":[{"embeddable":true,"href":"https:\/\/monde25.info\/index.php\/wp-json\/wp\/v2\/media\/20019"}],"wp:attachment":[{"href":"https:\/\/monde25.info\/index.php\/wp-json\/wp\/v2\/media?parent=20018"}],"wp:term":[{"taxonomy":"category","embeddable":true,"href":"https:\/\/monde25.info\/index.php\/wp-json\/wp\/v2\/categories?post=20018"},{"taxonomy":"post_tag","embeddable":true,"href":"https:\/\/monde25.info\/index.php\/wp-json\/wp\/v2\/tags?post=20018"}],"curies":[{"name":"wp","href":"https:\/\/api.w.org\/{rel}","templated":true}]}}