{"id":20023,"date":"2025-11-26T15:12:51","date_gmt":"2025-11-26T14:12:51","guid":{"rendered":"https:\/\/monde25.info\/index.php\/2025\/11\/26\/la-chute-du-regime-de-zelensky-et-celle-de-ses-allies\/"},"modified":"2025-11-26T15:12:51","modified_gmt":"2025-11-26T14:12:51","slug":"la-chute-du-regime-de-zelensky-et-celle-de-ses-allies","status":"publish","type":"post","link":"https:\/\/monde25.info\/index.php\/2025\/11\/26\/la-chute-du-regime-de-zelensky-et-celle-de-ses-allies\/","title":{"rendered":"La chute du r\u00e9gime de Zelensky et celle de ses alli\u00e9s"},"content":{"rendered":"<p> <br \/>\n<\/p>\n<div>\n<ol class=\"campaign-loop campaign-list\">\n<li id=\"campaign-482494\" class=\"post-482494 campaign type-campaign status-publish hentry campaign-has-goal campaign-has-not-achieved-goal campaign-has-end-date campaign-has-not-ended\">\n\t<a target=\"_blank\" href=\"https:\/\/reseauinternational.net\/campaigns\/campagne-de-dons-septembre-octobre-2025\/\"><\/p>\n<h3>Campagne de dons Octobre 2025<\/h3>\n<p>\t\t\t<\/a><\/p>\n<p>\n\tAppel aux dons \u2013 Votre soutien nous est indispensable pour continuer \u00e0 vous fournir le meilleur de l\u2019information internationale alternative. C\u2019est gr\u00e2ce \u00e0 vos dons que nous pourrons maintenir le cap pour une information plurielle et r\u00e9ellement alternative. Nous comptons sur vous.<\/p>\n<p>\n<span class=\"amount\">21 006,00\u00a0\u20ac<\/span> de l\u2019objectif de <span class=\"goal-amount\">25 000,00\u00a0\u20ac<\/span> atteint<\/p>\n<\/li>\n<\/ol>\n<p>par <strong>Thierry Meyssan<\/strong><\/p>\n<p><strong>Le plan de paix \u00e9tats-uno-russe pour l\u2019Ukraine met, certes, fin \u00e0 un conflit. Mais, surtout, il ouvre la voie \u00e0 une r\u00e9interpr\u00e9tation de l\u2019histoire. Non, l\u2019op\u00e9ration militaire russe n\u2019\u00e9tait pas \u00abagression militaire ill\u00e9gale, non provoqu\u00e9e et injustifi\u00e9e\u00bb, mais une application de la r\u00e9solution 2202 du Conseil de s\u00e9curit\u00e9, conform\u00e9ment au droit international. Les peuples europ\u00e9ens, s\u2019ils reconnaissent s\u2019\u00eatre tromp\u00e9s, ou avoir \u00e9t\u00e9 tromp\u00e9s, changeront leurs r\u00e9gimes comme l\u2019Ukraine va changer le sien.<\/strong><\/p>\n<div class=\"wp-block-image\">\n<figure class=\"aligncenter size-full is-resized\"><a target=\"_blank\" href=\"https:\/\/i0.wp.com\/reseauinternational.net\/wp-content\/uploads\/2025\/11\/image-285.png?ssl=1\"><img data-recalc-dims=\"1\" decoding=\"async\" width=\"800\" height=\"600\" src=\"https:\/\/i0.wp.com\/reseauinternational.net\/wp-content\/uploads\/2025\/11\/image-285.png?resize=800%2C600&amp;ssl=1\" alt=\"\" class=\"wp-image-496542\" style=\"width:600px\" loading=\"lazy\" srcset=\"https:\/\/i0.wp.com\/reseauinternational.net\/wp-content\/uploads\/2025\/11\/image-285.png?w=800&amp;ssl=1 800w, https:\/\/i0.wp.com\/reseauinternational.net\/wp-content\/uploads\/2025\/11\/image-285.png?resize=300%2C225&amp;ssl=1 300w, https:\/\/i0.wp.com\/reseauinternational.net\/wp-content\/uploads\/2025\/11\/image-285.png?resize=768%2C576&amp;ssl=1 768w, https:\/\/i0.wp.com\/reseauinternational.net\/wp-content\/uploads\/2025\/11\/image-285.png?resize=378%2C283&amp;ssl=1 378w\" sizes=\"auto, (max-width: 800px) 100vw, 800px\"\/><\/a><\/figure>\n<\/div>\n<p class=\"has-text-align-center\"><em>Le sommet d\u2019Anchorage, le 15 ao\u00fbt 2025, a d\u00e9fini les principes du plan de paix pour l\u2019Ukraine.<\/em><\/p>\n<p>Le conflit ukraino-russe touche \u00e0 sa fin : les pr\u00e9sidents russe et \u00e9tats-unien sont convenus d\u2019un plan en 28 points, sur le mod\u00e8le de celui adopt\u00e9 par le Conseil de s\u00e9curit\u00e9 pour le conflit jud\u00e9o-arabe.<\/p>\n<p>Si les principes directeurs ont \u00e9t\u00e9 approuv\u00e9s lors du sommet d\u2019Anchorage (Alaska), le 15 ao\u00fbt, par Donald Trump et Vladimir Poutine en personne, les d\u00e9tails en ont \u00e9t\u00e9 n\u00e9goci\u00e9s par Steve Witkoff et Kirill Dmitriev, du 24 au 26 octobre, \u00e0 Miami. Cet accord n\u2019a officiellement \u00e9t\u00e9 d\u00e9voil\u00e9 \u00e0 Rustem Umerov, secr\u00e9taire du conseil ukrainien de S\u00e9curit\u00e9 et de D\u00e9fense, qu\u2019en d\u00e9but de semaine derni\u00e8re, avant sa fuite au Qatar. Le pr\u00e9sident non-\u00e9lu ukrainien, Volodymyr Zelensky, l\u2019a d\u00e9couvert en d\u00e9tail, le 20 novembre, lorsque Dan Driscoll (secr\u00e9taire \u00e0 l\u2019Arm\u00e9e de terre), et les g\u00e9n\u00e9raux Randy George (chef d\u2019\u00e9tat-major de l\u2019Arm\u00e9e de terre) et Chris Donahue (commandant des forces \u00e9tats-uniennes en Europe et en Afrique), sont venus le lui pr\u00e9senter.<\/p>\n<p>Durant les trois derniers mois, les forces russes ont bombard\u00e9 les unit\u00e9s \u00abnationalistes int\u00e9grales\u00bb (\u00abband\u00e9ristes\u00bb ou \u00abn\u00e9o-nazis\u00bb, selon le vocabulaire du Kremlin) du \u00abf\u00fchrer blanc\u00bb, Andriy Biletsky. De sorte que celui-ci sort vaincu des batailles successives de Marioupol (mai 2022), de Bakmout\/Artiomovsk (d\u00e9cembre 2023) et de Pokrovsk (novembre 2025).<\/p>\n<p>Le 11 novembre, le d\u00e9partement d\u2019\u00c9tat a donn\u00e9 son feu vert \u00e0 la r\u00e9v\u00e9lation de \u00abl\u2019Op\u00e9ration Midas\u00bb, une vaste enqu\u00eate du Bureau ukrainien de lutte contre la corruption (NABU) conduite avec l\u2019aide de 80 inspecteurs \u00e9tats-uniens. Elle a d\u00e9j\u00e0 provoqu\u00e9 la d\u00e9mission de deux ministres \u2013 Herman Halushchenko, ministre de la Justice, et Svitlana Grynchuk, ministre de l\u2019\u00c9nergie \u2013 et la fuite de Rustem Umerov (d\u00e9j\u00e0 cit\u00e9) au Qatar. Selon toute vraisemblance, la d\u00e9mission d\u2019Andriy Yermak, le directeur de l\u2019administration pr\u00e9sidentielle, devrait suivre. \u00c0 ce moment-l\u00e0, Volodymyr Zelensky sera nu : les principaux responsables politiques sur lesquels il s\u2019appuyait seront an\u00e9antis. Il n\u2019aura d\u2019autre choix que d\u2019accepter le plan de Donald Trump ou de fuir, lui aussi.<\/p>\n<p>Contrairement \u00e0 ce que l\u2019on pourrait penser, le pr\u00e9sident non-\u00e9lu n\u2019a pas cherch\u00e9 \u00e0 modifier les conditions du plan de paix lorsqu\u2019il a rencontr\u00e9 la d\u00e9l\u00e9gation \u00e9tats-unienne, le 20 novembre, mais \u00e0 lui ajouter une amnistie ; non pas une amnistie pour les crimes de guerre, mais pour les faits de corruption.<\/p>\n<p>D\u2019ores et d\u00e9j\u00e0 les Ukrainiens rest\u00e9s au pays (un tiers de la population a d\u00e9j\u00e0 fui l\u2019Ukraine, moiti\u00e9 en Russie, moiti\u00e9 dans l\u2019UE) sont violemment contre le pr\u00e9sident auto-proclam\u00e9. Il avait \u00e9t\u00e9 \u00e9lu pour lutter contre la corruption et il l\u2019a d\u00e9velopp\u00e9e \u00e0 un niveau jamais \u00e9gal\u00e9. En novembre, plusieurs \u00e9meutes ont dress\u00e9 la population contre les recruteurs militaires. M\u00eame les \u00abnationalistes int\u00e9graux\u00bb consid\u00e8rent d\u00e9sormais qu\u2019il ne peut plus les aider \u00e0 r\u00e9aliser leur projet d\u2019apocalypse contre les slaves et se concertent en urgence pour le renverser.<\/p>\n<p>Les \u00c9tats de l\u2019Union europ\u00e9enne, qui imaginaient une guerre longue et s\u2019y pr\u00e9paraient, ne peuvent pas accepter une capitulation qui ne dit pas son nom. Chacun est aujourd\u2019hui confront\u00e9 \u00e0 la fin brutale de son r\u00eave. \u00c0 l\u2019\u00e9vidence, la chute du r\u00e9gime ukrainien sera suivie par celle des responsables europ\u00e9ens qui l\u2019ont soutenu.<\/p>\n<p>En effet, le moment de faire les comptes est venu. L\u2019Union europ\u00e9enne a d\u2019abord fourni 1 milliard d\u2019euros en liquide, puis son comit\u00e9 militaire a institu\u00e9 une chambre de compensation permettant aux Ukrainiens de choisir des armes dans les stocks des arm\u00e9es membres de l\u2019Union. Enfin l\u2019Union a mis ses moyens propres, comme ses satellites, \u00e0 disposition. Au fil du temps, l\u2019UE a donn\u00e9 toujours plus : jusqu\u2019\u00e0 3 milliards d\u2019euros en juillet-ao\u00fbt.<\/p>\n<p>Que l\u2019on ne croie pas que c\u2019est une initiative des seuls fonctionnaires de la Commission. Le 1er mars 2022, le Parlement europ\u00e9en, \u00e9lu au suffrage universel, a tenu une session avec le pr\u00e9sident Zelensky qui s\u2019exprimait par vid\u00e9o. Il a adopt\u00e9 la vision de l\u2019OTAN, qui ignore les accords de Minsk, et consid\u00e8re l\u2019op\u00e9ration sp\u00e9ciale russe contre les \u00abnationalistes int\u00e9graux\u00bb, en application de la r\u00e9solution 2202 du Conseil de s\u00e9curit\u00e9, comme une \u00abagression militaire ill\u00e9gale, non provoqu\u00e9e et injustifi\u00e9e\u00bb. C\u2019est lui qui a adopt\u00e9 une r\u00e9solution (P9_TA(2022)0052) ouvrant la voie au soutien total de l\u2019UE au r\u00e9gime Zelensky, dans laquelle de nombreux \u00c9tats membres se sont engouffr\u00e9s.<\/p>\n<p>Lorsque le pr\u00e9sident Trump et son vice-pr\u00e9sident Vance ont secou\u00e9 Zelensky dans le bureau ovale, le 28 f\u00e9vrier 2025, certains gouvernements se sont concert\u00e9s. Une s\u00e9rie de va-et-vient a eu lieu entre Paris et Londres qui souhaitaient tous deux prendre la t\u00eate d\u2019une coalition de volontaires. En d\u00e9finitive, seuls les Britanniques sont rest\u00e9s en lice. Londres a form\u00e9 une alliance militaire avec les pays de la Baltique (Danemark, Estonie, Finlande, Islande, Lettonie, Lituanie, Norv\u00e8ge, Pays-Bas et Su\u00e8de) et y a associ\u00e9 l\u2019Ukraine, le 5 novembre. Il s\u2019agit d\u2019un OTAN purement britannique \u00e0 l\u2019int\u00e9rieur de l\u2019OTAN.<\/p>\n<p>La France, bien qu\u2019elle ne participe pas \u00e0 cette alliance autour du Royaume-Uni, n\u2019est pas en reste. Mais il s\u2019agit d\u00e9sormais plus de posture que d\u2019action. Le pr\u00e9sident Emmanuel Macron a sign\u00e9 avec son homologue non-\u00e9lu, Volodymyr Zelensky, le 17 novembre, une lettre d\u2019intention selon laquelle, lorsque l\u2019industrie nationale le pourra, elle construira et vendra 100 Rafales \u00e0 l\u2019Ukraine. Puis, le 18 novembre, il a envoy\u00e9 son chef d\u2019\u00e9tat-major des arm\u00e9es, le g\u00e9n\u00e9ral Fabien Mandon, dire au Congr\u00e8s des maires de France, que les Fran\u00e7ais devaient se pr\u00e9parer \u00e0 perdre leurs enfants lors d\u2019une guerre imminente contre la Russie.<\/p>\n<p>Volodymyr Zelensky a t\u00e9l\u00e9phon\u00e9 en panique \u00e0 ses alli\u00e9s, le 21 novembre. Emmanuel Macron, Friedrich Merz et Keir Starmer ont soulign\u00e9 une fois de plus, selon l\u2019\u00c9lys\u00e9e, \u00ab<em>que toutes les d\u00e9cisions ayant des implications pour les int\u00e9r\u00eats de l\u2019Europe et de l\u2019OTAN n\u00e9cessitent le soutien conjoint et le consensus des partenaires europ\u00e9ens et des alli\u00e9s de l\u2019OTAN respectivement<\/em>\u00bb.<\/p>\n<p>Tous se sont retrouv\u00e9s, le 22 novembre, \u00e0 Johannesburg (Afrique du Sud), o\u00f9 se tenait une r\u00e9union des chefs d\u2019\u00c9tat et de gouvernements du G20, \u00e0 l\u2019exception de\u2026 Donald Trump et de Vladimir Poutine. La d\u00e9claration finale ne comprenait qu\u2019une phrase \u00e9vasive sur le sujet : \u00ab<em>Guid\u00e9s par les objectifs et les principes de la charte de l\u2019ONU dans son enti\u00e8ret\u00e9, nous travaillerons pour une paix juste, compl\u00e8te et durable au Soudan, en R\u00e9publique d\u00e9mocratique du Congo, dans les territoires occup\u00e9s palestiniens, en Ukraine, de m\u00eame que pour mettre fin \u00e0 d\u2019autres conflits et guerres autour de la plan\u00e8te<\/em>\u00bb. Des banalit\u00e9s qui ne justifient pas une telle r\u00e9union. Aussi, les Europ\u00e9ens se sont concert\u00e9s en coulisse pour \u00e9laborer une contre-proposition.<\/p>\n<p>La presse europ\u00e9enne se contente de pr\u00e9senter le plan de paix russo-\u00e9tats-unien comme \u00abfavorable \u00e0 Moscou\u00bb, ce qui n\u2019est pas du tout le cas, ni le sujet. Le plan, pour autant qu\u2019on le connaisse, pr\u00e9voit de reconna\u00eetre que la Crim\u00e9e et les deux r\u00e9publiques du Donbass (Donetsk et Lougansk) sont russes. Mais c\u2019\u00e9tait d\u00e9j\u00e0 le cas AVANT la guerre. Il pr\u00e9voit \u00e9galement que le reste de la Novorossia sera attribu\u00e9 en suivant la ligne de front. En d\u2019autres termes, presque tous les oblasts de Kherson et de Zaporijia, mais pas le port d\u2019Odessa qui aurait permis \u00e0 la Russie d\u2019\u00e9tablir une continuit\u00e9 territoriale avec la Transnistrie, candidate \u00e0 l\u2019adh\u00e9sion \u00e0 la F\u00e9d\u00e9ration de Russie.<\/p>\n<p>En outre, le plan impose que l\u2019arm\u00e9e ukrainienne, aujourd\u2019hui de 800\u00a0000\u00a0hommes, soit r\u00e9duite \u00e0 600\u00a0000\u00a0hommes, qu\u2019elle renonce aux missiles \u00e0 longue port\u00e9e, capables de frapper Moscou (qu\u2019elle n\u2019a pas pour le moment. C\u2019\u00e9tait le d\u00e9bat sur les Tomahawks \u00e9tats-uniens et les Taurus allemands), et \u00e0 l\u2019adh\u00e9sion \u00e0 l\u2019OTAN, mais des avions de chasse europ\u00e9ens pourront \u00eatre stationn\u00e9s en Pologne.<\/p>\n<p>D\u2019un point de vue russe, le plus important est ailleurs : la d\u00e9nazification du r\u00e9gime de Kiev. Un objectif fondamental dont les membres de l\u2019OTAN n\u2019ont jamais \u00e9t\u00e9 conscients. La d\u00e9nazification suppose un programme \u00e9ducatif dans chaque pays \u00e0 la culture de l\u2019autre, comme celui qui a \u00e9t\u00e9 men\u00e9 en France et en Allemagne \u00e0 la fin de la Seconde Guerre mondiale.<\/p>\n<p>Moscou obtient donc ce pourquoi il s\u2019est battu, mais pas ce qu\u2019il esp\u00e8re de longue date : le reflux de l\u2019OTAN sur ses fronti\u00e8res de 1991. Ce sera toujours une source de conflit. L\u2019Union europ\u00e9enne doit en \u00eatre consciente. Elle ne devra pas s\u2019\u00e9tonner de voir ce conflit se prolonger.<\/p>\n<p>C\u00f4t\u00e9 \u00e9tats-unien, Washington s\u2019engage \u00e0 lever les sanctions contre la Russie et \u00e0 r\u00e9int\u00e9grer Moscou au sein du G7\/8.<\/p>\n<p>Certes, le pr\u00e9sident Donald Trump est sur le point de r\u00e9ussir \u00e0 sortir son pays de ce gu\u00eapier. Mais, c\u2019est pour placer l\u2019Union europ\u00e9enne face \u00e0 ses responsabilit\u00e9s.<\/p>\n<p>La reconstruction de l\u2019Ukraine, \u00e9valu\u00e9e \u00e0 200 milliards de dollars reviendra pour moiti\u00e9 \u00e0 l\u2019UE et pour moiti\u00e9 \u00e0 la Russie. Chacun devra d\u00e9bourser 100 milliards de dollars. Les fonds russes seront pr\u00e9lev\u00e9s sur les sommes gel\u00e9es durant le conflit. Elles seront contr\u00f4l\u00e9es par les \u00c9tats-Unis qui b\u00e9n\u00e9ficieront de la moiti\u00e9 des revenus de ces investissements.<\/p>\n<p>Enfin, si l\u2019Ukraine renouvellera son engagement \u00e0 ne pas construire de bombes atomiques, l\u2019\u00e9lectricit\u00e9 produite par la centrale de Zaporijia sera destin\u00e9e pour moiti\u00e9 \u00e0 l\u2019Ukraine et pour moiti\u00e9 \u00e0 la Russie.<\/p>\n<p>Le plus dur n\u2019est \u00e9voqu\u00e9 par personne : l\u2019Union europ\u00e9enne (et par voie de cons\u00e9quence l\u2019OTAN) devra reconna\u00eetre que ces \u00e9v\u00e9nements ne constituaient pas une \u00abagression militaire ill\u00e9gale, non provoqu\u00e9e et injustifi\u00e9e\u00bb, mais une application l\u00e9gitime de la r\u00e9solution 2202 du Conseil de s\u00e9curit\u00e9, conform\u00e9ment \u00e0 la Charte des Nations unies et au droit international.<\/p>\n<p>Une introspection de chacun s\u2019impose. Tous ont nourri cette guerre dont on ne connait pas le nombre de victime. Les hauts-fonctionnaires de Bruxelles ont agi avec hubris, les gouvernements membres de l\u2019UE ont eu un comportement gr\u00e9gaire, et les peuples europ\u00e9ens se sont convaincus d\u2019incarner la paix.<\/p>\n<p>C\u2019est cette prise de conscience qui para\u00eet le plus important et qui provoquera la chute des r\u00e9gimes qui ont souhait\u00e9 et \u0153uvr\u00e9 \u00e0 \u00abmettre la Russie \u00e0 genoux\u00bb.<\/p>\n<p><a target=\"_blank\" href=\"https:\/\/reseauinternational.net\/author\/tmeyssan\/\" target=\"_blank\" rel=\"noreferrer noopener\">Thierry Meyssan<\/a><\/p>\n<p>source : <a target=\"_blank\" href=\"https:\/\/www.voltairenet.org\/article223224.html\" target=\"_blank\" rel=\"noopener\" title=\"\">R\u00e9seau Voltaire<\/a><\/p>\n<div class=\"sharedaddy sd-block sd-like jetpack-likes-widget-wrapper jetpack-likes-widget-unloaded\" id=\"like-post-wrapper-237719536-496532-69270a1210c17\" data-src=\"https:\/\/widgets.wp.com\/likes\/?ver=15.2#blog_id=237719536&amp;post_id=496532&amp;origin=reseauinternational.net&amp;obj_id=237719536-496532-69270a1210c17\" data-name=\"like-post-frame-237719536-496532-69270a1210c17\" data-title=\"Aimer ou rebloguer\">\n<h3 class=\"sd-title\">J\u2019aime \u00e7a\u00a0:<\/h3>\n<p><span class=\"button\"><span>J\u2019aime<\/span><\/span> <span class=\"loading\">chargement\u2026<\/span><\/p>\n<p><span class=\"sd-text-color\"\/><a target=\"_blank\" class=\"sd-link-color\"\/><\/div>\n<p><meta itemscope=\"\" itemprop=\"mainEntityOfPage\" itemtype=\"https:\/\/schema.org\/WebPage\" itemid=\"https:\/\/reseauinternational.net\/la-chute-du-regime-de-zelensky-et-celle-de-ses-allies\/\"\/><meta itemprop=\"headline\" content=\"La chute du r\u00e9gime de Zelensky et celle de ses alli\u00e9s\"\/><span style=\"display: none;\" itemprop=\"author\" itemscope=\"\" itemtype=\"https:\/\/schema.org\/Person\"><meta itemprop=\"name\" content=\"Thierry Meyssan\"\/><\/span><span style=\"display: none;\" itemprop=\"image\" itemscope=\"\" itemtype=\"https:\/\/schema.org\/ImageObject\"><meta itemprop=\"url\" content=\"https:\/\/i0.wp.com\/reseauinternational.net\/wp-content\/uploads\/2025\/11\/Sans-titre-8-19.png?fit=800%2C467&amp;ssl=1\"\/><meta itemprop=\"width\" content=\"800\"\/><meta itemprop=\"height\" content=\"467\"\/><\/span><span style=\"display: none;\" itemprop=\"publisher\" itemscope=\"\" itemtype=\"https:\/\/schema.org\/Organization\"><span style=\"display: none;\" itemprop=\"logo\" itemscope=\"\" itemtype=\"https:\/\/schema.org\/ImageObject\"><meta itemprop=\"url\" content=\"https:\/\/reseauinternational.net\/wp-content\/uploads\/2022\/06\/Capture-de\u0301cran-2022-06-14-a\u0300-16.51.07.png\"\/><\/span><meta itemprop=\"name\" content=\"Thierry Meyssan\"\/><\/span><meta itemprop=\"datePublished\" content=\"2025-11-26T10:19:40+00:00\"\/><meta itemprop=\"dateModified\" content=\"2025-11-26T10:20:13+00:00\"\/><\/div>\n<p><br \/>\n<br \/><a href=\"https:\/\/reseauinternational.net\/la-chute-du-regime-de-zelensky-et-celle-de-ses-allies\/\" target=\"_blank\"\">Source link <\/a><\/p>\n","protected":false},"excerpt":{"rendered":"<p>Campagne de dons Octobre 2025 Appel aux dons \u2013 Votre soutien nous est indispensable pour continuer \u00e0 vous fournir le meilleur de l\u2019information internationale alternative. C\u2019est gr\u00e2ce \u00e0 vos dons&hellip; <\/p>\n","protected":false},"author":1,"featured_media":20024,"comment_status":"open","ping_status":"open","sticky":false,"template":"","format":"standard","meta":{"footnotes":""},"categories":[1],"tags":[],"class_list":["post-20023","post","type-post","status-publish","format-standard","has-post-thumbnail","hentry","category-non-classe"],"_links":{"self":[{"href":"https:\/\/monde25.info\/index.php\/wp-json\/wp\/v2\/posts\/20023","targetHints":{"allow":["GET"]}}],"collection":[{"href":"https:\/\/monde25.info\/index.php\/wp-json\/wp\/v2\/posts"}],"about":[{"href":"https:\/\/monde25.info\/index.php\/wp-json\/wp\/v2\/types\/post"}],"author":[{"embeddable":true,"href":"https:\/\/monde25.info\/index.php\/wp-json\/wp\/v2\/users\/1"}],"replies":[{"embeddable":true,"href":"https:\/\/monde25.info\/index.php\/wp-json\/wp\/v2\/comments?post=20023"}],"version-history":[{"count":0,"href":"https:\/\/monde25.info\/index.php\/wp-json\/wp\/v2\/posts\/20023\/revisions"}],"wp:featuredmedia":[{"embeddable":true,"href":"https:\/\/monde25.info\/index.php\/wp-json\/wp\/v2\/media\/20024"}],"wp:attachment":[{"href":"https:\/\/monde25.info\/index.php\/wp-json\/wp\/v2\/media?parent=20023"}],"wp:term":[{"taxonomy":"category","embeddable":true,"href":"https:\/\/monde25.info\/index.php\/wp-json\/wp\/v2\/categories?post=20023"},{"taxonomy":"post_tag","embeddable":true,"href":"https:\/\/monde25.info\/index.php\/wp-json\/wp\/v2\/tags?post=20023"}],"curies":[{"name":"wp","href":"https:\/\/api.w.org\/{rel}","templated":true}]}}