{"id":20028,"date":"2025-11-26T19:03:48","date_gmt":"2025-11-26T18:03:48","guid":{"rendered":"https:\/\/monde25.info\/index.php\/2025\/11\/26\/libre-echange-des-paysans-bloquent-un-leader-mondial-de-la-tomate-cerise\/"},"modified":"2025-11-26T19:03:48","modified_gmt":"2025-11-26T18:03:48","slug":"libre-echange-des-paysans-bloquent-un-leader-mondial-de-la-tomate-cerise","status":"publish","type":"post","link":"https:\/\/monde25.info\/index.php\/2025\/11\/26\/libre-echange-des-paysans-bloquent-un-leader-mondial-de-la-tomate-cerise\/","title":{"rendered":"Libre-\u00e9change\u00a0: des paysans bloquent un leader mondial de la tomate cerise"},"content":{"rendered":"<p> <br \/>\n<br \/><img loading=\"lazy\" decoding=\"async\" src=\"https:\/\/reporterre.net\/local\/cache-vignettes\/L700xH467\/aberlioz-2025-11-26-0001_resized-03e32.jpg?1764176379\" class=\"spip_logo\" width=\"700\" height=\"467\" alt=\"\" \/><\/p>\n<p>Une soixantaine de paysans ont men\u00e9, \u00e0 Perpignan, plusieurs actions contre l&rsquo;importateur franco-marocain de fruits et l\u00e9gumes Azura. Ils d\u00e9noncent l&rsquo;accord entre l&rsquo;<span class=\"caps\">UE<\/span> et le Maroc et les droits bafou\u00e9s du Sahara occidental. <br class=\"autobr\" \/><br \/>\nPerpignan (Pyr\u00e9n\u00e9es-Orientales), reportage <br class=\"autobr\" \/><br \/>\n\u00ab<small class=\"fine d-inline\">\u00a0<\/small>Inspection paysanne<small class=\"fine d-inline\">\u00a0<\/small>!<small class=\"fine d-inline\">\u00a0<\/small>\u00bb Il est un peu plus de 8\u00a0h\u00a030 lorsqu&rsquo;un petit groupe de paysans tente de p\u00e9n\u00e9trer dans un centre logistique en p\u00e9riph\u00e9rie de Perpignan. L&rsquo;action organis\u00e9e par la Conf\u00e9d\u00e9ration paysanne cible le groupe\u00a0(\u2026)<\/p>\n<p>                    <a target=\"_blank\" href=\"https:\/\/reporterre.net\/Libre-echange-des-paysans-bloquent-un-leader-mondial-de-la-tomate-cerise?utm_source=RSS&amp;utm_medium=RSS\">Lire la suite<\/a><\/p>\n<p>                    &#8211;<br \/>\n                        <a target=\"_blank\" href=\"https:\/\/reporterre.net\/Reportage\" rel=\"directory\">Reportage<\/a><\/p>\n<p>                    \/<br \/>\n                        <a target=\"_blank\" href=\"https:\/\/reporterre.net\/Luttes\" rel=\"tag\">Luttes<\/a><br \/>\n<br \/><br \/>\n<br \/><a href=\"https:\/\/reporterre.net\/Libre-echange-des-paysans-bloquent-un-leader-mondial-de-la-tomate-cerise\" target=\"_blank\"\">Source link <\/a><\/p>\n","protected":false},"excerpt":{"rendered":"<p>Une soixantaine de paysans ont men\u00e9, \u00e0 Perpignan, plusieurs actions contre l&rsquo;importateur franco-marocain de fruits et l\u00e9gumes Azura. Ils d\u00e9noncent l&rsquo;accord entre l&rsquo;UE et le Maroc et les droits bafou\u00e9s&hellip; <\/p>\n","protected":false},"author":1,"featured_media":0,"comment_status":"open","ping_status":"open","sticky":false,"template":"","format":"standard","meta":{"footnotes":""},"categories":[1],"tags":[],"class_list":["post-20028","post","type-post","status-publish","format-standard","hentry","category-non-classe"],"_links":{"self":[{"href":"https:\/\/monde25.info\/index.php\/wp-json\/wp\/v2\/posts\/20028","targetHints":{"allow":["GET"]}}],"collection":[{"href":"https:\/\/monde25.info\/index.php\/wp-json\/wp\/v2\/posts"}],"about":[{"href":"https:\/\/monde25.info\/index.php\/wp-json\/wp\/v2\/types\/post"}],"author":[{"embeddable":true,"href":"https:\/\/monde25.info\/index.php\/wp-json\/wp\/v2\/users\/1"}],"replies":[{"embeddable":true,"href":"https:\/\/monde25.info\/index.php\/wp-json\/wp\/v2\/comments?post=20028"}],"version-history":[{"count":0,"href":"https:\/\/monde25.info\/index.php\/wp-json\/wp\/v2\/posts\/20028\/revisions"}],"wp:attachment":[{"href":"https:\/\/monde25.info\/index.php\/wp-json\/wp\/v2\/media?parent=20028"}],"wp:term":[{"taxonomy":"category","embeddable":true,"href":"https:\/\/monde25.info\/index.php\/wp-json\/wp\/v2\/categories?post=20028"},{"taxonomy":"post_tag","embeddable":true,"href":"https:\/\/monde25.info\/index.php\/wp-json\/wp\/v2\/tags?post=20028"}],"curies":[{"name":"wp","href":"https:\/\/api.w.org\/{rel}","templated":true}]}}