{"id":20035,"date":"2025-11-27T00:00:38","date_gmt":"2025-11-26T23:00:38","guid":{"rendered":"https:\/\/monde25.info\/index.php\/2025\/11\/27\/que-des-reves-lavrov-balaie-les-propos-de-macron-sur-le-reglement-du-conflit-ukrainien\/"},"modified":"2025-11-27T00:00:38","modified_gmt":"2025-11-26T23:00:38","slug":"que-des-reves-lavrov-balaie-les-propos-de-macron-sur-le-reglement-du-conflit-ukrainien","status":"publish","type":"post","link":"https:\/\/monde25.info\/index.php\/2025\/11\/27\/que-des-reves-lavrov-balaie-les-propos-de-macron-sur-le-reglement-du-conflit-ukrainien\/","title":{"rendered":"\u00abQue des r\u00eaves\u00bb : Lavrov balaie les propos de Macron sur le r\u00e8glement du conflit ukrainien"},"content":{"rendered":"<p> <br \/>\n<\/p>\n<div>\n<ol class=\"campaign-loop campaign-list\">\n<li id=\"campaign-482494\" class=\"post-482494 campaign type-campaign status-publish hentry campaign-has-goal campaign-has-not-achieved-goal campaign-has-end-date campaign-has-not-ended\">\n\t<a target=\"_blank\" href=\"https:\/\/reseauinternational.net\/campaigns\/campagne-de-dons-septembre-octobre-2025\/\"><\/p>\n<h3>Campagne de dons Octobre 2025<\/h3>\n<p>\t\t\t<\/a><\/p>\n<p>\n\tAppel aux dons \u2013 Votre soutien nous est indispensable pour continuer \u00e0 vous fournir le meilleur de l\u2019information internationale alternative. C\u2019est gr\u00e2ce \u00e0 vos dons que nous pourrons maintenir le cap pour une information plurielle et r\u00e9ellement alternative. Nous comptons sur vous.<\/p>\n<p>\n<span class=\"amount\">21 006,00\u00a0\u20ac<\/span> de l\u2019objectif de <span class=\"goal-amount\">25 000,00\u00a0\u20ac<\/span> atteint<\/p>\n<\/li>\n<\/ol>\n<p>par <strong>RT France<\/strong><\/p>\n<p><strong>Le chef de la diplomatie russe a tenu ce 25 novembre une conf\u00e9rence de presse au cours de laquelle il a comment\u00e9 le plan de paix propos\u00e9 \u00e0 Kiev par Donald Trump ainsi que les d\u00e9clarations d\u2019Emmanuel Macron sur le r\u00e8glement du conflit, jug\u00e9es irr\u00e9alistes par Moscou.<\/strong><\/p>\n<p>Lors d\u2019une conf\u00e9rence de presse, ce 25 novembre, \u00e0 l\u2019issue d\u2019une r\u00e9union avec son homologue bi\u00e9lorusse Maxime Ryjenkov, le ministre russe des Affaires \u00e9trang\u00e8res\u00a0Sergue\u00ef Lavrov a d\u00e9clar\u00e9 que son pays avait \u00ab<em>re\u00e7u<\/em>\u00bb le plan de Donald Trump pour la r\u00e9solution de la crise ukrainienne, mais que cela s\u2019\u00e9tait fait \u00ab<em>par des voies non officielles<\/em>\u00bb.<\/p>\n<p>\u00ab<em>Nous sommes, naturellement, comme l\u2019a dit le pr\u00e9sident Vladimir Poutine, pr\u00eats \u00e0 discuter des d\u00e9tails de formulation, car toute une s\u00e9rie de points n\u00e9cessite des \u00e9claircissements<\/em>\u00bb, a-t-il par ailleurs \u00e9voqu\u00e9 concernant ce projet de plan de paix en 28 points soumis \u00e0 Kiev par Washington. Plan, dont ils n\u2019auraient pas \u00ab<em>la version<\/em>\u00bb sur laquelle \u00ab<em>les m\u00e9dias sp\u00e9culent<\/em>\u00bb, a-t-il pr\u00e9cis\u00e9, assurant que Moscou attendrait de Washington qu\u2019il lui pr\u00e9sente une version \u00e9labor\u00e9e en accord avec l\u2019Europe et l\u2019Ukraine.<\/p>\n<p>Dans celle-ci, la Russie l\u2019examinera \u00ab<em>si l\u2019esprit et la lettre de l\u2019accord d\u2019Anchorage sont bafou\u00e9s<\/em>\u00bb concernant les points jug\u00e9s essentiels par Moscou. Si tel est le cas, \u00ab<em>la situation sera \u00e9videmment fondamentalement diff\u00e9rente<\/em>\u00bb, a pr\u00e9venu Lavrov.<\/p>\n<p>Selon des titres de la presse europ\u00e9enne, la version du plan soumis par le pr\u00e9sident am\u00e9ricain aurait \u00e9t\u00e9 \u00ab<em>sensiblement<\/em>\u00bb amend\u00e9e par les Europ\u00e9ens lors des r\u00e9centes discussions \u00e0 Gen\u00e8ve.<\/p>\n<p>\u00c0 ce titre, le chef de la diplomatie russe s\u2019est \u00e9galement montr\u00e9 critique \u00e0 l\u2019endroit de \u00ab<em>ceux qui se livrent<\/em>\u00bb \u00e0 une \u00ab<em>diplomatie m\u00e9diatique<\/em>\u00bb et qui poursuivent \u00ab<em>des objectifs loin d\u2019\u00eatre nobles<\/em>\u00bb. Dans le collimateur du ministre russe figure notamment Emmanuel Macron. \u00ab<em>Nous voulons la paix, mais pas une capitulation<\/em>\u00bb, a lanc\u00e9 ce 25 novembre le pr\u00e9sident fran\u00e7ais au micro de <em>RTL<\/em>, au sujet du plan de paix de son homologue am\u00e9ricain.<\/p>\n<h5 class=\"wp-block-heading\"><strong>R\u00e9solution de la crise ukrainienne : les Europ\u00e9ens ont \u00abg\u00e2ch\u00e9\u00bb leurs chances<\/strong><\/h5>\n<p>Lors de cet exercice m\u00e9diatique, Emmanuel Macron en a profit\u00e9 pour ressasser une \u00e9ni\u00e8me fois son\u00a0souhait\u00a0que\u00a0des soldats occidentaux soient d\u00e9ploy\u00e9s en Ukraine, \u00e0 l\u2019issue du conflit, au titre d\u2019une \u00ab<em>force de r\u00e9assurance<\/em>\u00bb et d\u2019affirmer que seule la Russie ne voudrait pas de la paix. \u00ab<em>Ce ne sont l\u00e0 que des r\u00eaves qui n\u2019ont rien \u00e0 voir avec un r\u00e8glement pacifique<\/em>\u00bb, a balay\u00e9 Lavrov, fustigeant \u00ab<em>une d\u00e9claration tr\u00e8s agressive<\/em>\u00bb. Il a par ailleurs accus\u00e9 les responsables politiques europ\u00e9ens d\u2019instrumentaliser la crise ukrainienne, estimant que \u00ab<em>certaines man\u0153uvres<\/em>\u00bb ne visent \u00ab<em>qu\u2019\u00e0 d\u00e9tourner l\u2019attention de leur \u00e9lectorat d\u2019une politique totalement rat\u00e9e en mati\u00e8re de d\u00e9veloppement \u00e9conomique et social<\/em>\u00bb.<\/p>\n<p>Selon Lavrov, \u00ab<em>certains pays europ\u00e9ens<\/em>\u00bb commenceraient \u00e0 r\u00e9fl\u00e9chir \u00e0 la suite \u00e0 donner \u00e0 leurs relations avec la Russie. Quant \u00e0 cet avenir, en mati\u00e8re d\u2019architecture de s\u00e9curit\u00e9, le chef de la diplomatie russe a clairement fait part de sa pr\u00e9f\u00e9rence pour une \u00ab<em>approche eurasienne<\/em>\u00bb, rel\u00e9guant l\u2019Union europ\u00e9enne au rang de \u00ab<em>simple annexe de l\u2019OTAN<\/em>\u00bb o\u00f9 les int\u00e9r\u00eats europ\u00e9ens ne seraient plus repr\u00e9sent\u00e9s. Des Europ\u00e9ens insistant sur leur participation \u00e0 tout accord de paix, alors m\u00eame, a-t-il fustig\u00e9, qu\u2019ils ont depuis 2014 \u00ab<em>simplement g\u00e2ch\u00e9<\/em>\u00bb leurs \u00ab<em>chances<\/em>\u00bb de contribuer \u00e0 la r\u00e9solution de la crise ukrainienne.<\/p>\n<p>Sergue\u00ef Lavrov a notamment renvoy\u00e9 aux aveux des anciens chefs d\u2019\u00c9tat fran\u00e7ais et allemand \u2013 <a target=\"_blank\" href=\"https:\/\/francais.rt.com\/international\/105302-accords-minsk-francois-hollande-se-confie-son-ainsu-imitateurs-russes-vovan-et-lexus\" target=\"_blank\" rel=\"noopener\" title=\"\">Fran\u00e7ois Hollande<\/a> et <a target=\"_blank\" href=\"https:\/\/francais.rt.com\/international\/102967-accords-minsk-utilises-pour-donner-du-temps-kiev-aveu-historique-angela-merkel\" target=\"_blank\" rel=\"noopener\" title=\"\">Angela Merkel<\/a> \u2013 concernant les accords de Minsk, qui, selon les propos de l\u2019ex-chanceli\u00e8re, n\u2019auraient \u00e9t\u00e9 qu\u2019\u00ab<em>une tentative de donner du temps \u00e0 l\u2019Ukraine<\/em>\u00bb en vue d\u2019un conflit ouvert avec la Russie. Le ministre russe a \u00e9galement rappel\u00e9 le concours de l\u2019ex-Premier ministre britannique Boris Johnson \u00e0 <a target=\"_blank\" href=\"https:\/\/francais.rt.com\/international\/108115-neutralite-ou-guerre-depute-ukrainien-admet-role-johnson\" target=\"_blank\" rel=\"noopener\" title=\"\">l\u2019\u00e9chec<\/a> des pourparlers d\u2019Istanbul au printemps 2022.<\/p>\n<p>\u00c0 l\u2019inverse, le chef de la diplomatie russe a salu\u00e9 la m\u00e9diation de la Turquie, ainsi que la position de la Hongrie, et celle des \u00c9tats-Unis, \u00ab<em>seul pays occidental, contrairement \u00e0 Londres, Bruxelles, Paris et Berlin, \u00e0 avoir pris l\u2019initiative de trouver une solution<\/em>\u00bb.<\/p>\n<p>source : <a target=\"_blank\" href=\"https:\/\/francais.rt.com\/russie\/127702-declarations-macron-conflit-simples-reves\" target=\"_blank\" rel=\"noopener\" title=\"\">RT France<\/a><\/p>\n<div class=\"sharedaddy sd-block sd-like jetpack-likes-widget-wrapper jetpack-likes-widget-unloaded\" id=\"like-post-wrapper-237719536-496534-69277793f26db\" data-src=\"https:\/\/widgets.wp.com\/likes\/?ver=15.2#blog_id=237719536&amp;post_id=496534&amp;origin=reseauinternational.net&amp;obj_id=237719536-496534-69277793f26db\" data-name=\"like-post-frame-237719536-496534-69277793f26db\" data-title=\"Aimer ou rebloguer\">\n<h3 class=\"sd-title\">J\u2019aime \u00e7a\u00a0:<\/h3>\n<p><span class=\"button\"><span>J\u2019aime<\/span><\/span> <span class=\"loading\">chargement\u2026<\/span><\/p>\n<p><span class=\"sd-text-color\"\/><a target=\"_blank\" class=\"sd-link-color\"\/><\/div>\n<p><meta itemscope=\"\" itemprop=\"mainEntityOfPage\" itemtype=\"https:\/\/schema.org\/WebPage\" itemid=\"https:\/\/reseauinternational.net\/que-des-reves-lavrov-balaie-les-propos-de-macron-sur-le-reglement-du-conflit-ukrainien\/\"\/><meta itemprop=\"headline\" content=\"\u00abQue des r\u00eaves\u00bb : Lavrov balaie les propos de Macron sur le r\u00e8glement du conflit ukrainien\"\/><span style=\"display: none;\" itemprop=\"author\" itemscope=\"\" itemtype=\"https:\/\/schema.org\/Person\"><meta itemprop=\"name\" content=\"R\u00e9seau International\"\/><\/span><span style=\"display: none;\" itemprop=\"image\" itemscope=\"\" itemtype=\"https:\/\/schema.org\/ImageObject\"><meta itemprop=\"url\" content=\"https:\/\/i0.wp.com\/reseauinternational.net\/wp-content\/uploads\/2025\/11\/Sans-titre-20-17.png?fit=800%2C467&amp;ssl=1\"\/><meta itemprop=\"width\" content=\"800\"\/><meta itemprop=\"height\" content=\"467\"\/><\/span><span style=\"display: none;\" itemprop=\"publisher\" itemscope=\"\" itemtype=\"https:\/\/schema.org\/Organization\"><span style=\"display: none;\" itemprop=\"logo\" itemscope=\"\" itemtype=\"https:\/\/schema.org\/ImageObject\"><meta itemprop=\"url\" content=\"https:\/\/reseauinternational.net\/wp-content\/uploads\/2022\/06\/Capture-de\u0301cran-2022-06-14-a\u0300-16.51.07.png\"\/><\/span><meta itemprop=\"name\" content=\"R\u00e9seau International\"\/><\/span><meta itemprop=\"datePublished\" content=\"2025-11-26T10:19:32+00:00\"\/><meta itemprop=\"dateModified\" content=\"2025-11-26T10:20:06+00:00\"\/><\/div>\n<p><br \/>\n<br \/><a href=\"https:\/\/reseauinternational.net\/que-des-reves-lavrov-balaie-les-propos-de-macron-sur-le-reglement-du-conflit-ukrainien\/\" target=\"_blank\"\">Source link <\/a><\/p>\n","protected":false},"excerpt":{"rendered":"<p>Campagne de dons Octobre 2025 Appel aux dons \u2013 Votre soutien nous est indispensable pour continuer \u00e0 vous fournir le meilleur de l\u2019information internationale alternative. C\u2019est gr\u00e2ce \u00e0 vos dons&hellip; <\/p>\n","protected":false},"author":1,"featured_media":20036,"comment_status":"open","ping_status":"open","sticky":false,"template":"","format":"standard","meta":{"footnotes":""},"categories":[1],"tags":[],"class_list":["post-20035","post","type-post","status-publish","format-standard","has-post-thumbnail","hentry","category-non-classe"],"_links":{"self":[{"href":"https:\/\/monde25.info\/index.php\/wp-json\/wp\/v2\/posts\/20035","targetHints":{"allow":["GET"]}}],"collection":[{"href":"https:\/\/monde25.info\/index.php\/wp-json\/wp\/v2\/posts"}],"about":[{"href":"https:\/\/monde25.info\/index.php\/wp-json\/wp\/v2\/types\/post"}],"author":[{"embeddable":true,"href":"https:\/\/monde25.info\/index.php\/wp-json\/wp\/v2\/users\/1"}],"replies":[{"embeddable":true,"href":"https:\/\/monde25.info\/index.php\/wp-json\/wp\/v2\/comments?post=20035"}],"version-history":[{"count":0,"href":"https:\/\/monde25.info\/index.php\/wp-json\/wp\/v2\/posts\/20035\/revisions"}],"wp:featuredmedia":[{"embeddable":true,"href":"https:\/\/monde25.info\/index.php\/wp-json\/wp\/v2\/media\/20036"}],"wp:attachment":[{"href":"https:\/\/monde25.info\/index.php\/wp-json\/wp\/v2\/media?parent=20035"}],"wp:term":[{"taxonomy":"category","embeddable":true,"href":"https:\/\/monde25.info\/index.php\/wp-json\/wp\/v2\/categories?post=20035"},{"taxonomy":"post_tag","embeddable":true,"href":"https:\/\/monde25.info\/index.php\/wp-json\/wp\/v2\/tags?post=20035"}],"curies":[{"name":"wp","href":"https:\/\/api.w.org\/{rel}","templated":true}]}}