{"id":20037,"date":"2025-11-27T00:33:51","date_gmt":"2025-11-26T23:33:51","guid":{"rendered":"https:\/\/monde25.info\/index.php\/2025\/11\/27\/leurope-forme-une-alliance-internationale-pour-briser-la-dependance-technologique\/"},"modified":"2025-11-27T00:33:51","modified_gmt":"2025-11-26T23:33:51","slug":"leurope-forme-une-alliance-internationale-pour-briser-la-dependance-technologique","status":"publish","type":"post","link":"https:\/\/monde25.info\/index.php\/2025\/11\/27\/leurope-forme-une-alliance-internationale-pour-briser-la-dependance-technologique\/","title":{"rendered":"L&rsquo;Europe forme une alliance internationale pour briser la d\u00e9pendance technologique"},"content":{"rendered":"<p> <br \/>\n<\/p>\n<div>\n<p><strong>Mardi, \u00e0 Berlin, onze g\u00e9ants industriels ont d\u00e9cid\u00e9 de s&rsquo;unir pour tenter de mettre fin au <\/strong><em><strong>statu quo<\/strong><\/em><strong>, qui fait du continent un simple consommateur des technologies am\u00e9ricaines et chinoises. Leur alliance, pr\u00e9sent\u00e9e lors du Sommet sur la souverainet\u00e9 num\u00e9rique europ\u00e9enne, pourrait bien devenir le premier front commun du secteur.<\/strong><\/p>\n<p>L\u2019European Sovereign Tech Industry Alliance (Estia), r\u00e9v\u00e9l\u00e9e notamment par <em>France 24<\/em>, sera compos\u00e9e<em> <\/em>d\u2019Airbus, Dassault Syst\u00e8mes, Orange, OVHcloud ou encore Sopra Steria, ainsi que de sept autres groupes. Le collectif sera officiellement op\u00e9rationnel en 2026. Sa mission est d&rsquo;offrir \u00e0 l\u2019Union europ\u00e9enne une autonomie technologique r\u00e9elle pour \u00e9viter de d\u00e9pendre des mastodontes du secteur. Cela passe par une d\u00e9finition juridique rigoureuse du \u00ab cloud souverain \u00bb dans le futur Cloud and AI Development Act. Les membres militent pour un cadre calqu\u00e9 sur le standard EUCS High+, garantissant localisation stricte des donn\u00e9es, infrastructures ma\u00eetris\u00e9es et r\u00e9sistance aux l\u00e9gislations extraterritoriales. Un mod\u00e8le pouss\u00e9 par la France, mais encore discut\u00e9 par certains \u00c9tats membres, Allemagne en t\u00eate.<\/p>\n<p>L\u2019enjeu est important. \u00c0 Berlin, Emmanuel Macron et le chancelier Friedrich Merz ont affich\u00e9 un front uni pour \u00e9viter, selon les mots du pr\u00e9sident fran\u00e7ais, que l\u2019Europe devienne un \u00ab vassal \u00bb de la tech \u00e9trang\u00e8re. Tous deux insistent sur la n\u00e9cessit\u00e9 d\u2019innover sans rogner sur la coop\u00e9ration internationale. Les r\u00e9centes pannes chez Cloudflare ou AWS, rappel\u00e9es par Merz, ont montr\u00e9 \u00e0 quel point le syst\u00e8me actuel est vuln\u00e9rable. Reste \u00e0 savoir si l&rsquo;engagement politico-industriel de l&rsquo;Estia sera suffisant pour renverser la vapeur.<\/p>\n<p>Comme le rapporte <a target=\"_blank\" href=\"https:\/\/siecledigital.fr\/2025\/11\/21\/souverainete-numerique-leurope-lance-une-alliance-inedite-pour-reduire-sa-dependance-aux-etats-unis-et-a-la-chine\/\"><em>Si\u00e8cle Digital<\/em><\/a>, pour l&rsquo;heure, les industriels promettent 12 milliards d\u2019euros d\u2019investissements. C&rsquo;est symbolique. Roland Lescure, ministre fran\u00e7ais de l\u2019\u00c9conomie, pr\u00e9vient qu\u2019il faudra \u00ab des centaines de milliards \u00bb pour emp\u00eacher que \u00ab les euros ne deviennent des dollars \u00bb. Autrement dit, ce n&rsquo;est pas gagn\u00e9.<\/p>\n<\/div>\n<p><script>(function(d, s, id) {  var js, fjs = d.getElementsByTagName(s)[0];  if (d.getElementById(id)) return;  js = d.createElement(s); js.id = id;  js.src = \"\/\/connect.facebook.net\/fr_FR\/sdk.js#xfbml=1&version=v2.3\";  fjs.parentNode.insertBefore(js, fjs);}(document, \"script\", \"facebook-jssdk\"));<\/script><br \/>\n<br \/><br \/>\n<br \/><a href=\"https:\/\/www.francesoir.fr\/societe-economie\/l-europe-forme-une-alliance-internationale-pour-briser-la-dependance-technologique\" target=\"_blank\"\">Source link <\/a><\/p>\n","protected":false},"excerpt":{"rendered":"<p>Mardi, \u00e0 Berlin, onze g\u00e9ants industriels ont d\u00e9cid\u00e9 de s&rsquo;unir pour tenter de mettre fin au statu quo, qui fait du continent un simple consommateur des technologies am\u00e9ricaines et chinoises.&hellip; <\/p>\n","protected":false},"author":1,"featured_media":17852,"comment_status":"open","ping_status":"open","sticky":false,"template":"","format":"standard","meta":{"footnotes":""},"categories":[1],"tags":[],"class_list":["post-20037","post","type-post","status-publish","format-standard","has-post-thumbnail","hentry","category-non-classe"],"_links":{"self":[{"href":"https:\/\/monde25.info\/index.php\/wp-json\/wp\/v2\/posts\/20037","targetHints":{"allow":["GET"]}}],"collection":[{"href":"https:\/\/monde25.info\/index.php\/wp-json\/wp\/v2\/posts"}],"about":[{"href":"https:\/\/monde25.info\/index.php\/wp-json\/wp\/v2\/types\/post"}],"author":[{"embeddable":true,"href":"https:\/\/monde25.info\/index.php\/wp-json\/wp\/v2\/users\/1"}],"replies":[{"embeddable":true,"href":"https:\/\/monde25.info\/index.php\/wp-json\/wp\/v2\/comments?post=20037"}],"version-history":[{"count":0,"href":"https:\/\/monde25.info\/index.php\/wp-json\/wp\/v2\/posts\/20037\/revisions"}],"wp:featuredmedia":[{"embeddable":true,"href":"https:\/\/monde25.info\/index.php\/wp-json\/wp\/v2\/media\/17852"}],"wp:attachment":[{"href":"https:\/\/monde25.info\/index.php\/wp-json\/wp\/v2\/media?parent=20037"}],"wp:term":[{"taxonomy":"category","embeddable":true,"href":"https:\/\/monde25.info\/index.php\/wp-json\/wp\/v2\/categories?post=20037"},{"taxonomy":"post_tag","embeddable":true,"href":"https:\/\/monde25.info\/index.php\/wp-json\/wp\/v2\/tags?post=20037"}],"curies":[{"name":"wp","href":"https:\/\/api.w.org\/{rel}","templated":true}]}}