{"id":20040,"date":"2025-11-27T03:51:38","date_gmt":"2025-11-27T02:51:38","guid":{"rendered":"https:\/\/monde25.info\/index.php\/2025\/11\/27\/black-friday-des-ong-denoncent-lexploitation-des-ouvrieres-du-textile\/"},"modified":"2025-11-27T03:51:38","modified_gmt":"2025-11-27T02:51:38","slug":"black-friday-des-ong-denoncent-lexploitation-des-ouvrieres-du-textile","status":"publish","type":"post","link":"https:\/\/monde25.info\/index.php\/2025\/11\/27\/black-friday-des-ong-denoncent-lexploitation-des-ouvrieres-du-textile\/","title":{"rendered":"Black Friday\u00a0: des ONG d\u00e9noncent l&#039;exploitation des ouvri\u00e8res du textile"},"content":{"rendered":"<p> <br \/>\n<br \/><img loading=\"lazy\" decoding=\"async\" src=\"https:\/\/reporterre.net\/local\/cache-vignettes\/L700xH467\/afp__20250706__64wy8xz__v1__highres__bangladeshuseconomytradetariff-b53c1.jpg?1764201600\" class=\"spip_logo\" width=\"700\" height=\"467\" alt=\"\" \/><\/p>\n<p>\u00c0 la veille des folles promotions du Black Friday dans le secteur des v\u00eatements, plusieurs organisations d\u00e9noncent les conditions dramatiques dans lesquelles continuent de travailler les ouvriers, et surtout les ouvri\u00e8res du textile, majoritaires dans ces usines. <br class=\"autobr\" \/><br \/>\nAmnesty International publie le 27\u00a0novembre un rapport\u00a0sur l&rsquo;absence de libert\u00e9 syndicale dans quatre pays poids lourds de la confection de l&rsquo;habillement\u00a0: Bangladesh, Inde, Pakistan et Sri Lanka. <br class=\"autobr\" \/><br \/>\nAucune libert\u00e9 syndicale <br class=\"autobr\" \/><br \/>\nLes\u00a0(\u2026)<\/p>\n<p>                    <a target=\"_blank\" href=\"https:\/\/reporterre.net\/Black-Friday-des-ONG-denoncent-l-exploitation-des-ouvrieres-du-textile?utm_source=RSS&amp;utm_medium=RSS\">Lire la suite<\/a><\/p>\n<p>                    &#8211;<br \/>\n                        <a target=\"_blank\" href=\"https:\/\/reporterre.net\/Breves-20\" rel=\"directory\">En bref<\/a><\/p>\n<p>                    \/<br \/>\n                        <a target=\"_blank\" href=\"https:\/\/reporterre.net\/Quotidien\" rel=\"tag\">Quotidien<\/a><br \/>\n<br \/><br \/>\n<br \/><a href=\"https:\/\/reporterre.net\/Black-Friday-des-ONG-denoncent-l-exploitation-des-ouvrieres-du-textile\" target=\"_blank\"\">Source link <\/a><\/p>\n","protected":false},"excerpt":{"rendered":"<p>\u00c0 la veille des folles promotions du Black Friday dans le secteur des v\u00eatements, plusieurs organisations d\u00e9noncent les conditions dramatiques dans lesquelles continuent de travailler les ouvriers, et surtout les&hellip; <\/p>\n","protected":false},"author":1,"featured_media":0,"comment_status":"open","ping_status":"open","sticky":false,"template":"","format":"standard","meta":{"footnotes":""},"categories":[1],"tags":[],"class_list":["post-20040","post","type-post","status-publish","format-standard","hentry","category-non-classe"],"_links":{"self":[{"href":"https:\/\/monde25.info\/index.php\/wp-json\/wp\/v2\/posts\/20040","targetHints":{"allow":["GET"]}}],"collection":[{"href":"https:\/\/monde25.info\/index.php\/wp-json\/wp\/v2\/posts"}],"about":[{"href":"https:\/\/monde25.info\/index.php\/wp-json\/wp\/v2\/types\/post"}],"author":[{"embeddable":true,"href":"https:\/\/monde25.info\/index.php\/wp-json\/wp\/v2\/users\/1"}],"replies":[{"embeddable":true,"href":"https:\/\/monde25.info\/index.php\/wp-json\/wp\/v2\/comments?post=20040"}],"version-history":[{"count":0,"href":"https:\/\/monde25.info\/index.php\/wp-json\/wp\/v2\/posts\/20040\/revisions"}],"wp:attachment":[{"href":"https:\/\/monde25.info\/index.php\/wp-json\/wp\/v2\/media?parent=20040"}],"wp:term":[{"taxonomy":"category","embeddable":true,"href":"https:\/\/monde25.info\/index.php\/wp-json\/wp\/v2\/categories?post=20040"},{"taxonomy":"post_tag","embeddable":true,"href":"https:\/\/monde25.info\/index.php\/wp-json\/wp\/v2\/tags?post=20040"}],"curies":[{"name":"wp","href":"https:\/\/api.w.org\/{rel}","templated":true}]}}