{"id":20045,"date":"2025-11-27T05:30:38","date_gmt":"2025-11-27T04:30:38","guid":{"rendered":"https:\/\/monde25.info\/index.php\/2025\/11\/27\/le-modele-economique-et-le-futur-de-laudiovisuel-en-afrique-a-lordre-du-jour-du-forum-africain-de-la-telediffusion-a-dakar\/"},"modified":"2025-11-27T05:30:38","modified_gmt":"2025-11-27T04:30:38","slug":"le-modele-economique-et-le-futur-de-laudiovisuel-en-afrique-a-lordre-du-jour-du-forum-africain-de-la-telediffusion-a-dakar","status":"publish","type":"post","link":"https:\/\/monde25.info\/index.php\/2025\/11\/27\/le-modele-economique-et-le-futur-de-laudiovisuel-en-afrique-a-lordre-du-jour-du-forum-africain-de-la-telediffusion-a-dakar\/","title":{"rendered":"Le mod\u00e8le \u00e9conomique et le futur de l\u2019audiovisuel en Afrique, \u00e0 l\u2019ordre du jour du forum africain de la t\u00e9l\u00e9diffusion \u00e0 Dakar"},"content":{"rendered":"<p> <br \/>\n<br \/><img decoding=\"async\" src=\"https:\/\/mf.b37mrtl.ru\/french\/images\/2025.11\/thumbnail\/692734b287f3ec78034716fc.jpg\" \/><\/p>\n<div>\n<p class=\"text__summary\">\n                                        D\u00e9fis de la t\u00e9l\u00e9diffusion num\u00e9rique terrestre en Afrique, audiovisuel souverain et apport de RT au champ m\u00e9diatique africain, sur fond de discussions sur les mod\u00e8les \u00e9conomiques aptes \u00e0 lancer le secteur, sont autant d\u2019axes qui ont structur\u00e9 la deuxi\u00e8me journ\u00e9e du forum africain de la t\u00e9l\u00e9diffusion.\n                                    <\/p>\n<p>La deuxi\u00e8me et derni\u00e8re journ\u00e9e du Forum africain de la t\u00e9l\u00e9diffusion, qui se tient ce 26 novembre dans la capitale s\u00e9n\u00e9galaise Dakar avec la participation d\u2019une vingtaine de pays africains, a centr\u00e9 les panels et les rencontres formelles ou informelles sur le mod\u00e8le \u00e9conomique et le futur de l\u2019audiovisuel en Afrique. Plusieurs experts nationaux et internationaux, incluant ceux de RT en fran\u00e7ais, ont pu livrer leurs visions du secteur avec pour mot d\u2019ordre : r\u00e9aliser la souverainet\u00e9 africaine en mati\u00e8re de cr\u00e9ation et de production de contenus audiovisuels.<\/p>\n<h2>Les d\u00e9fis de la TNT au S\u00e9n\u00e9gal et en Afrique<\/h2>\n<p>La premi\u00e8re \u00e9dition du forum co\u00efncide avec le 10\u1d49\u00a0anniversaire de la t\u00e9l\u00e9diffusion num\u00e9rique terrestre (TNT), devenue accessible m\u00eame dans les zones recul\u00e9es du pays. Malgr\u00e9 ces efforts louables, la TNT tarde \u00e0 s\u2019affirmer en Afrique, selon l\u2019expression de Pape Sir\u00e9 Ciss\u00e9, pr\u00e9sident du comit\u00e9 scientifique du forum, qui a indiqu\u00e9 que la t\u00e9l\u00e9vision num\u00e9rique subit aussi des\u00a0\u00ab\u00a0menaces\u00a0\u00bb des services OTT (Over the Top service, ou Service par contournement, en fran\u00e7ais) et du streaming. Pour lui, \u00ab\u00a0il est important que ce genre de rencontres s&rsquo;organise de mani\u00e8re \u00e0 pouvoir envisager des passerelles de collaboration et permettre \u00e0 chacun de vivre de son art et de son m\u00e9tier\u00a0\u00bb.<\/p>\n<p>Pour sa part, Habibou Dia, directeur de la communication du forum, a rappel\u00e9 qu\u2019il ne faut pas faire de \u00ab\u00a0fixation sur la TNT uniquement\u00a0\u00bb, appelant \u00e0 \u00e9largir les perspectives afin d\u2019adopter les strat\u00e9gies les plus ad\u00e9quates pour\u00a0\u00ab\u00a0un audiovisuel souverain, porteur de croissance \u00e9conomique\u00a0\u00bb sur d\u2019autres plateformes telles que le satellite, l\u2019internet \u00e0 la demande et les plateformes de streaming, pour ne citer que celles-l\u00e0.<\/p>\n<h2>RT, un\u00a0\u00ab\u00a0point de vue alternatif aux\u00a0m\u00e9dias mainstream en Afrique\u00a0\u00bb<\/h2>\n<p>Pr\u00e9sente aux d\u00e9bats en tant que premier partenaire dans ce forum, mais aussi en tant que partie prenante \u00e0 la recherche de solutions pour porter la voix de la Russie et de l\u2019Afrique dans l\u2019actualit\u00e9 mondiale, RT est bien d\u00e9cid\u00e9e \u00e0 apporter son soutien et son expertise au paysage audiovisuel africain. En t\u00e9moignent les propos d&rsquo;Igor Kourachenko, correspondant et reporter de RT en fran\u00e7ais, qui a indiqu\u00e9 que la cha\u00eene \u00ab\u00a0repr\u00e9sente le point de vue alternatif au m\u00e9dia mainstream en Afrique\u00a0\u00bb. Il a aussi fait part des efforts du m\u00e9dia pour s\u2019adapter\u00a0\u00ab\u00a0aux autres formes de la t\u00e9l\u00e9diffusion que sont les r\u00e9seaux sociaux, les plateformes OTT, la t\u00e9l\u00e9vision IP\u00a0\u00bb et ce, afin que le contenu de RT \u00ab\u00a0soit conforme aux exigences de la loi d\u2019un c\u00f4t\u00e9, mais aussi aux int\u00e9r\u00eats de la population\u00a0\u00bb.<\/p>\n<\/div>\n<p><br \/>\n<br \/><a href=\"https:\/\/francais.rt.com\/afrique\/127741-modele-economique-futur-audiovisuel-afrique-ordre-du-jour-forum-africain-telediffusion-dakar\" target=\"_blank\"\">Source link <\/a><\/p>\n","protected":false},"excerpt":{"rendered":"<p>D\u00e9fis de la t\u00e9l\u00e9diffusion num\u00e9rique terrestre en Afrique, audiovisuel souverain et apport de RT au champ m\u00e9diatique africain, sur fond de discussions sur les mod\u00e8les \u00e9conomiques aptes \u00e0 lancer le&hellip; <\/p>\n","protected":false},"author":1,"featured_media":20046,"comment_status":"open","ping_status":"open","sticky":false,"template":"","format":"standard","meta":{"footnotes":""},"categories":[1],"tags":[],"class_list":["post-20045","post","type-post","status-publish","format-standard","has-post-thumbnail","hentry","category-non-classe"],"_links":{"self":[{"href":"https:\/\/monde25.info\/index.php\/wp-json\/wp\/v2\/posts\/20045","targetHints":{"allow":["GET"]}}],"collection":[{"href":"https:\/\/monde25.info\/index.php\/wp-json\/wp\/v2\/posts"}],"about":[{"href":"https:\/\/monde25.info\/index.php\/wp-json\/wp\/v2\/types\/post"}],"author":[{"embeddable":true,"href":"https:\/\/monde25.info\/index.php\/wp-json\/wp\/v2\/users\/1"}],"replies":[{"embeddable":true,"href":"https:\/\/monde25.info\/index.php\/wp-json\/wp\/v2\/comments?post=20045"}],"version-history":[{"count":0,"href":"https:\/\/monde25.info\/index.php\/wp-json\/wp\/v2\/posts\/20045\/revisions"}],"wp:featuredmedia":[{"embeddable":true,"href":"https:\/\/monde25.info\/index.php\/wp-json\/wp\/v2\/media\/20046"}],"wp:attachment":[{"href":"https:\/\/monde25.info\/index.php\/wp-json\/wp\/v2\/media?parent=20045"}],"wp:term":[{"taxonomy":"category","embeddable":true,"href":"https:\/\/monde25.info\/index.php\/wp-json\/wp\/v2\/categories?post=20045"},{"taxonomy":"post_tag","embeddable":true,"href":"https:\/\/monde25.info\/index.php\/wp-json\/wp\/v2\/tags?post=20045"}],"curies":[{"name":"wp","href":"https:\/\/api.w.org\/{rel}","templated":true}]}}