{"id":20056,"date":"2025-11-27T11:00:39","date_gmt":"2025-11-27T10:00:39","guid":{"rendered":"https:\/\/monde25.info\/index.php\/2025\/11\/27\/pour-une-deferlante-de-filles-et-de-fils-du-peuple\/"},"modified":"2025-11-27T11:00:39","modified_gmt":"2025-11-27T10:00:39","slug":"pour-une-deferlante-de-filles-et-de-fils-du-peuple","status":"publish","type":"post","link":"https:\/\/monde25.info\/index.php\/2025\/11\/27\/pour-une-deferlante-de-filles-et-de-fils-du-peuple\/","title":{"rendered":"pour une d\u00e9ferlante de filles et de fils du peuple."},"content":{"rendered":"<p> <br \/>\n<\/p>\n<div style=\"word-wrap:break-word;\">\n<p>Et  comment ont-ils trait\u00e9 Caroline Fiat aide-soignante, d\u00e9put\u00e9e LFI de la Meurthe-et-Moselle\u00a0? Pendant la pand\u00e9mie de Covid, elle enfila sa blouse pour aller soigner les malades. Certains de ses coll\u00e8gues macronistes la surnommaient \u00ab\u00a0Bac moins 2\u00a0\u00bb. Agn\u00e8s Buzyn,  ministre de la Sant\u00e9 l\u2019interpella ainsi\u00a0dans l\u2019h\u00e9micycle\u00a0: <i>\u00ab\u00a0Je comprends Madame Fiat que vous ne compreniez pas.\u00a0\u00bb <\/i><\/p>\n<div class=\"spip_document_39809 spip_document spip_documents spip_document_image spip_documents_center spip_document_center\">\n<figure class=\"spip_doc_inner\">\n<p> <a target=\"_blank\" href=\"https:\/\/www.legrandsoir.info\/IMG\/webp\/keke_fiat.webp\" class=\"spip_doc_lien mediabox\" type=\"image\/webp\"><br \/>\n\t\t<img loading=\"lazy\" decoding=\"async\" src=\"https:\/\/www.legrandsoir.info\/local\/cache-vignettes\/L805xH286\/keke_fiat-4d102.webp?1764194860\" width=\"805\" height=\"286\" alt=\"\"\/><\/a><br \/>\n<\/figure>\n<\/div>\n<p>Et voici le tour de S\u00e9bastien Delogu, fils d\u2019une militante  de la\u00a0CGT\u00a0des\u00a0Bouches-du-Rh\u00f4ne, descendante d\u2019Espagnols\u00a0et d\u2019un p\u00e8re chauffeur de taxi, d\u2019origine\u00a0arm\u00e9nienne\u00a0et\u00a0italienne. S\u00e9bastien Delogu a grandi dans les\u00a0quartiers nord\u00a0de Marseille. Il fut vendeur de pr\u00eat-\u00e0-porter, serveur, SDF, chauffeur de taxi&#8230; Depuis 2022, il est d\u00e9put\u00e9  LFI dans  la septi\u00e8me circonscription des Bouches-du-Rh\u00f4ne, \u00e9lu avec 64,68\u00a0%\u00a0des voix. Mon dieu\u00a0!<\/p>\n<p>Le plus illustre  des iconoclastes fut sans conteste  Patrice Carvalho, 45 ans, ancien ouvrier m\u00e9canicien  chez Saint-Gobain et d\u00e9put\u00e9 communiste de l\u2019Oise, qui s\u2019est rendu \u00e0 l\u2019Assembl\u00e9e nationale le 12 juin 1997&#8230; en bleu de travail.<\/p>\n<div class=\"spip_document_39802 spip_document spip_documents spip_document_image spip_documents_center spip_document_center\">\n<figure class=\"spip_doc_inner\">\n<p>\t\t<img loading=\"lazy\" decoding=\"async\" src=\"https:\/\/www.legrandsoir.info\/local\/cache-vignettes\/L536xH266\/bleu_de_travail-ed034.webp?1764194860\" width=\"536\" height=\"266\" alt=\"\"\/><br \/>\n<\/figure>\n<\/div>\n<p>Le panache\u00a0! Les huissiers tent\u00e8rent en vain de lui barrer le passage. Ainsi entra dans l\u2019H\u00e9micycle un ouvrier en tenue d\u2019ouvrier. Son choix vestimentaire illustrait  ce propos de Cyrano de Bergerac\u00a0:<\/p>\n<div class=\"spip_document_39807 spip_document spip_documents spip_document_image spip_documents_right spip_document_right\">\n<figure class=\"spip_doc_inner\">\n<p>\t\t<img loading=\"lazy\" decoding=\"async\" src=\"https:\/\/www.legrandsoir.info\/local\/cache-vignettes\/L301xH399\/cyrano-69909.webp?1764194860\" width=\"301\" height=\"399\" alt=\"\"\/><br \/>\n<\/figure>\n<\/div>\n<p>\u00ab\u00a0<i>\u00a0Moi, c\u2019est moralement que j\u2019ai mes \u00e9l\u00e9gances.<br class=\"autobr\"\/><br \/>\nJe ne m\u2019attife pas ainsi qu\u2019un freluquet,<br class=\"autobr\"\/><br \/>\nMais je suis plus soign\u00e9 si je suis moins coquet\u00a0;<br class=\"autobr\"\/><br \/>\nJe ne sortirais pas avec, par n\u00e9gligence,<br class=\"autobr\"\/><br \/>\nUn affront pas tr\u00e8s bien lav\u00e9, la conscience<br class=\"autobr\"\/><br \/>\nJaune encor de sommeil dans le coin de son \u0153il,<br class=\"autobr\"\/><br \/>\nUn honneur chiffonn\u00e9, des scrupules en deuil.<br class=\"autobr\"\/><br \/>\nMais je marche sans rien sur moi qui ne reluise,<br class=\"autobr\"\/><br \/>\nEmpanach\u00e9 d\u2019ind\u00e9pendance et de franchise\u00a0;<br class=\"autobr\"\/><br \/>\nCe n\u2019est pas une taille avantageuse, c\u2019est<br class=\"autobr\"\/><br \/>\nMon \u00e2me que je cambre ainsi qu\u2019en un corset,<br class=\"autobr\"\/><br \/>\nEt tout couvert d\u2019exploits qu\u2019en rubans je m\u2019attache,<br class=\"autobr\"\/><br \/>\nRetroussant mon esprit ainsi qu\u2019une moustache,<br class=\"autobr\"\/><br \/>\nJe fais, en traversant les groupes et les ronds,<br class=\"autobr\"\/><br \/>\nSonner les v\u00e9rit\u00e9s comme des \u00e9perons\u00a0\u00bb.<\/i><\/p>\n<p> Le m\u00e9pris de classe peut se transformer en moteur de r\u00e9volte.<\/p>\n<p><strong>Les le\u00e7ons de bien parler.<\/strong><\/p>\n<p>A lire et \u00e0 entendre notre\u00a0fine fleur m\u00e9diatico-politique, on a souvent du mal \u00e0 croire que cette donneuse de le\u00e7ons a majoritairement fr\u00e9quent\u00e9 les meilleurs lyc\u00e9es, les universit\u00e9s, les \u00e9coles de journalisme, l\u2019ENA, Sciences-Po, l\u2019Ecole Nationale Sup\u00e9rieure&#8230;<\/p>\n<p>La plupart des responsables politiques, nombre de journalistes, ignorent des r\u00e8gles de  grammaire fran\u00e7aise enseign\u00e9es au coll\u00e8ge.<\/p>\n<p><strong>Je vais en rappeler deux ici, pour leur rabaisser le caquet.<\/strong><\/p>\n<p>1- Nombre d\u2019entre eux ignorent comment se fait l\u2019accord du particip\u00e9 pass\u00e9, conjugu\u00e9 avec l\u2019auxiliaire avoir. Ils disent\u00a0:\u00a0<i>\u00ab\u00a0Les d\u00e9cisions que nous avons pris, les d\u00e9marches que nous avons fait&#8230;\u00a0<\/i>\u00a0\u00bb. Bien entendu, il faut dire et \u00e9crire <i>\u00ab\u00a0prises, faites&#8230;\u00a0\u00bb.<\/i><\/p>\n<p>2- Presque tous bafouent pareillement la r\u00e8gle qui veut que le verbe reste \u00e0 l\u2019indicatif s\u2019il suit la locution <i>\u00ab\u00a0apr\u00e8s\u00a0que\u00a0\u00bb<\/i>. Charles Trenet\u00a0: <i>\u00ab\u00a0Longtemps apr\u00e8s que les po\u00e8tes ont disparu&#8230;\u00a0\u00bb <\/i> et non pas\u00a0: <i>\u00ab\u00a0aient disparu\u00a0\u00bb.<\/i><\/p>\n<p>Il faut dire et \u00e9crire\u00a0: <i>\u00ab\u00a0Apr\u00e8s que les lumi\u00e8res se sont (ou se furent \u00e9teintes)..<\/i>.\u00a0\u00bb (et non pas <i>\u00ab\u00a0se soient \u00e9teintes\u00a0\u00bb<\/i>). \u00c0 la diff\u00e9rence de <i>\u00ab\u00a0avant que\u00a0\u00bb,<\/i> la locution <i>\u00ab\u00a0apr\u00e8s que\u00a0\u00bb<\/i> est obligatoirement suivie d\u2019un temps de l\u2019indicatif.<\/p>\n<p>Je vous parle ici de r\u00e8gles qui sont respect\u00e9es par TOUS les \u00e9crivains, les intellectuels et quelques journalistes, ceux pour qui le bon usage du fran\u00e7ais est une imp\u00e9rieuse exigence du m\u00e9tier. Il m\u2019en co\u00fbte de faire ici ce compliment, mais elles sont scrupuleusement respect\u00e9es dans des quotidiens comme Le Monde, Le Figaro, parfois m\u00eame (parfois\u00a0!) par des chroniqueurs  de l\u2019audio-visuel. Le site Le Grand Soir, hormis, de temps \u00e0 autres, des trous dans la raquette des administrateurs-relecteurs, respecte ces r\u00e8gles.<\/p>\n<p><strong>La politique est assur\u00e9ment le seul m\u00e9tier o\u00f9 sont mis en vedettes des mauvais professionnels, servis par des journalistes plus pr\u00e9occup\u00e9s par leur message que par la syntaxe.<\/strong><\/p>\n<p>Et pourtant, c\u2019est dans cette engeance, dans cette mafia de <i>\u00ab\u00a0cuill\u00e8res d\u2019argent dans la bouche\u00a0\u00bb<\/i> que triomphent un sentiment de sup\u00e9riorit\u00e9 et un m\u00e9pris pour ceux qui montent du ruisseau quand eux descendent du ch\u00e2teau.<\/p>\n<div class=\"spip_document_39804 spip_document spip_documents spip_document_image spip_documents_center spip_document_center\">\n<figure class=\"spip_doc_inner\">\n<p>\t\t<img loading=\"lazy\" decoding=\"async\" src=\"https:\/\/www.legrandsoir.info\/local\/cache-vignettes\/L404xH190\/reggiani_boggart-33aba.webp?1764194860\" width=\"404\" height=\"190\" alt=\"\"\/><br \/>\n<\/figure>\n<\/div>\n<p>Beaumarchais (Le Mariage de Figaro) distingua de belle mani\u00e8re  les tenants de <strong>l\u2019h\u00e9ritocratie<\/strong> et ceux de <strong>la m\u00e9ritocratie<\/strong>\u00a0: <i>\u00ab\u00a0Parce que vous \u00eates un grand seigneur, vous vous croyez un grand g\u00e9nie\u00a0!\u2026 noblesse, fortune, un rang, des places, tout cela rend si fier\u00a0! Qu\u2019avez-vous fait pour tant de biens\u00a0? vous vous \u00eates donn\u00e9 la peine de na\u00eetre, et rien de plus\u00a0: du reste, homme assez ordinaire\u00a0! tandis que moi, morbleu, perdu dans la foule obscure, il m\u2019a fallu d\u00e9ployer plus de science et de calculs pour subsister seulement, qu\u2019on n\u2019en a mis depuis cent ans \u00e0 gouverner toutes les Espagnes\u00a0; et vous voulez jouter\u00a0!\u2026\u00a0\u00bb.<\/i><\/p>\n<p> A l\u2019\u00e9gard de ceux qui ne sont pas de leur chapelle, les bouffis de la camarilla <i> \u00ab\u00a0bien n\u00e9e\u00a0\u00bb<\/i> ne sont que  persiflage et  raillerie.  Ils ont oubli\u00e9 que le temps o\u00f9  les pr\u00e9cieux petits marquis aux rubans fifrelins se moquaient impun\u00e9ment  des  haillons des gueux est pass\u00e9 depuis 1789.<\/p>\n<div class=\"spip_document_39805 spip_document spip_documents spip_document_image spip_documents_center spip_document_center\">\n<figure class=\"spip_doc_inner\">\n<p>\t\t<img loading=\"lazy\" decoding=\"async\" src=\"https:\/\/www.legrandsoir.info\/local\/cache-vignettes\/L710xH541\/statue_couple_ouvriers-f4bff.webp?1764194860\" width=\"710\" height=\"541\" alt=\"\"\/><br \/>\n<\/figure>\n<\/div>\n<p>Les Carvalho, Fiat, Keke, Delogu, etc. ont \u00e9t\u00e9 d\u00e9-mo-cra-ti-que-ment \u00e9lus d\u00e9put\u00e9s par  ceux  qui se reconnaissent en eux, ceux dont Darmanin a dit qu\u2019ils <i> \u00ab\u00a0boivent de la bi\u00e8re et mangent avec les doigts\u00a0\u00bb<\/i>. Ils ont \u00e9t\u00e9 \u00e9lus par les <i>\u00ab\u00a0sans-dents\u00a0\u00bb,<\/i> par les <i>\u00ab\u00a0pue-la-sueur\u00a0\u00bb<\/i> par ceux dont Macron a affirm\u00e9 que, <i>\u00ab\u00a0dans un hall de gare, ils ne sont rien<\/i>).<\/p>\n<p>Les Carvalho, Fiat, Keke, Delogu, etc., cela fait tache parmi les \u00e9lus o\u00f9 la part du lion est d\u00e9volue aux m\u00e9decins, cadres,  patrons, professeurs, avocats, fils de famille, \u00e9missaires de banques, voire \u00e0 des mafiosi (1). La survivance d\u2019une portion, m\u00eame congrue, de <i>\u00ab\u00a0la France d\u2019en-bas\u00a0\u00bb<\/i> semble inconvenante l\u00e0 o\u00f9 est cens\u00e9 s\u2019exercer le pouvoir de la R\u00e9publique, c\u2019est-\u00e0-dire le pouvoir du peuple.<\/p>\n<p><strong>Delogu candidat \u00e0 la mairie de Marseille\u00a0<\/strong><\/p>\n<p>Puisque Sarkozy peut \u00e9voquer Roland <i>Barth\u00c8s,<\/i> puisque Royal peut admirer la <i>bravitude<\/i> et Dati appr\u00e9cier la baisse du taux de <i>fellation<\/i>, puisque la quasi-totalit\u00e9 de notre pseudo-savante \u00ab\u00a0<i>\u00e9lite\u00a0\u00bb<\/i> bafoue les r\u00e8gles de fran\u00e7ais \u00e0 conna\u00eetre pour passer le brevet, il sera pardonn\u00e9 \u00e0 Delogu quelques sol\u00e9cismes pourvu que, sur les conseils de Victor Hugo, il fasse taire<\/p>\n<p><i>\u00ab\u00a0Ceux qui n\u2019ont ni coeur ni flamme,<br class=\"autobr\"\/><br \/>\nQui boitent de l\u2019honneur et qui louchent de l\u2019\u00e2me\u00a0\u00bb.<\/i><\/p>\n<p>Vas-y S\u00e9bastien, on est avec toi. Quand tu parles, on entend le peuple.<\/p>\n<div class=\"spip_document_39808 spip_document spip_documents spip_document_image spip_documents_center spip_document_center\">\n<figure class=\"spip_doc_inner\">\n<p>\t\t<img loading=\"lazy\" decoding=\"async\" src=\"https:\/\/www.legrandsoir.info\/local\/cache-vignettes\/L275xH175\/casquette_d_ouvrier-b869e.webp?1764194860\" width=\"275\" height=\"175\" alt=\"\"\/><br \/>\n<\/figure>\n<\/div>\n<p><strong>Vladimir MARCIAC<\/strong><\/p>\n<p><strong>Note (1)<\/strong>. <a target=\"_blank\" href=\"https:\/\/www.inegalites.fr\/L-Assemblee-nationale-ne-compte-quasiment-plus-de-representants-des-milieux\" class=\"spip_url spip_out auto\" rel=\"nofollow external\">https:\/\/www.inegalites.fr\/L-Assemblee-nationale-ne-compte-quasiment-plus-de-representants-des-milieux<\/a><\/p>\n<\/div>\n<p><br \/>\n<br \/><a href=\"https:\/\/www.legrandsoir.info\/elections-pour-une-deferlante-de-filles-et-de-fils-du-peuple.html\" target=\"_blank\"\">Source link <\/a><\/p>\n","protected":false},"excerpt":{"rendered":"<p>Et comment ont-ils trait\u00e9 Caroline Fiat aide-soignante, d\u00e9put\u00e9e LFI de la Meurthe-et-Moselle\u00a0? Pendant la pand\u00e9mie de Covid, elle enfila sa blouse pour aller soigner les malades. Certains de ses coll\u00e8gues&hellip; <\/p>\n","protected":false},"author":1,"featured_media":20057,"comment_status":"open","ping_status":"open","sticky":false,"template":"","format":"standard","meta":{"footnotes":""},"categories":[1],"tags":[],"class_list":["post-20056","post","type-post","status-publish","format-standard","has-post-thumbnail","hentry","category-non-classe"],"_links":{"self":[{"href":"https:\/\/monde25.info\/index.php\/wp-json\/wp\/v2\/posts\/20056","targetHints":{"allow":["GET"]}}],"collection":[{"href":"https:\/\/monde25.info\/index.php\/wp-json\/wp\/v2\/posts"}],"about":[{"href":"https:\/\/monde25.info\/index.php\/wp-json\/wp\/v2\/types\/post"}],"author":[{"embeddable":true,"href":"https:\/\/monde25.info\/index.php\/wp-json\/wp\/v2\/users\/1"}],"replies":[{"embeddable":true,"href":"https:\/\/monde25.info\/index.php\/wp-json\/wp\/v2\/comments?post=20056"}],"version-history":[{"count":0,"href":"https:\/\/monde25.info\/index.php\/wp-json\/wp\/v2\/posts\/20056\/revisions"}],"wp:featuredmedia":[{"embeddable":true,"href":"https:\/\/monde25.info\/index.php\/wp-json\/wp\/v2\/media\/20057"}],"wp:attachment":[{"href":"https:\/\/monde25.info\/index.php\/wp-json\/wp\/v2\/media?parent=20056"}],"wp:term":[{"taxonomy":"category","embeddable":true,"href":"https:\/\/monde25.info\/index.php\/wp-json\/wp\/v2\/categories?post=20056"},{"taxonomy":"post_tag","embeddable":true,"href":"https:\/\/monde25.info\/index.php\/wp-json\/wp\/v2\/tags?post=20056"}],"curies":[{"name":"wp","href":"https:\/\/api.w.org\/{rel}","templated":true}]}}