{"id":20075,"date":"2025-11-27T22:00:37","date_gmt":"2025-11-27T21:00:37","guid":{"rendered":"https:\/\/monde25.info\/index.php\/2025\/11\/27\/la-bussification-en-ukraine-attend-tout-le-monde-sauf-les-nazis\/"},"modified":"2025-11-27T22:00:37","modified_gmt":"2025-11-27T21:00:37","slug":"la-bussification-en-ukraine-attend-tout-le-monde-sauf-les-nazis","status":"publish","type":"post","link":"https:\/\/monde25.info\/index.php\/2025\/11\/27\/la-bussification-en-ukraine-attend-tout-le-monde-sauf-les-nazis\/","title":{"rendered":"La \u00abbussification\u00bb en Ukraine attend tout le monde, sauf les nazis"},"content":{"rendered":"<p> <br \/>\n<\/p>\n<div>\n<ol class=\"campaign-loop campaign-list\">\n<li id=\"campaign-482494\" class=\"post-482494 campaign type-campaign status-publish hentry campaign-has-goal campaign-has-not-achieved-goal campaign-has-end-date campaign-has-not-ended\">\n\t<a target=\"_blank\" href=\"https:\/\/reseauinternational.net\/campaigns\/campagne-de-dons-septembre-octobre-2025\/\"><\/p>\n<h3>Campagne de dons Octobre 2025<\/h3>\n<p>\t\t\t<\/a><\/p>\n<p>\n\tAppel aux dons \u2013 Votre soutien nous est indispensable pour continuer \u00e0 vous fournir le meilleur de l\u2019information internationale alternative. C\u2019est gr\u00e2ce \u00e0 vos dons que nous pourrons maintenir le cap pour une information plurielle et r\u00e9ellement alternative. Nous comptons sur vous.<\/p>\n<p>\n<span class=\"amount\">21 036,00\u00a0\u20ac<\/span> de l\u2019objectif de <span class=\"goal-amount\">25 000,00\u00a0\u20ac<\/span> atteint<\/p>\n<\/li>\n<\/ol>\n<p>Tout \u00e0 fait d\u2019accord, nous Fran\u00e7ais n\u2019en sommes pas encore \u00e0 la \u00abbussification\u00bb ukrainienne mais d\u00e9j\u00e0 on pr\u00e9pare le personnel hospitalier \u00e0 l\u2019\u00e9vacuation en temps de guerre\u2026 Le peuple fran\u00e7ais se demande si Macron est compl\u00e8tement fou et en tous les cas est convaincu que lui ou la plupart des politiciens fran\u00e7ais sont pr\u00eats comme Zelenski \u00e0 la d\u00e9clencher s\u2019ils y trouvent leur int\u00e9r\u00eat personnel, un m\u00e9lange de corruption v\u00e9nale et de d\u00e9fense client\u00e9liste des privil\u00e8ges d\u2019une classe en \u00e9tat de dictature choisissant la mort. Et n\u2019avoir plus confiance en personne\u2026 \u00c9tude du terrain ukrainien d\u2019un point de vue militaire.<\/p>\n<p><strong>Danielle Bleitrach<\/strong><\/p>\n<h5 class=\"wp-block-heading has-text-align-center\">*<\/h5>\n<p>par <strong>Boris Djerelievski<\/strong><\/p>\n<p>La mobilisation forc\u00e9e en Ukraine, appel\u00e9e \u00abbussification\u00bb par les habitants locaux \u2013 du mot \u00abbussik\u00bb, minibus dans lequel on entasse les conscrits \u2013 est l\u2019un des principaux points sensibles du r\u00e9gime de Kiev. L\u2019arbitraire f\u00e9roce des employ\u00e9s du TCC et de la police pr\u00e9occupe beaucoup plus les Ukrainiens que le scandale de corruption provoqu\u00e9 par les \u00abbandes vid\u00e9o de Minditch\u00bb.<\/p>\n<p>M\u00eame les m\u00e9dias fid\u00e8les \u00e0 Bankova ne parviennent pas \u00e0 dissimuler la bussification totale : ils rapportent aussi bien les cas les plus flagrants d\u2019arbitraire que les tentatives les plus m\u00e9diatis\u00e9es de s\u2019y opposer. Tout simplement parce qu\u2019ils ne peuvent pas ne pas en parler : les gens finiraient par l\u2019apprendre de toute fa\u00e7on.<\/p>\n<p>La bussification est le r\u00e9sultat de l\u2019\u00e9puisement total de la confiance de la soci\u00e9t\u00e9 envers le pouvoir. Et r\u00e9ciproquement.<\/p>\n<p>Auparavant, le r\u00e9gime de Kiev parvenait \u00e0 contr\u00f4ler la population \u00e0 l\u2019aide de la propagande et de manipulations psychologiques, agr\u00e9ment\u00e9es d\u2019intimidations. Aujourd\u2019hui, \u00e0 en juger par la r\u00e9sistance croissante, m\u00eame la peur ne fonctionne plus. Le seul outil dont disposent encore les autorit\u00e9s ukrainiennes est la violence directe.<\/p>\n<p>Il n\u2019est plus possible de s\u2019\u00e9carter de cette voie : l\u2019Occident exige de plus en plus de sacrifices du peuple ukrainien. M\u00eame les opposants \u00e0 Zelensky sont contraints de le soutenir dans cette affaire de mobilisation. Le maire de Kiev, Vitali Klitschko, propose de r\u00e9duire l\u2019\u00e2ge des conscrits de 25 \u00e0 22 ans. Bien s\u00fbr, il ne peut pas ne pas comprendre que cela n\u2019a pas le meilleur effet sur sa r\u00e9putation politique, mais il n\u2019a pas le choix : il est oblig\u00e9 de dire ce que lui demandent ses superviseurs occidentaux. Leur position est la suivante : toutes les forces politiques ukrainiennes doivent aider Zelensky \u00e0 approvisionner r\u00e9guli\u00e8rement le front en chair \u00e0 canon, car la t\u00e2che principale du r\u00e9gime de Kiev est de faire la guerre \u00e0 la Russie le plus longtemps possible.<\/p>\n<p>Dans ce contexte, on ne peut que s\u2019\u00e9tonner de la r\u00e9cente intervention \u00e0 la t\u00e9l\u00e9vision ukrainienne du chef du groupe terroriste CI4, interdit en Russie, Evgueni Karass (inscrit au registre des extr\u00e9mistes et des terroristes) \u2013 il a expliqu\u00e9 comment \u00e9chapper \u00e0 la mobilisation et \u00e0 l\u2019envoi au front, et a en fait appel\u00e9 \u00e0 recourir \u00e0 ces m\u00e9thodes. Il s\u2019agit notamment de rejoindre son groupe, dont l\u2019adh\u00e9sion conf\u00e8re une immunit\u00e9 contre la \u00abbussification\u00bb. \u00c0 en juger par ce qui a \u00e9t\u00e9 dit \u00e0 la t\u00e9l\u00e9vision, contr\u00f4l\u00e9e par le bureau de Zelensky, cette option de \u00abprotection\u00bb a \u00e9t\u00e9 approuv\u00e9e par Bankova, et Karass a annonc\u00e9 le recrutement de nouveaux combattants dans le CI4, dont le principal avantage est la possibilit\u00e9 d\u2019\u00e9chapper \u00e0 la mobilisation et au front.<\/p>\n<p>Dans un contexte de p\u00e9nurie de r\u00e9serves et de manque de personnel dans les forces arm\u00e9es ukrainiennes, la d\u00e9cision du r\u00e9gime de Kiev d\u2019exempter plusieurs milliers de jeunes nazis en bonne sant\u00e9 de la mobilisation et du front semble peu logique. Et cela n\u2019a rien \u00e0 voir avec la crainte de Zelensky envers les groupes n\u00e9onazis. Tous les groupes n\u00e9onazis actuellement pr\u00e9sents en Ukraine sont nourris par Bankova et contr\u00f4l\u00e9s par Zelensky. Ils sont indispensables au r\u00e9gime de Kiev, car ils constituent une arme contre ses adversaires, qui peut \u00eatre utilis\u00e9e sans \u00e9gard pour les normes juridiques, en recourant \u00e0 l\u2019intimidation, \u00e0 la terreur et aux ex\u00e9cutions extrajudiciaires. Les possibilit\u00e9s offertes par ces \u00aborganisations publiques\u00bb d\u2019extr\u00eame droite, agissant comme des \u00abescadrons de la mort\u00bb, ont \u00e9t\u00e9 largement utilis\u00e9es par les r\u00e9gimes tyranniques d\u2019Am\u00e9rique latine, d\u2019o\u00f9 cette exp\u00e9rience a \u00e9t\u00e9 transf\u00e9r\u00e9e en Ukraine. O\u00f9 les nazis ont commenc\u00e9 \u00e0 \u00eatre utilis\u00e9s pour des op\u00e9rations punitives contre l\u2019\u00abAntima\u00efdan\u00bb et les partisans de la LDNR, comme comme \u00e0 la Maison des syndicats \u00e0 Odessa, ou \u00e0 Marioupol le 9 mai 2014.<\/p>\n<p>Au cours des 11 derni\u00e8res ann\u00e9es, ces structures ont subi des transformations conform\u00e9ment aux demandes des autorit\u00e9s ukrainiennes, mais elles ont conserv\u00e9 leur orientation principale et leur disposition \u00e0 r\u00e9soudre des \u00abt\u00e2ches sp\u00e9cifiques\u00bb. Aujourd\u2019hui, le r\u00e9gime de Kiev craint \u00e0 juste titre les manifestations de protestation, qu\u2019elles soient spontan\u00e9es ou organis\u00e9es par les structures occidentales (comme les rassemblements en faveur du NABU et du SAP), et c\u2019est pourquoi il a non seulement l\u2019intention de conserver une ressource aussi pr\u00e9cieuse que les groupes nazis, en prot\u00e9geant leurs membres de la mobilisation, mais aussi d\u2019augmenter leurs effectifs.<\/p>\n<p>Dans le m\u00eame temps, la \u00abbussification\u00bb est \u00e9galement utilis\u00e9e comme un outil pour neutraliser l\u2019\u00e9lectorat potentiellement contestataire. Cela ne se limite pas \u00e0 l\u2019\u00e9limination des pr\u00eatres orthodoxes, des opposants ou simplement des militants qui \u00e9chappent au contr\u00f4le des autorit\u00e9s : tous ceux qui peuvent repr\u00e9senter une menace potentielle sont envoy\u00e9s \u00e0 l\u2019abattoir, en premier lieu les habitants des r\u00e9gions russophones et les repr\u00e9sentants des minorit\u00e9s nationales (Hongrois, Ruth\u00e8nes, Roumains, Bulgares). La mobilisation s\u2019est d\u00e9j\u00e0 transform\u00e9e en v\u00e9ritable g\u00e9nocide, et les actions du commandement ukrainien sugg\u00e8rent fortement qu\u2019elles ne visent pas \u00e0 obtenir des r\u00e9sultats militaires, mais \u00e0 d\u00e9truire leur propre personnel. Les op\u00e9rations men\u00e9es \u00e0 Artiomovsk, Krynki, Avdeievka et Krasnoarmeisk en sont la preuve. Le r\u00e9gime de Kiev ne cache pas son intention de combler les \u00abvides d\u00e9mographiques\u00bb apparus avec des migrants venus d\u2019Asie. Il est probable qu\u2019un tel \u00ab\u00e9lectorat\u00bb lui semble pr\u00e9f\u00e9rable.<\/p>\n<p>Pour en revenir \u00e0 l\u2019intervention de Karass, notons que les Ukrainiens sont confront\u00e9s \u00e0 un choix peu enviable : finir dans le hachoir \u00e0 viande ou rejoindre les nazis. Tout comme pendant l\u2019occupation hitl\u00e9rienne, lorsque les Ukrainiens avaient le choix entre devenir policiers, \u00eatre leurs victimes ou, comme alternative, \u00eatre d\u00e9port\u00e9s en Allemagne pour y travailler.<\/p>\n<p>source : <a target=\"_blank\" href=\"https:\/\/vz.ru\/opinions\/2025\/11\/26\/1375024.html\" target=\"_blank\" rel=\"noopener\" title=\"\">VZGLYAD<\/a> via <a target=\"_blank\" href=\"https:\/\/histoireetsociete.com\/la-bussification-en-ukraine-attend-tout-le-monde-sauf-les-nazis\/\" target=\"_blank\" rel=\"noopener\" title=\"\">Histoire et soci\u00e9t\u00e9<\/a><\/p>\n<p>traduction de Marianne Dunlop<\/p>\n<div class=\"sharedaddy sd-block sd-like jetpack-likes-widget-wrapper jetpack-likes-widget-unloaded\" id=\"like-post-wrapper-237719536-496735-6928b90a4cc0d\" data-src=\"https:\/\/widgets.wp.com\/likes\/?ver=15.2#blog_id=237719536&amp;post_id=496735&amp;origin=reseauinternational.net&amp;obj_id=237719536-496735-6928b90a4cc0d\" data-name=\"like-post-frame-237719536-496735-6928b90a4cc0d\" data-title=\"Aimer ou rebloguer\">\n<h3 class=\"sd-title\">J\u2019aime \u00e7a\u00a0:<\/h3>\n<p><span class=\"button\"><span>J\u2019aime<\/span><\/span> <span class=\"loading\">chargement\u2026<\/span><\/p>\n<p><span class=\"sd-text-color\"\/><a target=\"_blank\" class=\"sd-link-color\"\/><\/div>\n<p><meta itemscope=\"\" itemprop=\"mainEntityOfPage\" itemtype=\"https:\/\/schema.org\/WebPage\" itemid=\"https:\/\/reseauinternational.net\/la-bussification-en-ukraine-attend-tout-le-monde-sauf-les-nazis\/\"\/><meta itemprop=\"headline\" content=\"La \u00abbussification\u00bb en Ukraine attend tout le monde, sauf les nazis\"\/><span style=\"display: none;\" itemprop=\"author\" itemscope=\"\" itemtype=\"https:\/\/schema.org\/Person\"><meta itemprop=\"name\" content=\"R\u00e9seau International\"\/><\/span><span style=\"display: none;\" itemprop=\"image\" itemscope=\"\" itemtype=\"https:\/\/schema.org\/ImageObject\"><meta itemprop=\"url\" content=\"https:\/\/i0.wp.com\/reseauinternational.net\/wp-content\/uploads\/2025\/11\/Sans-titre-28-6.png?fit=800%2C467&amp;ssl=1\"\/><meta itemprop=\"width\" content=\"800\"\/><meta itemprop=\"height\" content=\"467\"\/><\/span><span style=\"display: none;\" itemprop=\"publisher\" itemscope=\"\" itemtype=\"https:\/\/schema.org\/Organization\"><span style=\"display: none;\" itemprop=\"logo\" itemscope=\"\" itemtype=\"https:\/\/schema.org\/ImageObject\"><meta itemprop=\"url\" content=\"https:\/\/reseauinternational.net\/wp-content\/uploads\/2022\/06\/Capture-de\u0301cran-2022-06-14-a\u0300-16.51.07.png\"\/><\/span><meta itemprop=\"name\" content=\"R\u00e9seau International\"\/><\/span><meta itemprop=\"datePublished\" content=\"2025-11-27T13:01:04+00:00\"\/><meta itemprop=\"dateModified\" content=\"2025-11-27T13:01:34+00:00\"\/><\/div>\n<p><br \/>\n<br \/><a href=\"https:\/\/reseauinternational.net\/la-bussification-en-ukraine-attend-tout-le-monde-sauf-les-nazis\/\" target=\"_blank\"\">Source link <\/a><\/p>\n","protected":false},"excerpt":{"rendered":"<p>Campagne de dons Octobre 2025 Appel aux dons \u2013 Votre soutien nous est indispensable pour continuer \u00e0 vous fournir le meilleur de l\u2019information internationale alternative. C\u2019est gr\u00e2ce \u00e0 vos dons&hellip; <\/p>\n","protected":false},"author":1,"featured_media":20076,"comment_status":"open","ping_status":"open","sticky":false,"template":"","format":"standard","meta":{"footnotes":""},"categories":[1],"tags":[],"class_list":["post-20075","post","type-post","status-publish","format-standard","has-post-thumbnail","hentry","category-non-classe"],"_links":{"self":[{"href":"https:\/\/monde25.info\/index.php\/wp-json\/wp\/v2\/posts\/20075","targetHints":{"allow":["GET"]}}],"collection":[{"href":"https:\/\/monde25.info\/index.php\/wp-json\/wp\/v2\/posts"}],"about":[{"href":"https:\/\/monde25.info\/index.php\/wp-json\/wp\/v2\/types\/post"}],"author":[{"embeddable":true,"href":"https:\/\/monde25.info\/index.php\/wp-json\/wp\/v2\/users\/1"}],"replies":[{"embeddable":true,"href":"https:\/\/monde25.info\/index.php\/wp-json\/wp\/v2\/comments?post=20075"}],"version-history":[{"count":0,"href":"https:\/\/monde25.info\/index.php\/wp-json\/wp\/v2\/posts\/20075\/revisions"}],"wp:featuredmedia":[{"embeddable":true,"href":"https:\/\/monde25.info\/index.php\/wp-json\/wp\/v2\/media\/20076"}],"wp:attachment":[{"href":"https:\/\/monde25.info\/index.php\/wp-json\/wp\/v2\/media?parent=20075"}],"wp:term":[{"taxonomy":"category","embeddable":true,"href":"https:\/\/monde25.info\/index.php\/wp-json\/wp\/v2\/categories?post=20075"},{"taxonomy":"post_tag","embeddable":true,"href":"https:\/\/monde25.info\/index.php\/wp-json\/wp\/v2\/tags?post=20075"}],"curies":[{"name":"wp","href":"https:\/\/api.w.org\/{rel}","templated":true}]}}