{"id":20315,"date":"2025-12-02T08:51:39","date_gmt":"2025-12-02T07:51:39","guid":{"rendered":"https:\/\/monde25.info\/index.php\/2025\/12\/02\/en-zones-inondables-des-milliers-de-decharges-oubliees-refont-surface\/"},"modified":"2025-12-02T08:51:39","modified_gmt":"2025-12-02T07:51:39","slug":"en-zones-inondables-des-milliers-de-decharges-oubliees-refont-surface","status":"publish","type":"post","link":"https:\/\/monde25.info\/index.php\/2025\/12\/02\/en-zones-inondables-des-milliers-de-decharges-oubliees-refont-surface\/","title":{"rendered":"En zones inondables, des milliers de d\u00e9charges oubli\u00e9es refont surface"},"content":{"rendered":"<p> <br \/>\n<br \/><img loading=\"lazy\" decoding=\"async\" src=\"https:\/\/reporterre.net\/local\/cache-vignettes\/L700xH467\/reporterre03b_page-0001_1_-215eb.jpg?1764658801\" class=\"spip_logo\" width=\"700\" height=\"467\" alt=\"\" \/><\/p>\n<p>En Europe, au moins 28<small class=\"fine d-inline\">\u00a0<\/small>% des d\u00e9charges seraient situ\u00e9es en zones inondables. Des d\u00e9p\u00f4ts qui polluent les eaux avec des m\u00e9taux lourds et des microplastiques. Reporterre a enqu\u00eat\u00e9 avec The Guardian, Investigate Europe et Watershed Investigations sur ce risque \u00e9cologique et sanitaire majeur. <br class=\"autobr\" \/> Un petit chemin forestier roussi par l&rsquo;automne, un tapis de feuilles fra\u00eechement tomb\u00e9es&#8230; La promenade aurait pu \u00eatre bucolique. Mais, quand Hugo Meslard-Hayot m\u00e8ne la visite, personne ne s&rsquo;attend \u00e0\u00a0(\u2026)<\/p>\n<p>                    <a target=\"_blank\" href=\"https:\/\/reporterre.net\/En-zones-inondables-des-milliers-de-decharges-oubliees-refont-surface?utm_source=RSS&amp;utm_medium=RSS\">Lire la suite<\/a><\/p>\n<p>                    &#8211;<br \/>\n                        <a target=\"_blank\" href=\"https:\/\/reporterre.net\/Enquete\" rel=\"directory\">Enqu\u00eate<\/a><\/p>\n<p>                    \/<br \/>\n                        <a target=\"_blank\" href=\"https:\/\/reporterre.net\/Dechets\" rel=\"tag\">D\u00e9chets<\/a><br \/>\n<br \/><br \/>\n<br \/><a href=\"https:\/\/reporterre.net\/En-zones-inondables-des-milliers-de-decharges-oubliees-refont-surface\" target=\"_blank\"\">Source link <\/a><\/p>\n","protected":false},"excerpt":{"rendered":"<p>En Europe, au moins 28\u00a0% des d\u00e9charges seraient situ\u00e9es en zones inondables. Des d\u00e9p\u00f4ts qui polluent les eaux avec des m\u00e9taux lourds et des microplastiques. Reporterre a enqu\u00eat\u00e9 avec The&hellip; <\/p>\n","protected":false},"author":1,"featured_media":0,"comment_status":"open","ping_status":"open","sticky":false,"template":"","format":"standard","meta":{"footnotes":""},"categories":[1],"tags":[],"class_list":["post-20315","post","type-post","status-publish","format-standard","hentry","category-non-classe"],"_links":{"self":[{"href":"https:\/\/monde25.info\/index.php\/wp-json\/wp\/v2\/posts\/20315","targetHints":{"allow":["GET"]}}],"collection":[{"href":"https:\/\/monde25.info\/index.php\/wp-json\/wp\/v2\/posts"}],"about":[{"href":"https:\/\/monde25.info\/index.php\/wp-json\/wp\/v2\/types\/post"}],"author":[{"embeddable":true,"href":"https:\/\/monde25.info\/index.php\/wp-json\/wp\/v2\/users\/1"}],"replies":[{"embeddable":true,"href":"https:\/\/monde25.info\/index.php\/wp-json\/wp\/v2\/comments?post=20315"}],"version-history":[{"count":0,"href":"https:\/\/monde25.info\/index.php\/wp-json\/wp\/v2\/posts\/20315\/revisions"}],"wp:attachment":[{"href":"https:\/\/monde25.info\/index.php\/wp-json\/wp\/v2\/media?parent=20315"}],"wp:term":[{"taxonomy":"category","embeddable":true,"href":"https:\/\/monde25.info\/index.php\/wp-json\/wp\/v2\/categories?post=20315"},{"taxonomy":"post_tag","embeddable":true,"href":"https:\/\/monde25.info\/index.php\/wp-json\/wp\/v2\/tags?post=20315"}],"curies":[{"name":"wp","href":"https:\/\/api.w.org\/{rel}","templated":true}]}}