{"id":20318,"date":"2025-12-02T09:58:10","date_gmt":"2025-12-02T08:58:10","guid":{"rendered":"https:\/\/monde25.info\/index.php\/2025\/12\/02\/letat-francais-vient-de-tweeter-sa-propre-caricature-orwellienne-et-personne-ne-rit\/"},"modified":"2025-12-02T09:58:10","modified_gmt":"2025-12-02T08:58:10","slug":"letat-francais-vient-de-tweeter-sa-propre-caricature-orwellienne-et-personne-ne-rit","status":"publish","type":"post","link":"https:\/\/monde25.info\/index.php\/2025\/12\/02\/letat-francais-vient-de-tweeter-sa-propre-caricature-orwellienne-et-personne-ne-rit\/","title":{"rendered":"L\u2019\u00c9tat fran\u00e7ais vient de tweeter sa propre caricature orwellienne, et personne ne rit"},"content":{"rendered":"<p> <br \/>\n<\/p>\n<div>\n<p>Le 1er d\u00e9cembre 2025, \u00e0 18h03, le compte officiel de la Pr\u00e9sidence fran\u00e7aise a franchi la ligne rouge qu\u2019aucun palais pr\u00e9sidentiel europ\u00e9en n\u2019avait encore os\u00e9 fouler : transformer l\u2019\u00c9lys\u00e9e en troll de luxe. Un tweet, une vid\u00e9o de 50 secondes mont\u00e9e comme un clip de campagne, une musique de thriller, et bam : CNews, Praud, Villiers, Bardella mis au pilori avec l\u2019\u00e9tiquette \u00ab <em>d\u00e9sinformation<\/em> \u00bb en surimpression rouge.<\/p>\n<blockquote>\n<p>Quand j\u2019ai commenc\u00e9 \u00e0 \u00e9crire cet \u00e9dito sur le tweet \u00ab Pravda \u00bb de l\u2019\u00c9lys\u00e9e, trois angles se sont impos\u00e9s \u00e0 moi, trois fa\u00e7ons radicalement diff\u00e9rentes de raconter la m\u00eame histoire. Je les ai tous \u00e9crits, sans choisir \u00e0 votre place. \u00c0 vous de d\u00e9cider lequel vous parle le plus ! Entre <strong>l\u2019angle sniper <\/strong>\u2013 froid, chirurgical, presque clinique : on pointe l\u2019hypocrisie pure et dure, on d\u00e9monte le m\u00e9canisme avec la pr\u00e9cision d\u2019un horloger ; <strong>l\u2019angle uppercut<\/strong> \u2013 direct dans la m\u00e2choire : on balance la th\u00e8se du pi\u00e8ge d\u00e9lib\u00e9r\u00e9, du traquenard num\u00e9rique, sans prendre de gants. Et, enfin <strong>l\u2019angle acide <\/strong>\u2013 corrosif, d\u00e9sabus\u00e9, presque moqueur : on regarde le spectacle avec un sourire en coin, en soulignant l\u2019absurdit\u00e9 tragique du moment o\u00f9 tout le monde se ridiculise en m\u00eame temps.<\/p>\n<\/blockquote>\n<p>Mais, en fait ce n\u2019est plus de la communication institutionnelle. C\u2019est une d\u00e9claration de guerre num\u00e9rique. Et le plus terrifiant ? Ce tweet n\u2019est pas une bourde.<br \/>C&rsquo;est un app\u00e2t strat\u00e9gique, un miroir tendu \u00e0 l&rsquo;opposition, et peut-\u00eatre m\u00eame un pi\u00e8ge pour cartographier les ennemis du pouvoir. En d\u00e9fendant un projet de \u00ab\u00a0<em>labellisation<\/em>\u00a0\u00bb des m\u00e9dias fiables face aux critiques de CNews et de ses alli\u00e9s, l&rsquo;\u00c9lys\u00e9e a cristallis\u00e9 les fractures de la France post-2022 : <strong>entre un ex\u00e9cutif en qu\u00eate de l\u00e9gitimit\u00e9 informationnelle et un \u00e9cosyst\u00e8me m\u00e9diatique-polaris\u00e9 qui y voit une d\u00e9rive autoritaire.<\/strong> Cette affaire, loin d&rsquo;\u00eatre anodine, interroge les intentions cach\u00e9es d&rsquo;un tweet qui, sous couvert de fact-checking, pourrait bien redessiner les rapports de force entre \u00c9tat, m\u00e9dias et citoyens. Elle s&rsquo;inscrit dans une lign\u00e9e plus large de strat\u00e9gies d&rsquo;inversion accusatoire, comme l&rsquo;illustre <em>France-Soir<\/em>, m\u00e9dia pionnier de la r\u00e9sistance num\u00e9rique face \u00e0 la censure d&rsquo;\u00c9tat depuis 2020 et de la D\u00e9fense de la France depuis 1941, et dont les tribulations r\u00e9v\u00e8lent un \u00ab\u00a0<em>laboratoire<\/em>\u00a0\u00bb de contr\u00f4le informationnel orchestr\u00e9 par le gouvernement et les g\u00e9ants du num\u00e9rique.<\/p>\n<blockquote>\n<p><em>Bienvenue dans le macronisme terminal : l\u00e0 o\u00f9 l\u2019\u00c9tat accuse les autres de faire ce qu\u2019il fait d\u00e9j\u00e0 mieux qu\u2019eux. C\u2019est donc le tweet qui confirme tout : oui, ils veulent vraiment un minist\u00e8re de la V\u00e9rit\u00e9<\/em><\/p>\n<\/blockquote>\n<p>\u00a0<\/p>\n<h5><strong>Le fond : une riposte qui masque un projet controvers\u00e9<\/strong><\/h5>\n<p>Au c\u0153ur de ce tweet bat le c\u0153ur d&rsquo;une initiative macronienne annonc\u00e9e le 26 novembre \u00e0 Arras : <a target=\"_blank\" href=\"https:\/\/edition.francesoir.fr\/opinions-editos\/la-declaration-de-paris-l-etat-artisan-de-ses-propres-mensonges-face-une-verite-qu\">un \u00ab\u00a0<em>label<\/em>\u00a0\u00bb pour identifier les contenus fiables sur les r\u00e9seaux sociaux et sites d&rsquo;information<\/a>, attribu\u00e9 par des professionnels ind\u00e9pendants (comme Reporters sans fronti\u00e8res, RSF) et financ\u00e9 en partie par des fonds publics et priv\u00e9s. Emmanuel Macron l&rsquo;avait pr\u00e9sent\u00e9 comme une arme contre les \u00ab\u00a0<em>fake news<\/em>\u00a0\u00bb, align\u00e9e sur le Digital Services Act (DSA) europ\u00e9en, sans intervention directe de l&rsquo;\u00c9tat. \u00ab\u00a0<em>Ce n&rsquo;est pas \u00e0 l&rsquo;\u00c9tat de dire ce qu&rsquo;est une information fiable<\/em>\u00a0\u00bb, avait-il insist\u00e9.<\/p>\n<p>Mais le tweet de l&rsquo;\u00c9lys\u00e9e, loin d&rsquo;expliquer sereinement ce projet, <strong>inverse les accusations port\u00e9es par CNews<\/strong>. Pascal Praud, dans son \u00e9ditorial matinal du 1er d\u00e9cembre, avait qualifi\u00e9 l&rsquo;id\u00e9e de \u00ab\u00a0<em>tentation autoritaire<\/em>\u00a0\u00bb et propos\u00e9 le nom ironique de \u00ab\u00a0<em>Pravda<\/em>\u00a0\u00bb \u2013 en r\u00e9f\u00e9rence au journal sovi\u00e9tique de propagande. L&rsquo;\u00c9lys\u00e9e reprend ces termes pour les retourner contre leurs auteurs : la vid\u00e9o juxtapose des extraits de Praud, de Philippe de Villiers (qui y voit une \u00ab\u00a0<em>menace totalitaire<\/em>\u00a0\u00bb) et d&rsquo;un tweet de Jordan Bardella (RN), surimprim\u00e9s de \u00ab\u00a0<em>Attention fausse information<\/em>\u00a0\u00bb.<\/p>\n<blockquote>\n<p><em>Le message sous-jacent ? Les vrais d\u00e9sinformateurs ne sont pas les m\u00e9dias labellis\u00e9s, mais ceux qui caricaturent le projet pour en faire un \u00e9pouvantail.<\/em><\/p>\n<\/blockquote>\n<p>Sur le fond, <strong>ce tweet est une masterclass en rh\u00e9torique macronienne<\/strong> : il d\u00e9fend une r\u00e9gulation \u00ab\u00a0<em>soft<\/em>\u00a0\u00bb (pas de censure \u00e9tatique, promet-on) tout en accusant l&rsquo;opposition de propager la peur. Pourtant, les intentions cach\u00e9es transparaissent. Comme l&rsquo;\u00e9voque certains, <strong>ce label repose sur des acteurs biais\u00e9s<\/strong> \u2013 RSF, dirig\u00e9 par des figures hostiles au groupe Bollor\u00e9 (propri\u00e9taire de CNews), et l&rsquo;Arcom, sous tutelle gouvernementale. Est-ce un simple outil anti-fake news, ou un moyen de museler les voix critiques \u00e0 l&rsquo;approche de 2027 ?\u00a0<\/p>\n<blockquote>\n<p>Le tweet, en provoquant un toll\u00e9, \u00ab\u00a0<em>prouve<\/em>\u00a0\u00bb justement le besoin de labellisation : un cercle vicieux habilement entretenu.<\/p>\n<\/blockquote>\n<p>Cette strat\u00e9gie d&rsquo;inversion accusatoire \u2013 o\u00f9 l&rsquo;\u00c9tat se pose en victime de la d\u00e9sinformation tout en la fabriquant \u2013 trouve un \u00e9cho parfait dans l&rsquo;article \u00ab\u00a0<a target=\"_blank\" href=\"https:\/\/edition.francesoir.fr\/opinions-editos\/la-declaration-de-paris-l-etat-artisan-de-ses-propres-mensonges-face-une-verite-qu\"><em>La D\u00e9claration de Paris : L&rsquo;\u00c9tat, artisan de ses propres mensonges face \u00e0 une \u00ab v\u00e9rit\u00e9 \u00bb qu&rsquo;il pr\u00e9tend prot\u00e9ger<\/em><\/a>\u00a0\u00bb. Sign\u00e9e par 29 nations le 29 octobre 2025 au Forum de Paris pour la Paix, cette d\u00e9claration promeut la \u00ab\u00a0<em>protection de l&rsquo;information ind\u00e9pendante et fiable<\/em>\u00a0\u00bb contre les deepfakes et ing\u00e9rences \u00e9trang\u00e8res, avec 120 millions d&rsquo;euros annuels pour subventionner les m\u00e9dias align\u00e9s.\u00a0<\/p>\n<p><img decoding=\"async\" alt=\"D\u00e9claration de Paris\" height=\"396\" width=\"705\" class=\"align-center lazyload\" loading=\"lazy\" src=\"https:\/\/edition.francesoir.fr\/sites\/default\/files\/styles\/max_1300x1300\/public\/2025-10\/FS102025%20%2851%29.png?itok=fJ_CBO9_\"\/><\/p>\n<p>Mais l&rsquo;article la d\u00e9non\u00e7ait comme <strong>un \u00ab\u00a0<\/strong><em><strong>pas de deux cosm\u00e9tique<\/strong><\/em><strong>\u00a0\u00bb vers un monopole \u00e9tatique sur la v\u00e9rit\u00e9<\/strong>, o\u00f9 l&rsquo;\u00c9tat, fossoyeur en chef, s&rsquo;auto-proclame juge et partie. Des exemples concrets abondent : r\u00e9formes des retraites masqu\u00e9es par des niches fiscales (500 milliards d&rsquo;euros annuels), dettes publiques occult\u00e9es, mensonges environnementaux (d\u00e9ni de surp\u00eache fran\u00e7aise) ou narratifs simplistes sur l&rsquo;Ukraine et le COVID (vaccins \u00ab\u00a0<em>divisant la contagion par douze<\/em>\u00a0\u00bb, contredit par des experts). <em>France-Soir<\/em> respectant <a target=\"_blank\" href=\"https:\/\/www.francesoir.fr\/opinions-editos\/le-devoir-d-informer\">le devoir d\u2019informer<\/a> peut \u00eatre illuster comme un <a target=\"_blank\" href=\"https:\/\/www.francesoir.fr\/opinions-editos\/france-soir-renait-sur-youtube-le-retour-du-chien-de-garde-que-macron-et-google\">\u00ab\u00a0<em>r\u00e9sistant num\u00e9rique<\/em>\u00a0\u00bb et \u00ab\u00a0<em>chien de garde<\/em>\u00a0\u00bb<\/a>, censur\u00e9 en 2021 pour, soit-disant, \u00ab\u00a0<em>d\u00e9sinformation COVID<\/em>\u00a0\u00bb sous pression gouvernementale, avant <a target=\"_blank\" href=\"https:\/\/www.francesoir.fr\/opinions-editos\/le-devoir-d-informer\">la restauration de ses chaines YouTube en octobre 2025<\/a> \u2013 validant r\u00e9trospectivement ses enqu\u00eates sur l&rsquo;hydroxychloroquine ou les masques.\u00a0<\/p>\n<blockquote>\n<p>Comme le r\u00e9sume l&rsquo;article : \u00ab\u00a0<em>La v\u00e9rit\u00e9 n&rsquo;est pas effac\u00e9e \u2013 elle est juste retard\u00e9e par des censeurs aux ordres.<\/em>\u00a0\u00bb<\/p>\n<\/blockquote>\n<p>\u00a0<\/p>\n<h5><strong>La forme : un coup de com&rsquo; viral, mais risqu\u00e9 pour un palais pr\u00e9sidentiel<\/strong><\/h5>\n<p>La forme de ce tweet est son atout majeur et sa faille b\u00e9ante. Concis, ironique, avec une vid\u00e9o au montage hollywoodien (musique tendue, surimpressions en majuscules), il est calibr\u00e9 pour l&rsquo;algorithme de X : 2,95 millions de vues en 24 heures, 3 555 r\u00e9ponses, 911 reposts et 906 quotes. C&rsquo;est du fact-checking offensif, une premi\u00e8re pour un compte officiel qui trahit son habituel ton solennel qui incombe \u00e0 la fonction. Ici, <strong>l&rsquo;\u00c9lys\u00e9e descend dans l&rsquo;ar\u00e8ne<\/strong>, tentant d\u2019illustrer Macron en \u00ab\u00a0<em>guerrier de la v\u00e9rit\u00e9<\/em>\u00a0\u00bb (il sait tout faire cet homme), mais au prix d&rsquo;un sarcasme qui fr\u00f4le la propagande.<\/p>\n<p>Ses forces ? L&rsquo;ironie percutante retourne l&rsquo;attaque orwellienne (\u00ab\u00a0<em>Minist\u00e8re de la v\u00e9rit\u00e9<\/em>\u00a0\u00bb, tir\u00e9 de <em>1984<\/em>) contre Praud et consorts mais avant tout contre les Fran\u00e7ais, rendant le message m\u00e9morable. La vid\u00e9o, \u00e9dit\u00e9e avec soin, juxtapose les faits (propos r\u00e9els de Macron) et les caricatures, facilitant la viralit\u00e9. Mais les faiblesses sautent aux yeux : un ton agressif indigne d&rsquo;un \u00c9tat (\u00ab\u00a0<em>lyncher CNews<\/em>\u00a0\u00bb, comme le dit un post X), un montage s\u00e9lectif qui \u00e9dite les critiques sans lien vers les sources originales, et un risque de boomerang. Pour un compte \u00e0 3 millions de followers, 2 860 likes seulement (ratio 0,1 % sur vues) trahissent un rejet majoritaire. C&rsquo;est un tweet de campagne, pas d&rsquo;institution \u2013 et dans un climat de d\u00e9fiance (<a target=\"_blank\" href=\"https:\/\/www.google.com\/search?q=francesoir.fr+sondage+30+septembre&amp;oq=francesoir.fr+sonda&amp;gs_lcrp=EgZjaHJvbWUqCAgBEEUYJxg7MgYIABBFGDwyCAgBEEUYJxg7MggIAhBFGCcYOzIGCAMQRRhAMgYIBBBFGDkyBggFEEUYPDIGCAYQRRg8MgYIBxBFGDzSAQgyNDMwajBqNKgCALACAA&amp;sourceid=chrome&amp;ie=UTF-8\">seuls 3% des Fran\u00e7ais pensent que Macron m\u00e8ne le pays dans la bonne direction<\/a>), il renforce l&rsquo;image d&rsquo;un \u00ab\u00a0<em>fin de r\u00e8gne path\u00e9tique<\/em>\u00a0\u00bb.<\/p>\n<p><img decoding=\"async\" alt=\"Sondage FSBS092025-05\" height=\"384\" width=\"795\" class=\"align-center lazyload\" loading=\"lazy\" src=\"https:\/\/www.francesoir.fr\/sites\/default\/files\/inline-images\/image_646.png\"\/><\/p>\n<p>Cette forme provocatrice s&rsquo;inscrit dans une strat\u00e9gie plus globale de \u00ab\u00a0<em>mensonge dans la peau<\/em>\u00a0\u00bb, comme je l&rsquo;explore dans l\u2019\u00e9dito \u00ab <a target=\"_blank\" href=\"https:\/\/www.francesoir.fr\/opinions-editos\/au-nom-de-la-verite-si-je-mens-ou-le-mensonge-dans-la-peau\"><em>Au nom de la v\u00e9rit\u00e9, si je mens \u00bb ou \u00ab le mensonge dans la peau<\/em><\/a> \u00bb. Ici, <strong>les mensonges politiques<\/strong> (de Macron \u00e0 V\u00e9ran) sont <strong>normalis\u00e9s via des m\u00e9dias subventionn\u00e9s qui les relaient comme faits<\/strong>, infantilisant les citoyens et inversant la r\u00e9alit\u00e9 (ex. : nier les effets secondaires vaccinaux malgr\u00e9 200 000 cas).<\/p>\n<blockquote>\n<p><em>La censure, ill\u00e9gale et unilat\u00e9rale, cible les dissidents sous couvert de \u00ab\u00a0bien sup\u00e9rieur\u00a0\u00bb, \u00e9rodant la s\u00e9paration des pouvoirs et favorisant un oligopole informationnel.<\/em><\/p>\n<\/blockquote>\n<p><img decoding=\"async\" alt=\"Au non de la v\u00e9rit\u00e9 si je mens - la seule chose qui s'allonge plus vite que leur nez est la dette publique image parodique\" height=\"441\" width=\"695\" class=\"align-center lazyload\" loading=\"lazy\" src=\"https:\/\/www.francesoir.fr\/sites\/default\/files\/styles\/max_1300x1300\/public\/2024-09\/Au%20nom%20de%20la%20v%C3%A9rit%C3%A9.jpeg?itok=CUno9K9a\"\/><\/p>\n<p>\u00a0<\/p>\n<h5><strong>Les r\u00e9actions : un toll\u00e9 majoritairement n\u00e9gatif, carburant pour la polarisation<\/strong><\/h5>\n<p>Les r\u00e9actions ont \u00e9t\u00e9 imm\u00e9diates et massives, avec un sentiment domin\u00e9 \u00e0 85-90 % par la critique, d&rsquo;apr\u00e8s un \u00e9chantillon de 70 posts sur X (derniers s\u00e9lectionn\u00e9s ou ceux qui sont les moins \u00ab\u00a0lik\u00e9s\u00a0\u00bb). Sur les 3 555 r\u00e9ponses, les th\u00e8mes r\u00e9currents : \u00ab\u00a0<em>dictature<\/em>\u00a0\u00bb, \u00ab\u00a0<em>censure<\/em>\u00a0\u00bb, \u00ab\u00a0<em>fin de la libert\u00e9 d&rsquo;expression<\/em>\u00a0\u00bb. Des influenceurs comme Philippe de Villiers (4 828 likes sur sa quote : \u00ab\u00a0<em>premi\u00e8re r\u00e9ponse \u00e0 la libert\u00e9 d&rsquo;expression<\/em>\u00a0\u00bb) ou Kevin Bossuet (1 743 likes : \u00ab\u00a0<em>in\u00e9dit ! Une d\u00e9mocratie s\u00fbre ne labellise pas la v\u00e9rit\u00e9<\/em>\u00a0\u00bb) ont amplifi\u00e9 le backlash. \u00c0 droite, Bruno Retailleau (LR) ironise : \u00ab\u00a0<em>Rassurez-moi : ce tweet a-t-il \u00e9t\u00e9 labellis\u00e9 ?<\/em>\u00a0\u00bb David Lisnard (UDR) d\u00e9nonce une \u00ab\u00a0<em>d\u00e9rive liberticide<\/em>\u00a0\u00bb, et Eric Ciotti une \u00ab\u00a0<em>pratique de r\u00e9gimes autoritaires<\/em>\u00a0\u00bb. M\u00eame des comptes neutres, comme <em>Les Spectateurs<\/em> (36 likes), titrent \u00ab\u00a0<em>insolite<\/em>\u00a0\u00bb pour souligner l&rsquo;anormalit\u00e9.<\/p>\n<p><strong>Les positives ? <\/strong>Rares (10 %), souvent ironiques chez les pro-Macron : \u00ab\u00a0<em>Enfin, un \u00c9tat qui combat les fake news de Bollor\u00e9 !<\/em>\u00a0\u00bb Mais, elles se noient dans le bruit. Sur le web, <em>Le Figaro<\/em> parle d&rsquo;une \u00ab\u00a0<em>pol\u00e9mique amplifi\u00e9e<\/em>\u00a0\u00bb, <em>Lib\u00e9ration<\/em> d&rsquo;une \u00ab\u00a0<em>passe d&rsquo;armes<\/em>\u00a0\u00bb qui fustige la \u00ab\u00a0<em>bollosph\u00e8re<\/em>. R\u00e9sultat : un ratio replies\/vues de 0,0012, avec 95 % des reposts n\u00e9gatifs, <strong>signe d&rsquo;une controverse qui divise plus qu&rsquo;elle n&rsquo;unit<\/strong>. L&rsquo;algorithme de X, probablement friand de \u00ab\u00a0<em>controverse ou de rage<\/em>\u00a0\u00bb, a boost\u00e9 les bulles RN\/droite, <strong>transformant le tweet en aimant \u00e0 virulence<\/strong>.<\/p>\n<p>Ces r\u00e9actions illustrent parfaitement <strong>le \u00ab\u00a0<\/strong><em><strong>laboratoire<\/strong><\/em><strong>\u00a0\u00bb de censure invisible que repr\u00e9sente <\/strong><em><strong>France-Soir<\/strong><\/em><strong> depuis 2020<\/strong>. Comme le d\u00e9taille l&rsquo;article <a target=\"_blank\" href=\"https:\/\/www.francesoir.fr\/opinions-editos\/france-soir-renait-sur-youtube-le-retour-du-chien-de-garde-que-macron-et-google\">\u00ab\u00a0<em>France-Soir rena\u00eet sur YouTube&#8230; le retour du chien de garde que Macron et Google voulaient enterrer ?<\/em>\u00a0\u00bb<\/a>, notre m\u00e9dia a subi une <strong>d\u00e9indexation massive<\/strong> avec 55\u00a0000\u00a0articles effac\u00e9s de Google Actualit\u00e9s en f\u00e9vrier 2021, une chute de 60 % de visibilit\u00e9, et la suppression de sa cha\u00eene YouTube (277 000 abonn\u00e9s) pour pr\u00e9tendue \u00ab\u00a0<em>d\u00e9sinformation COVID<\/em>\u00a0\u00bb \u2013 sous pression de Roselyne Bachelot et en collaboration avec des fact-checkers biais\u00e9s comme Conspiracy Watch. Tactiques : <strong>signalements massifs<\/strong>, <strong>invisibilisation syst\u00e9matique<\/strong> (\u00ab\u00a0<em>vous \u00eates un mauvais citoyen si vous lisez France-Soir<\/em>\u00a0\u00bb), et <strong>inversion accusatoire<\/strong> o\u00f9 le journalisme critique (sur l&rsquo;origine labo du virus ou le LancetGate) est tax\u00e9 de \u00ab\u00a0<em>terrorisme intellectuel<\/em>\u00a0\u00bb. R\u00e9tablie en octobre 2025 apr\u00e8s les <a target=\"_blank\" href=\"https:\/\/www.francesoir.fr\/politique-monde-societe-justice-science-tech\/google-admet-la-censure-sous-pression-de-l\">\u00ab\u00a0<em>aveux<\/em>\u00a0<em>de censure et de collusion <\/em>\u00bb<\/a> d&rsquo;Alphabet, France-Soir d\u00e9montre comment l&rsquo;\u00c9tat et Google testent des outils de contr\u00f4le, privant les lecteurs d&rsquo;acc\u00e8s \u00e0 des voix ind\u00e9pendantes financ\u00e9es par dons, non subventions.<\/p>\n<p><img decoding=\"async\" alt=\"Google reconnait la censure\" height=\"398\" width=\"708\" class=\"align-center lazyload\" loading=\"lazy\" src=\"https:\/\/www.francesoir.fr\/sites\/default\/files\/styles\/max_1300x1300\/public\/2025-09\/IMAGE%20SEPT%202025%20%2855%29.png?itok=ii-ktQhm\"\/><\/p>\n<p>De plus, l&rsquo;audition de Claire Dil\u00e9, directrice des affaires publiques de X France, \u00e0 l&rsquo;Assembl\u00e9e nationale en juin 2025 \u2013 rapport\u00e9e dans l\u2019article <a target=\"_blank\" href=\"https:\/\/www.francesoir.fr\/societe-economie-justice-science-tech-culture-medias\/x-et-la-censure-invisible-un-scandale-qui\"><em>X et la censure invisible, un scandale qui \u00e9branle la libert\u00e9 d&rsquo;expression ?<\/em><\/a> \u2013 <strong>\u00e9claire les m\u00e9canismes sous-jacents<\/strong>. Elle y expose la politique \u00ab\u00a0<em>Freedom of Speech is not Freedom of Reach<\/em>\u00a0\u00bb : <strong>une d\u00e9amplification algorithmique des contenus \u00ab\u00a0<\/strong><em><strong>gris<\/strong><\/em><strong>\u00a0\u00bb<\/strong> (sensibles mais l\u00e9gaux), via une <strong>invisibilisation s\u00e9lective<\/strong> <strong>algorithmique<\/strong> (shadow bans) qui limitent recommandations, recherches et interactions. Exemple : l\u2019article sur <a target=\"_blank\" href=\"https:\/\/www.francesoir.fr\/opinions-editos\/les-provax-fossoyeurs-ultimes-de-la-vaccination-comment-leurs-mensonges-ont-vaccine\">les \u00ab\u00a0<em>provax extr\u00eames<\/em>\u00a0\u00bb masqu\u00e9 et \u00e9touff\u00e9<\/a>, sans recours transparent. Cela contredit l&rsquo;article 11 de la Charte des droits fondamentaux de l&rsquo;UE et le DSA, favorisant une \u00ab\u00a0<em>censure douce<\/em>\u00a0\u00bb qui \u00e9touffe les dissidents et impose des bulles id\u00e9ologiques \u2013 un scandale d&rsquo;\u00c9tat, comme le qualifie Fr\u00e9d\u00e9ric Baldan, violant m\u00eame le Code p\u00e9nal belge sur l&rsquo;entrave \u00e0 l&rsquo;information.<\/p>\n<p><img decoding=\"async\" alt=\"Censure invisible\" height=\"421\" width=\"702\" class=\"align-center lazyload\" loading=\"lazy\" src=\"https:\/\/www.francesoir.fr\/sites\/default\/files\/styles\/max_1300x1300\/public\/2025-11\/FS102025%20%2881%29.png?itok=hB1LeVS7\"\/><\/p>\n<h5>\u00a0<\/h5>\n<h5><strong>Les cons\u00e9quences : un s\u00e9isme pour les acteurs en jeu<\/strong><\/h5>\n<p>Ce tweet n&rsquo;est pas qu&rsquo;un buzz passager ; il a des r\u00e9percussions en cascade sur les citoyens, les politiques, les m\u00e9dias comme CNews et les r\u00e9seaux comme X.<\/p>\n<p>Pour <strong>les citoyens<\/strong>, il accentue la d\u00e9fiance envers les institutions (<a target=\"_blank\" href=\"https:\/\/www.francesoir.fr\/politique-france\/les-francais-en-crise-de-confiance-entre-desillusion-economique-et-scepticisme\">65 % des Fran\u00e7ais sceptiques sur la \u00ab\u00a0<em>lutte anti-d\u00e9sinfo<\/em>\u00a0\u00bb, selon des sondages r\u00e9cents<\/a>). En polarisant le d\u00e9bat \u2013 \u00ab\u00a0<em>label = censure<\/em>\u00a0\u00bb vs. \u00ab\u00a0<em>CNews = fake news<\/em>\u00a0\u00bb \u2013, il <strong>infantilise l&rsquo;auditoire<\/strong>, le for\u00e7ant \u00e0 <strong>choisir un camp<\/strong>. \u00c0 long terme, <strong>cela \u00e9rode la confiance dans l&rsquo;info<\/strong> : plus de 80 % des r\u00e9ponses virulentes (ex. : \u00ab\u00a0<em>On est en URSS ?<\/em>\u00a0\u00bb) alimentent les th\u00e9ories conspirationnistes, <strong>rendant les citoyens plus vuln\u00e9rables aux bulles algorithmiques<\/strong>. <em>France-Soir<\/em>, en tant que \u00ab\u00a0<em>laboratoire<\/em>\u00a0\u00bb, montre comment l&rsquo;invisibilisation prive d&rsquo;acc\u00e8s \u00e0 des enqu\u00eates critiques, transformant la lecture en acte subversif.<\/p>\n<p><img decoding=\"async\" alt=\"Sondage FSBS092025\" height=\"398\" width=\"708\" class=\"align-center lazyload\" loading=\"lazy\" src=\"https:\/\/www.francesoir.fr\/sites\/default\/files\/styles\/max_1300x1300\/public\/2025-10\/SONDAGE%20FSBS%20SEPT%202025.png?itok=T-5W6iZ3\"\/><\/p>\n<p>Pour <strong>les politiques<\/strong>, c\u2019est un nouveau cadeau empoisonn\u00e9 pour Macron \u2013 la fameuse \u00ab\u00a0<a target=\"_blank\" href=\"https:\/\/www.francesoir.fr\/opinions-editos\/boum\"><em>grenade d\u00e9goupill\u00e9e<\/em><\/a>\u00a0\u00bb qui se retourne contre lui. \u00c0 droite et extr\u00eame droite (RN, LR, UDR), il unifie l&rsquo;opposition : Bardella, Retailleau et Ciotti en font un symbole de \u00ab\u00a0<em>macronisme autoritaire<\/em>\u00a0\u00bb, boostant leur narratif pr\u00e9-2027. Pour le gouvernement, c&rsquo;est une justification : les r\u00e9actions \u00ab\u00a0<em>prouvent<\/em>\u00a0\u00bb la d\u00e9sinfo, l\u00e9gitimant le label via RSF\/Arcom. Mais le risque de boomerang est r\u00e9el \u2013 <em>Politico<\/em> y voit une \u00ab\u00a0<em>br\u00e8che<\/em>\u00a0\u00bb pour une union des droites. En fin de mandat, <strong>cela fragilise l&rsquo;h\u00e9ritage macronien, per\u00e7u comme \u00ab\u00a0<\/strong><em><strong>poutinisant<\/strong><\/em><strong>\u00a0\u00bb<\/strong>.<\/p>\n<p>Pour <strong>les m\u00e9dias<\/strong> comme CNews, <strong>c\u2019est une aubaine pour l&rsquo;audience<\/strong>. D\u00e9crit de \u00ab\u00a0<em>dissidence audiovisuelle<\/em>\u00a0\u00bb par <em>Boulevard Voltaire<\/em>, la cha\u00eene de Bollor\u00e9 gagne en martyr : ses \u00e9missions du soir (Kelly, Praud) ont vu leur audience bondir post-tweet, selon des estimations internes. Mais, le revers : <strong>pression accrue sur l&rsquo;Arcom pour sanctions<\/strong> (pluralisme, fake news), et un <strong>risque de labellisation d\u00e9favorable<\/strong>. Praud, vedette anti-syst\u00e8me, sort renforc\u00e9, mais CNews paie le prix d&rsquo;une \u00ab\u00a0<em>guerre des m\u00e9dias<\/em>\u00a0\u00bb qui la stigmatise comme \u00ab\u00a0<em>pro-Kremlin<\/em>\u00a0\u00bb \u2013 un narratif que l&rsquo;\u00c9lys\u00e9e adore, \u00e9cho \u00e0 la traque de <em>France-Soir<\/em>.<\/p>\n<p>Pour <strong>les r\u00e9seaux sociaux<\/strong> comme X, <strong>le tweet est un app\u00e2t-pi\u00e8ge magistral<\/strong>. En cartographiant les r\u00e9ponses (top relayeurs : souverainistes, RN), l&rsquo;\u00c9lys\u00e9e \u00ab\u00a0<em>construit<\/em>\u00a0\u00bb X comme un \u00ab\u00a0bastion <em>virulent contre la macronie et l&rsquo;extr\u00eame droite<\/em>\u00a0\u00bb un narratif pour contrer la libert\u00e9 d\u2019expression que les utilisateurs reconnaissent \u00e0 ce r\u00e9seau. Id\u00e9al pour justifier une r\u00e9gulation UE plus stricte (DSA). Avec 2,95M vues, <strong>il expose la toxicit\u00e9 per\u00e7ue des RS<\/strong> : 90 % des interactions hostiles, boost\u00e9es par l&rsquo;algo. Cons\u00e9quence ? <strong>X risque d&rsquo;\u00eatre \u00e9tiquet\u00e9 \u00ab\u00a0<\/strong><em><strong>plateforme de haine<\/strong><\/em><strong>\u00a0\u00bb<\/strong>, favorisant les mod\u00e9rations ou labels n\u00e9gatifs. L&rsquo;audition de Claire Dil\u00e9 renforce cela : la d\u00e9amplification invisible de X, <strong>sous pression transatlantique, transforme les plateformes en outils de r\u00e9gulation \u00e9tatique<\/strong>, minant la d\u00e9mocratie avec 11,5 millions d&rsquo;utilisateurs fran\u00e7ais otages d&rsquo;algorithmes opaques.<\/p>\n<p>\u00a0<\/p>\n<h5><strong>Un tweet qui r\u00e9v\u00e8le les failles d&rsquo;une d\u00e9mocratie num\u00e9rique et les failles de la macronie<\/strong><\/h5>\n<p>Ce tweet \u00ab\u00a0<em>Pravda<\/em>\u00a0\u00bb n&rsquo;est pas une maladresse ; <strong>c&rsquo;est une strat\u00e9gie machiav\u00e9lique qui, sous le vernis du fact-checking, teste les lignes rouges de la libert\u00e9 d&rsquo;expression<\/strong>. En provoquant un d\u00e9luge de r\u00e9actions n\u00e9gatives, <strong>il justifie son propre objet<\/strong> \u2013 la labellisation \u2013 tout en d\u00e9cr\u00e9dibilisant X et CNews.<\/p>\n<p>Mais, son <strong>vrai danger r\u00e9side dans l&rsquo;invisible<\/strong> : il <strong>acc\u00e9l\u00e8re<\/strong> <strong>la polarisation<\/strong>, <strong>\u00e9rode la confiance citoyenne<\/strong> et <strong>arme les politiques pour 2027<\/strong>. Macron voulait lutter contre la d\u00e9sinfo ; il l&rsquo;a peut-\u00eatre incarn\u00e9e, comme je le proph\u00e9tisais dans sa D\u00e9claration de Paris:\u00a0<\/p>\n<blockquote>\n<p>\u00ab\u00a0<em>Qui prot\u00e8ge la v\u00e9rit\u00e9 quand son fossoyeur en chef, l&rsquo;\u00c9tat fran\u00e7ais, s&rsquo;auto-proclame juge et partie ?<\/em>\u00a0\u00bb. Reste \u00e0 savoir si ce pi\u00e8ge se refermera sur l&rsquo;app\u00e2t lui-m\u00eame.\u00a0<\/p>\n<\/blockquote>\n<p>Dans une France fractur\u00e9e, un simple post peut devenir un s\u00e9isme \u2013 et celui-ci en est la preuve vivante.<\/p>\n<\/div>\n<p><script>(function(d, s, id) {  var js, fjs = d.getElementsByTagName(s)[0];  if (d.getElementById(id)) return;  js = d.createElement(s); js.id = id;  js.src = \"\/\/connect.facebook.net\/fr_FR\/sdk.js#xfbml=1&version=v2.3\";  fjs.parentNode.insertBefore(js, fjs);}(document, \"script\", \"facebook-jssdk\"));<\/script><br \/>\n<br \/><br \/>\n<br \/><a href=\"https:\/\/www.francesoir.fr\/opinions-editos\/l-etat-francais-vient-de-tweeter-sa-propre-caricature-orwellienne-et-personne-ne\" target=\"_blank\"\">Source link <\/a><\/p>\n","protected":false},"excerpt":{"rendered":"<p>Le 1er d\u00e9cembre 2025, \u00e0 18h03, le compte officiel de la Pr\u00e9sidence fran\u00e7aise a franchi la ligne rouge qu\u2019aucun palais pr\u00e9sidentiel europ\u00e9en n\u2019avait encore os\u00e9 fouler : transformer l\u2019\u00c9lys\u00e9e en&hellip; <\/p>\n","protected":false},"author":1,"featured_media":20319,"comment_status":"open","ping_status":"open","sticky":false,"template":"","format":"standard","meta":{"footnotes":""},"categories":[1],"tags":[],"class_list":["post-20318","post","type-post","status-publish","format-standard","has-post-thumbnail","hentry","category-non-classe"],"_links":{"self":[{"href":"https:\/\/monde25.info\/index.php\/wp-json\/wp\/v2\/posts\/20318","targetHints":{"allow":["GET"]}}],"collection":[{"href":"https:\/\/monde25.info\/index.php\/wp-json\/wp\/v2\/posts"}],"about":[{"href":"https:\/\/monde25.info\/index.php\/wp-json\/wp\/v2\/types\/post"}],"author":[{"embeddable":true,"href":"https:\/\/monde25.info\/index.php\/wp-json\/wp\/v2\/users\/1"}],"replies":[{"embeddable":true,"href":"https:\/\/monde25.info\/index.php\/wp-json\/wp\/v2\/comments?post=20318"}],"version-history":[{"count":0,"href":"https:\/\/monde25.info\/index.php\/wp-json\/wp\/v2\/posts\/20318\/revisions"}],"wp:featuredmedia":[{"embeddable":true,"href":"https:\/\/monde25.info\/index.php\/wp-json\/wp\/v2\/media\/20319"}],"wp:attachment":[{"href":"https:\/\/monde25.info\/index.php\/wp-json\/wp\/v2\/media?parent=20318"}],"wp:term":[{"taxonomy":"category","embeddable":true,"href":"https:\/\/monde25.info\/index.php\/wp-json\/wp\/v2\/categories?post=20318"},{"taxonomy":"post_tag","embeddable":true,"href":"https:\/\/monde25.info\/index.php\/wp-json\/wp\/v2\/tags?post=20318"}],"curies":[{"name":"wp","href":"https:\/\/api.w.org\/{rel}","templated":true}]}}