{"id":20332,"date":"2025-12-02T16:00:57","date_gmt":"2025-12-02T15:00:57","guid":{"rendered":"https:\/\/monde25.info\/index.php\/2025\/12\/02\/perquisitions-au-sein-du-service-diplomatique-de-lue-pour-soupcons-de-fraude-trois-arrestations\/"},"modified":"2025-12-02T16:00:57","modified_gmt":"2025-12-02T15:00:57","slug":"perquisitions-au-sein-du-service-diplomatique-de-lue-pour-soupcons-de-fraude-trois-arrestations","status":"publish","type":"post","link":"https:\/\/monde25.info\/index.php\/2025\/12\/02\/perquisitions-au-sein-du-service-diplomatique-de-lue-pour-soupcons-de-fraude-trois-arrestations\/","title":{"rendered":"Perquisitions au sein du service diplomatique de l&rsquo;UE, pour soup\u00e7ons de fraude. Trois arrestations !"},"content":{"rendered":"<p> <br \/>\n<\/p>\n<div>\n<p>Des perquisitions ont \u00e9t\u00e9 effectu\u00e9es mardi au service diplomatique de l&rsquo;Union europ\u00e9enne \u00e0 Bruxelles (EEAS) et dans plusieurs b\u00e2timents du Coll\u00e8ge de l&rsquo;Europe \u00e0 Bruges, dans une enqu\u00eate sur une possible fraude dans l&rsquo;usage de fonds de l&rsquo;UE, a annonc\u00e9 le parquet europ\u00e9en.<\/p>\n<p>Au total trois personnes ont \u00e9t\u00e9 arr\u00eat\u00e9es, a-t-il ajout\u00e9. Aucune identit\u00e9 n&rsquo;a \u00e9t\u00e9 pr\u00e9cis\u00e9e.<\/p>\n<p>L&rsquo;enqu\u00eate cible des soup\u00e7ons de favoritisme et une possible concurrence d\u00e9loyale dans l&rsquo;attribution par l&rsquo;EEAS au prestigieux Coll\u00e8ge de l&rsquo;Europe d&rsquo;un programme de formation de neuf mois destin\u00e9 aux futurs diplomates europ\u00e9ens.<\/p>\n<p>Les faits reproch\u00e9s remontent \u00e0 la p\u00e9riode 2021-2022, et les infractions reproch\u00e9es sont potentiellement: \u00ab\u00a0fraude dans l&rsquo;attribution des march\u00e9s publics, corruption, conflit d&rsquo;int\u00e9r\u00eats et violation du secret professionnel\u00a0\u00bb, selon le parquet europ\u00e9en.<\/p>\n<p>Le Coll\u00e8ge de l&rsquo;Europe est un \u00e9tablissement d&rsquo;enseignement sup\u00e9rieur qui forme de nombreux fonctionnaires europ\u00e9ens.<\/p>\n<p>Les enqu\u00eateurs cherchent \u00e0 d\u00e9terminer \u00ab\u00a0si le Coll\u00e8ge de l&rsquo;Europe ou des repr\u00e9sentants ont \u00e9t\u00e9 inform\u00e9s \u00e0 l&rsquo;avance des crit\u00e8res de s\u00e9lection\u00a0\u00bb, dans le cadre de la proc\u00e9dure d&rsquo;appel d&rsquo;offres lanc\u00e9 par le service diplomatique de l&rsquo;UE pour un programme de formation.<\/p>\n<p>Le Parquet europ\u00e9en (l&rsquo;EPPO selon le sigle anglais), officiellement institu\u00e9 en 2021, est un organe ind\u00e9pendant de l&rsquo;UE charg\u00e9 de lutter contre la fraude aux fonds de l&rsquo;Union, et toute autre infraction portant atteinte \u00e0 ses int\u00e9r\u00eats financiers (corruption, blanchiment de capitaux, fraude transfronti\u00e8re \u00e0 la TVA).<\/p>\n<p>L&rsquo;enqu\u00eate est codirig\u00e9e par un juge d&rsquo;instruction de Flandre occidentale, la province belge o\u00f9 se situe Bruges. C&rsquo;est la police f\u00e9d\u00e9rale belge qui a effectu\u00e9 les perquisitions.<\/p>\n<p>Avant cette op\u00e9ration de police, le parquet europ\u00e9en avait r\u00e9clam\u00e9 la lev\u00e9e de l&rsquo;immunit\u00e9 dont b\u00e9n\u00e9ficient plusieurs suspects, ce qui lui a \u00e9t\u00e9 accord\u00e9, a soulign\u00e9 aussi le parquet europ\u00e9en, sans citer ni noms ni fonctions.<\/p>\n<p>Un responsable de l&rsquo;UE a confirm\u00e9 que le service diplomatique \u00e0 Bruxelles \u00e9tait une des cibles de l&rsquo;op\u00e9ration de police, pour \u00ab\u00a0des activit\u00e9s datant de pr\u00e9c\u00e9dents mandats\u00a0\u00bb, avant la prise de fonctions de Kaja Kallas comme Haute repr\u00e9sentante aux Affaires \u00e9trang\u00e8res fin 2024.<\/p>\n<p>D\u00e9cid\u00e9ment l&rsquo;UE et son personnel pl\u00e9thorique, ses b\u00e2timents gigantesques \u00e9parpill\u00e9s, ses ressources d\u00e9mesur\u00e9es, voire illimit\u00e9es, sont, on le constate une fois encore, le terrain de l&rsquo;entrisme et de la tentation \u00e0 la fraude facile, noy\u00e9e dans l&rsquo;opulence.<\/p>\n<p>\u00c0 quand la fin de cette gabegie\u00a0qui coute si cher \u00e0 nos nations ?<\/p>\n<p>\u00a0<\/p>\n<\/div>\n<p><script>(function(d, s, id) {  var js, fjs = d.getElementsByTagName(s)[0];  if (d.getElementById(id)) return;  js = d.createElement(s); js.id = id;  js.src = \"\/\/connect.facebook.net\/fr_FR\/sdk.js#xfbml=1&version=v2.3\";  fjs.parentNode.insertBefore(js, fjs);}(document, \"script\", \"facebook-jssdk\"));<\/script><br \/>\n<br \/><br \/>\n<br \/><a href=\"https:\/\/www.francesoir.fr\/politique-monde\/perquisitions-au-sein-du-service-diplomatique-de-l-ue-pour-soupcons-de-fraude-trois\" target=\"_blank\"\">Source link <\/a><\/p>\n","protected":false},"excerpt":{"rendered":"<p>Des perquisitions ont \u00e9t\u00e9 effectu\u00e9es mardi au service diplomatique de l&rsquo;Union europ\u00e9enne \u00e0 Bruxelles (EEAS) et dans plusieurs b\u00e2timents du Coll\u00e8ge de l&rsquo;Europe \u00e0 Bruges, dans une enqu\u00eate sur une&hellip; <\/p>\n","protected":false},"author":1,"featured_media":20333,"comment_status":"open","ping_status":"open","sticky":false,"template":"","format":"standard","meta":{"footnotes":""},"categories":[1],"tags":[],"class_list":["post-20332","post","type-post","status-publish","format-standard","has-post-thumbnail","hentry","category-non-classe"],"_links":{"self":[{"href":"https:\/\/monde25.info\/index.php\/wp-json\/wp\/v2\/posts\/20332","targetHints":{"allow":["GET"]}}],"collection":[{"href":"https:\/\/monde25.info\/index.php\/wp-json\/wp\/v2\/posts"}],"about":[{"href":"https:\/\/monde25.info\/index.php\/wp-json\/wp\/v2\/types\/post"}],"author":[{"embeddable":true,"href":"https:\/\/monde25.info\/index.php\/wp-json\/wp\/v2\/users\/1"}],"replies":[{"embeddable":true,"href":"https:\/\/monde25.info\/index.php\/wp-json\/wp\/v2\/comments?post=20332"}],"version-history":[{"count":0,"href":"https:\/\/monde25.info\/index.php\/wp-json\/wp\/v2\/posts\/20332\/revisions"}],"wp:featuredmedia":[{"embeddable":true,"href":"https:\/\/monde25.info\/index.php\/wp-json\/wp\/v2\/media\/20333"}],"wp:attachment":[{"href":"https:\/\/monde25.info\/index.php\/wp-json\/wp\/v2\/media?parent=20332"}],"wp:term":[{"taxonomy":"category","embeddable":true,"href":"https:\/\/monde25.info\/index.php\/wp-json\/wp\/v2\/categories?post=20332"},{"taxonomy":"post_tag","embeddable":true,"href":"https:\/\/monde25.info\/index.php\/wp-json\/wp\/v2\/tags?post=20332"}],"curies":[{"name":"wp","href":"https:\/\/api.w.org\/{rel}","templated":true}]}}