{"id":20334,"date":"2025-12-02T16:33:45","date_gmt":"2025-12-02T15:33:45","guid":{"rendered":"https:\/\/monde25.info\/index.php\/2025\/12\/02\/la-journee-dhommage-aux-victimes-de-la-colonisation-pourrait-etre-fixee-au-30-novembre\/"},"modified":"2025-12-02T16:33:45","modified_gmt":"2025-12-02T15:33:45","slug":"la-journee-dhommage-aux-victimes-de-la-colonisation-pourrait-etre-fixee-au-30-novembre","status":"publish","type":"post","link":"https:\/\/monde25.info\/index.php\/2025\/12\/02\/la-journee-dhommage-aux-victimes-de-la-colonisation-pourrait-etre-fixee-au-30-novembre\/","title":{"rendered":"La Journ\u00e9e d&rsquo;hommage aux victimes de la colonisation pourrait \u00eatre fix\u00e9e au 30 novembre"},"content":{"rendered":"<p> <br \/>\n<\/p>\n<div itemscope=\"\" itemtype=\"https:\/\/schema.org\/Article\">\n<p>https:\/\/fr.sputniknews.africa\/20251202\/la-journee-dhommage-aux-victimes-de-la-colonisation-pourrait-etre-fixee-au-30-novembre-1081042361.html<\/p>\n<p><a target=\"_blank\" itemprop=\"url\" href=\"https:\/\/fr.sputniknews.africa\/20251202\/la-journee-dhommage-aux-victimes-de-la-colonisation-pourrait-etre-fixee-au-30-novembre-1081042361.html\" title=\"La Journ\u00e9e d'hommage aux victimes de la colonisation pourrait \u00eatre fix\u00e9e au 30 novembre\"\/><\/p>\n<p>La Journ\u00e9e d&rsquo;hommage aux victimes de la colonisation pourrait \u00eatre fix\u00e9e au 30 novembre<\/p>\n<p>La Journ\u00e9e d&rsquo;hommage aux victimes de la colonisation pourrait \u00eatre fix\u00e9e au 30 novembre<\/p>\n<p>Sputnik Afrique<\/p>\n<p>La D\u00e9claration d&rsquo;Alger rendue publique \u00e0 l&rsquo;issue des travaux de la Conf\u00e9rence internationale sur les crimes coloniaux en Afrique, a appel\u00e9 \u00e0 la proclamation de&#8230; 02.12.2025, Sputnik Afrique<\/p>\n<p>2025-12-02T06:48+0100<\/p>\n<p>2025-12-02T06:48+0100<\/p>\n<p>2025-12-02T06:48+0100<\/p>\n<p>alger<\/p>\n<p>colonialisme<\/p>\n<p>afrique<\/p>\n<p>https:\/\/cdn1.img.sputniknews.africa\/img\/07e9\/07\/02\/1074953446_0:183:3072:1911_1920x0_80_0_0_1cc5e0bef2cbf1e01e6963579fc6dc4d.jpg<\/p>\n<p>Cela est bas\u00e9e sur une proposition faite par le pr\u00e9sident de la R\u00e9publique, M. Abdelmadjid Tebboune.Les participants \u00e0 la conf\u00e9rence organis\u00e9e \u00e0 Alger, dimanche et lundi, ont affirm\u00e9 s&rsquo;appuyer sur la proposition du pr\u00e9sident de la R\u00e9publique, \u00ab\u00a0visant \u00e0 instituer une Journ\u00e9e africaine d\u2019hommage aux martyrs et victimes de la traite transatlantique, de la colonisation et de l\u2019apartheid\u00a0\u00bb, en sugg\u00e9rant \u00ab\u00a0le 30 novembre, jour d\u2019ouverture de la Conf\u00e9rence d\u2019Alger, comme date de cette comm\u00e9moration\u00a0\u00bb. Lors du sommet de l&rsquo;Union africaine tenu en f\u00e9vrier dernier \u00e0 Addis-Abeba, le pr\u00e9sident de la R\u00e9publique, M. Abdelmadjid Tebboune, avait propos\u00e9 la cons\u00e9cration d&rsquo;une journ\u00e9e en hommage aux victimes de la colonisation et de l&rsquo;apartheid.La D\u00e9claration d&rsquo;Alger sera soumise \u00e0 la 39\u00e8me session ordinaire de la Conf\u00e9rence des chefs d\u2019Etat et de gouvernement de l\u2019UA en f\u00e9vrier 2026 pour approbation en tant que \u00ab\u00a0premi\u00e8re \u00e9tape continentale vers la criminalisation du colonialisme dans toutes ses formes et la poursuite d\u2019une justice r\u00e9paratrice\u00a0\u00bb, pr\u00e9cisent les signataires du document. La Conf\u00e9rence internationale sur les crimes coloniaux en Afrique, \u00e9v\u00e9nement d&rsquo;envergure continentale, fait suite \u00e0 la d\u00e9cision du sommet de l&rsquo;Union africaine (UA), adopt\u00e9e en f\u00e9vrier 2025, laquelle a endoss\u00e9 l&rsquo;initiative du pr\u00e9sident de la R\u00e9publique, d&rsquo;organiser en Alg\u00e9rie une conf\u00e9rence d\u00e9di\u00e9e \u00e0 la c\u00e9l\u00e9bration et \u00e0 la mise en \u0153uvre du th\u00e8me de l&rsquo;ann\u00e9e 2025 : \u00ab\u00a0Justice pour les Africains et les personnes d&rsquo;ascendance africaine \u00e0 travers les r\u00e9parations\u00a0\u00bb.<\/p>\n<p>alger<\/p>\n<p>afrique<\/p>\n<div itemprop=\"copyrightHolder\" itemscope=\"\" itemtype=\"http:\/\/schema.org\/Organization\">\n<p>Sputnik Afrique<\/p>\n<p><a target=\"_blank\" itemprop=\"url\" href=\"https:\/\/fr.sputniknews.africa\" title=\"Sputnik Afrique\"> <\/a><\/p>\n<p>feedback.fr@sputniknews.com<\/p>\n<p>+74956456601<\/p>\n<p>MIA \u201eRossiya Segodnya\u201c<\/p>\n<p><a target=\"_blank\" itemprop=\"sameAs\" href=\"https:\/\/t.me\/sputnik_afrique\"> <\/a><a target=\"_blank\" itemprop=\"sameAs\" href=\"https:\/\/t.me\/sputnik_africa\"> <\/a><a target=\"_blank\" itemprop=\"sameAs\" href=\"https:\/\/t.me\/sputnik_ethiopia\"> <\/a><a target=\"_blank\" itemprop=\"sameAs\" href=\"https:\/\/x.com\/sputnik_afrique\"> <\/a><a target=\"_blank\" itemprop=\"sameAs\" href=\"https:\/\/x.com\/sputnik_africa\"> <\/a><a target=\"_blank\" itemprop=\"sameAs\" href=\"https:\/\/x.com\/sputnik_ethio\"> <\/a><a target=\"_blank\" itemprop=\"sameAs\" href=\"https:\/\/x.com\/sputnik_swahili\"> <\/a><\/div>\n<p>2025<\/p>\n<div itemprop=\"creator\" itemscope=\"\" itemtype=\"http:\/\/schema.org\/Person\">\n<p>  Alg\u00e9rie Presse Service (APS)<\/p>\n<p><a target=\"_blank\" itemprop=\"url\" href=\"https:\/\/fr.sputniknews.africa\/author_algerie-presse-service_\/\"> <\/a><\/div>\n<div itemprop=\"editor\" itemscope=\"\" itemtype=\"http:\/\/schema.org\/Person\">\n<p>  Alg\u00e9rie Presse Service (APS)<\/p>\n<p><a target=\"_blank\" itemprop=\"url\" href=\"https:\/\/fr.sputniknews.africa\/author_algerie-presse-service_\/\"> <\/a><\/div>\n<p>Actus<\/p>\n<p>fr_FR<\/p>\n<div itemprop=\"sourceOrganization\" itemscope=\"\" itemtype=\"http:\/\/schema.org\/Organization\">\n<p>Sputnik Afrique<\/p>\n<p><a target=\"_blank\" itemprop=\"url\" href=\"https:\/\/fr.sputniknews.africa\" title=\"Sputnik Afrique\"> <\/a><\/p>\n<p>feedback.fr@sputniknews.com<\/p>\n<p>+74956456601<\/p>\n<p>MIA \u201eRossiya Segodnya\u201c<\/p>\n<p><a target=\"_blank\" itemprop=\"sameAs\" href=\"https:\/\/t.me\/sputnik_afrique\"> <\/a><a target=\"_blank\" itemprop=\"sameAs\" href=\"https:\/\/t.me\/sputnik_africa\"> <\/a><a target=\"_blank\" itemprop=\"sameAs\" href=\"https:\/\/t.me\/sputnik_ethiopia\"> <\/a><a target=\"_blank\" itemprop=\"sameAs\" href=\"https:\/\/x.com\/sputnik_afrique\"> <\/a><a target=\"_blank\" itemprop=\"sameAs\" href=\"https:\/\/x.com\/sputnik_africa\"> <\/a><a target=\"_blank\" itemprop=\"sameAs\" href=\"https:\/\/x.com\/sputnik_ethio\"> <\/a><a target=\"_blank\" itemprop=\"sameAs\" href=\"https:\/\/x.com\/sputnik_swahili\"> <\/a><\/div>\n<p><a target=\"_blank\" itemprop=\"thumbnailUrl\" href=\"https:\/\/cdn1.img.sputniknews.africa\/img\/07e9\/07\/02\/1074953446_0:183:3072:1911_1920x0_80_0_0_1cc5e0bef2cbf1e01e6963579fc6dc4d.jpg\"\/><a target=\"_blank\" itemprop=\"thumbnailUrl\" href=\"https:\/\/cdn1.img.sputniknews.africa\/img\/07e9\/07\/02\/1074953446_173:0:2904:2048_1920x0_80_0_0_00f537bebd522eb7cafb97160405fd2d.jpg\">https:\/\/cdn1.img.sputniknews.africa\/img\/07e9\/07\/02\/1074953446_173:0:2904:2048_1920x0_80_0_0_00f537bebd522eb7cafb97160405fd2d.jpg<\/a><a target=\"_blank\" itemprop=\"thumbnailUrl\" href=\"https:\/\/cdn1.img.sputniknews.africa\/img\/07e9\/07\/02\/1074953446_514:0:2562:2048_1920x0_80_0_0_fb5991d3a93e33b3efa0b9289b232560.jpg\" title=\"La statue d'Hubert Lyautey, qui a servi au Maroc, en Alg\u00e9rie, \u00e0 Madagascar et en Indochine sous contr\u00f4le fran\u00e7ais, est recouverte de peinture rouge le lundi 22 juin 2020. Deux statues li\u00e9es \u00e0 l'\u00e9poque coloniale fran\u00e7aise ont \u00e9t\u00e9 recouvertes de graffitis lundi, dans le cadre d'un mouvement mondial visant \u00e0 d\u00e9molir les monuments d\u00e9di\u00e9s \u00e0 des personnalit\u00e9s li\u00e9es \u00e0 l'esclavage ou au colonialisme. (AP Photo\/Rafael Yaghobzadeh)\"\/><\/p>\n<div itemprop=\"publisher\" itemscope=\"\" itemtype=\"http:\/\/schema.org\/Organization\">\n<p>Sputnik Afrique<\/p>\n<p><a target=\"_blank\" itemprop=\"url\" href=\"https:\/\/fr.sputniknews.africa\" title=\"Sputnik Afrique\"> <\/a><\/p>\n<p>feedback.fr@sputniknews.com<\/p>\n<p>+74956456601<\/p>\n<p>MIA \u201eRossiya Segodnya\u201c<\/p>\n<p><a target=\"_blank\" itemprop=\"sameAs\" href=\"https:\/\/t.me\/sputnik_afrique\"> <\/a><a target=\"_blank\" itemprop=\"sameAs\" href=\"https:\/\/t.me\/sputnik_africa\"> <\/a><a target=\"_blank\" itemprop=\"sameAs\" href=\"https:\/\/t.me\/sputnik_ethiopia\"> <\/a><a target=\"_blank\" itemprop=\"sameAs\" href=\"https:\/\/x.com\/sputnik_afrique\"> <\/a><a target=\"_blank\" itemprop=\"sameAs\" href=\"https:\/\/x.com\/sputnik_africa\"> <\/a><a target=\"_blank\" itemprop=\"sameAs\" href=\"https:\/\/x.com\/sputnik_ethio\"> <\/a><a target=\"_blank\" itemprop=\"sameAs\" href=\"https:\/\/x.com\/sputnik_swahili\"> <\/a><\/div>\n<div itemprop=\"author\" itemscope=\"\" itemtype=\"http:\/\/schema.org\/Person\">\n<p>  Alg\u00e9rie Presse Service (APS)<\/p>\n<p><a target=\"_blank\" itemprop=\"url\" href=\"https:\/\/fr.sputniknews.africa\/author_algerie-presse-service_\/\"> <\/a><\/div>\n<p>alger, colonialisme, afrique<\/p>\n<div itemprop=\"about\" itemscope=\"\" itemtype=\"https:\/\/schema.org\/Thing\">\n<p>alger, colonialisme, afrique<\/p>\n<\/div>\n<\/div>\n<div>\n<div class=\"article__author\">\n<div class=\"article__author-item\">\n<div class=\"article__author-wrapper\">\n<div class=\"article__author-info\">\n<p>  Alg\u00e9rie Presse Service (APS)<\/p>\n<\/div>\n<\/div>\n<\/div>\n<\/div>\n<p>La D\u00e9claration d&rsquo;Alger rendue publique \u00e0 l&rsquo;issue des travaux de la Conf\u00e9rence internationale sur les crimes coloniaux en Afrique, a appel\u00e9 \u00e0 la proclamation de la journ\u00e9e du 30 novembre \u00ab\u00a0Journ\u00e9e africaine d\u2019hommage aux martyrs et victimes de la traite transatlantique, de la colonisation et de l\u2019apartheid\u00a0\u00bb. <\/p>\n<\/div>\n<div>\n<div class=\"article__block\" data-type=\"text\">\n<p>Cela est bas\u00e9e sur une proposition faite par le pr\u00e9sident de la R\u00e9publique, M. Abdelmadjid Tebboune.<\/p>\n<\/div>\n<div class=\"article__block\" data-type=\"text\">\n<p>Les participants \u00e0 la conf\u00e9rence organis\u00e9e \u00e0 Alger, dimanche et lundi, ont affirm\u00e9 s&rsquo;appuyer sur la proposition du pr\u00e9sident de la R\u00e9publique, \u00ab\u00a0visant \u00e0 instituer une Journ\u00e9e africaine d\u2019hommage aux martyrs et victimes de la traite transatlantique, de la colonisation et de l\u2019apartheid\u00a0\u00bb, en sugg\u00e9rant \u00ab\u00a0le 30 novembre, jour d\u2019ouverture de la Conf\u00e9rence d\u2019Alger, comme date de cette comm\u00e9moration\u00a0\u00bb. <\/p>\n<\/div>\n<div class=\"article__block\" data-type=\"quote\">\n<div class=\"article__quote\">\n<p>\u00ab\u00a0La D\u00e9claration d\u2019Alger est une \u00e9tape essentielle vers la reconnaissance des crimes du colonialisme et constitue un moyen pratique pour doter l\u2019Afrique d\u2019instruments durables de m\u00e9moire, de v\u00e9rit\u00e9, de justice et de r\u00e9paration pour un avenir juste, prosp\u00e8re et digne aux g\u00e9n\u00e9rations futures\u00a0\u00bb, note le texte. <\/p>\n<\/div>\n<\/div>\n<div class=\"article__block\" data-type=\"text\">\n<p>Lors du sommet de l&rsquo;Union africaine tenu en f\u00e9vrier dernier \u00e0 Addis-Abeba, le pr\u00e9sident de la R\u00e9publique, M. Abdelmadjid Tebboune, avait propos\u00e9 la cons\u00e9cration d&rsquo;une journ\u00e9e en hommage aux victimes de la colonisation et de l&rsquo;apartheid.<\/p>\n<\/div>\n<div class=\"article__block\" data-type=\"text\">\n<p>La D\u00e9claration d&rsquo;Alger sera soumise \u00e0 la 39\u00e8me session ordinaire de la Conf\u00e9rence des chefs d\u2019Etat et de gouvernement de l\u2019UA en f\u00e9vrier 2026 pour approbation en tant que \u00ab\u00a0premi\u00e8re \u00e9tape continentale vers la criminalisation du colonialisme dans toutes ses formes et la poursuite d\u2019une justice r\u00e9paratrice\u00a0\u00bb, pr\u00e9cisent les signataires du document. <\/p>\n<\/div>\n<div class=\"article__block\" data-type=\"text\">\n<p>La Conf\u00e9rence internationale sur les crimes coloniaux en Afrique, \u00e9v\u00e9nement d&rsquo;envergure continentale, fait suite \u00e0 la d\u00e9cision du sommet de l&rsquo;Union africaine (UA), adopt\u00e9e en f\u00e9vrier 2025, laquelle a endoss\u00e9 l&rsquo;initiative du pr\u00e9sident de la R\u00e9publique, d&rsquo;organiser en Alg\u00e9rie une conf\u00e9rence d\u00e9di\u00e9e \u00e0 la c\u00e9l\u00e9bration et \u00e0 la mise en \u0153uvre du th\u00e8me de l&rsquo;ann\u00e9e 2025 : \u00ab\u00a0Justice pour les Africains et les personnes d&rsquo;ascendance africaine \u00e0 travers les r\u00e9parations\u00a0\u00bb.<\/p>\n<\/div>\n<\/div>\n<p><script async=\"async\" type=\"text\/plain\" class=\"_iub_cs_activate\" data-iub-purposes=\"3\" data-suppressedsrc=\"https:\/\/connect.facebook.net\/en_US\/sdk.js#xfbml=1&amp;version=v3.2\"><\/script><br \/>\n<br \/><br \/>\n<br \/><a href=\"https:\/\/fr.sputniknews.africa\/20251202\/la-journee-dhommage-aux-victimes-de-la-colonisation-pourrait-etre-fixee-au-30-novembre-1081042361.html\" target=\"_blank\"\">Source link <\/a><\/p>\n","protected":false},"excerpt":{"rendered":"<p>https:\/\/fr.sputniknews.africa\/20251202\/la-journee-dhommage-aux-victimes-de-la-colonisation-pourrait-etre-fixee-au-30-novembre-1081042361.html La Journ\u00e9e d&rsquo;hommage aux victimes de la colonisation pourrait \u00eatre fix\u00e9e au 30 novembre La Journ\u00e9e d&rsquo;hommage aux victimes de la colonisation pourrait \u00eatre fix\u00e9e au 30 novembre Sputnik&hellip; <\/p>\n","protected":false},"author":1,"featured_media":20335,"comment_status":"open","ping_status":"open","sticky":false,"template":"","format":"standard","meta":{"footnotes":""},"categories":[1],"tags":[],"class_list":["post-20334","post","type-post","status-publish","format-standard","has-post-thumbnail","hentry","category-non-classe"],"_links":{"self":[{"href":"https:\/\/monde25.info\/index.php\/wp-json\/wp\/v2\/posts\/20334","targetHints":{"allow":["GET"]}}],"collection":[{"href":"https:\/\/monde25.info\/index.php\/wp-json\/wp\/v2\/posts"}],"about":[{"href":"https:\/\/monde25.info\/index.php\/wp-json\/wp\/v2\/types\/post"}],"author":[{"embeddable":true,"href":"https:\/\/monde25.info\/index.php\/wp-json\/wp\/v2\/users\/1"}],"replies":[{"embeddable":true,"href":"https:\/\/monde25.info\/index.php\/wp-json\/wp\/v2\/comments?post=20334"}],"version-history":[{"count":0,"href":"https:\/\/monde25.info\/index.php\/wp-json\/wp\/v2\/posts\/20334\/revisions"}],"wp:featuredmedia":[{"embeddable":true,"href":"https:\/\/monde25.info\/index.php\/wp-json\/wp\/v2\/media\/20335"}],"wp:attachment":[{"href":"https:\/\/monde25.info\/index.php\/wp-json\/wp\/v2\/media?parent=20334"}],"wp:term":[{"taxonomy":"category","embeddable":true,"href":"https:\/\/monde25.info\/index.php\/wp-json\/wp\/v2\/categories?post=20334"},{"taxonomy":"post_tag","embeddable":true,"href":"https:\/\/monde25.info\/index.php\/wp-json\/wp\/v2\/tags?post=20334"}],"curies":[{"name":"wp","href":"https:\/\/api.w.org\/{rel}","templated":true}]}}