{"id":20345,"date":"2025-12-02T21:00:01","date_gmt":"2025-12-02T20:00:01","guid":{"rendered":"https:\/\/monde25.info\/index.php\/2025\/12\/02\/que-reste-t-il-de-lheroisme-a-gauche\/"},"modified":"2025-12-02T21:00:01","modified_gmt":"2025-12-02T20:00:01","slug":"que-reste-t-il-de-lheroisme-a-gauche","status":"publish","type":"post","link":"https:\/\/monde25.info\/index.php\/2025\/12\/02\/que-reste-t-il-de-lheroisme-a-gauche\/","title":{"rendered":"Que reste-t-il de l\u2019h\u00e9ro\u00efsme \u00e0 gauche ?"},"content":{"rendered":"<p> <br \/>\n<\/p>\n<div>\n<h4><b>Qu\u2019est-ce que l\u2019h\u00e9ro\u00efsme ? De prime abord, cette notion peut sembler renvoyer \u00e0 la mise en sc\u00e8ne narcissique d\u2019une personne. Cette notion est volontiers accapar\u00e9e par la supr\u00e9matie blanche et masculine pour asseoir son statut social et ses valeurs dites sup\u00e9rieures. Par opposition, l\u2019h\u00e9ro\u00efsme peut inspirer du rejet du c\u00f4t\u00e9 des militant\u00b7es dits progressistes. Faut-il alors d\u00e9laisser ce concept, ou bien <a target=\"_blank\" href=\"https:\/\/mrmondialisation.org\/identite-national-france-social\/\">se le r\u00e9approprier \u00e0 la faveur d\u2019une dynamique collective qui \u0153uvre pour le bien commun ?<\/a><\/b><\/h4>\n<p><span style=\"font-weight: 400;\"><em>H\u00e9ro\u00efques<\/em> est le titre de la <a target=\"_blank\" href=\"https:\/\/ulule.com\/heroique\" target=\"_blank\" rel=\"noopener\">nouvelle revue Fsoci\u00e9t\u00e9<\/a>, actuellement en pr\u00e9vente, dont l\u2019objectif est de <strong><em>\u00ab renverser la rh\u00e9torique du h\u00e9ros bourgeois, blanc, occidental, qui aime se contempler en tant que sauveur du monde et des cultures qu\u2019il m\u00e9prise. <i>\u00bb<\/i><\/em><\/strong><\/span><\/p>\n<figure id=\"attachment_1231529\" aria-describedby=\"caption-attachment-1231529\" style=\"width: 1024px\" class=\"wp-caption alignnone\"><a target=\"_blank\" href=\"https:\/\/fr.ulule.com\/heroique\/\" target=\"_blank\" rel=\"noopener\"><img fetchpriority=\"high\" decoding=\"async\" class=\"wp-image-1231529\" src=\"https:\/\/mrmondialisation.org\/wp-content\/uploads\/2025\/11\/presulule.jpg\" alt=\"\" width=\"1024\" height=\"640\" srcset=\"https:\/\/mrmondialisation.org\/wp-content\/uploads\/2025\/11\/presulule.jpg 800w, https:\/\/mrmondialisation.org\/wp-content\/uploads\/2025\/11\/presulule-768x480.jpg 768w, https:\/\/mrmondialisation.org\/wp-content\/uploads\/2025\/11\/presulule-696x435.jpg 696w, https:\/\/mrmondialisation.org\/wp-content\/uploads\/2025\/11\/presulule-672x420.jpg 672w\" sizes=\"(max-width: 1024px) 100vw, 1024px\"\/><\/a><figcaption id=\"caption-attachment-1231529\" class=\"wp-caption-text\">Campagne crowdfunding de la revue <a target=\"_blank\" href=\"https:\/\/fr.ulule.com\/heroique\/\" target=\"_blank\" rel=\"noopener\">H\u00e9ro\u00efques<\/a>.<\/figcaption><\/figure>\n<h2><b>Redonner du sens aux mots<\/b><\/h2>\n<p>Les d\u00e9finitions courantes du racisme ne rappellent pas toujours que<strong> la hi\u00e9rarchie raciale utilis\u00e9e aujourd\u2019hui a \u00e9t\u00e9 construite par les Europ\u00e9ens et qu\u2019elle pla\u00e7ait les personnes blanches en haut de l\u2019\u00e9chelle.<\/strong> Dans cette perspective, <strong>le racisme est un syst\u00e8me historique qui vise principalement les personnes non blanches.<\/strong> C\u2019est pourquoi, selon cette approche, on ne peut pas parler de \u00ab racisme anti-blanc \u00bb comme d\u2019un syst\u00e8me de domination comparable. <strong>Cette mise au point permet de r\u00e9pondre \u00e0 l\u2019argument selon lequel parler de racisme serait en soi raciste : cet argument ignore l\u2019histoire et le fonctionnement r\u00e9el de ce syst\u00e8me.<\/strong><\/p>\n<p><span style=\"font-weight: 400;\">De la m\u00eame mani\u00e8re, la culture occidentale parvient \u00e0 s\u2019approprier l\u2019acte h\u00e9ro\u00efque et \u00e0 le monopoliser dans l\u2019imaginaire collectif. <strong>On pense particuli\u00e8rement au \u00ab complexe du <a target=\"_blank\" href=\"https:\/\/www.radiofrance.fr\/franceculture\/comment-le-volontourisme-perpetue-le-syndrome-du-white-saviour-6008902\" target=\"_blank\" rel=\"noopener\">sauveur blanc<\/a> \u00bb (<em>white saviourism<\/em> en anglais), qui d\u00e9signe le sentiment de devoir de l\u2019homme blanc occidental de venir en aide aux populations du tiers-monde (en particulier africaines et asiatiques), en s\u2019exposant h\u00e9ro\u00efquement et en revendiquant par la m\u00eame une sup\u00e9riorit\u00e9 culturelle.<\/strong>\u00a0<\/span><\/p>\n<p><span style=\"font-weight: 400;\">Lutter contre le complexe du sauveur blanc ne revient pas \u00e0 abandonner les cultures \u00e9trang\u00e8res, mais au contraire \u00e0 <strong>respecter<\/strong><\/span> <span style=\"font-weight: 400;\"><strong>leurs savoirs et leurs pratiques, sans chercher \u00e0 imposer un mode de vie occidental.<\/strong> <strong>L\u2019aide humanitaire ne peut se faire sans politisation ni lutte d\u00e9coloniale.<\/strong> Sans quoi elle ne fait que reproduire les in\u00e9galit\u00e9s sociales qui profitent \u00e0 l\u2019Occidental d\u00e9sireux de conserver l\u2019image du \u00ab sauveur blanc \u00bb, et la gratification sociale qui s\u2019en suit.<\/span><\/p>\n<p><img loading=\"lazy\" decoding=\"async\" class=\"alignnone wp-image-1231530 size-full\" src=\"https:\/\/mrmondialisation.org\/wp-content\/uploads\/2025\/11\/sauveurblanc-e1764690434444.png\" alt=\"\" width=\"885\" height=\"586\" srcset=\"https:\/\/mrmondialisation.org\/wp-content\/uploads\/2025\/11\/sauveurblanc-e1764690434444.png 885w, https:\/\/mrmondialisation.org\/wp-content\/uploads\/2025\/11\/sauveurblanc-e1764690434444-768x509.png 768w, https:\/\/mrmondialisation.org\/wp-content\/uploads\/2025\/11\/sauveurblanc-e1764690434444-696x461.png 696w, https:\/\/mrmondialisation.org\/wp-content\/uploads\/2025\/11\/sauveurblanc-e1764690434444-634x420.png 634w\" sizes=\"auto, (max-width: 885px) 100vw, 885px\"\/><\/p>\n<h2><b>Faut-il d\u00e9laisser le concept d\u2019h\u00e9ro\u00efsme ?<\/b><\/h2>\n<p><span style=\"font-weight: 400;\">Nous avons demand\u00e9 \u00e0 plusieurs abonn\u00e9\u00b7es Fsoci\u00e9t\u00e9 ce qu\u2019ils pensent du concept d\u2019h\u00e9ro\u00efsme. Plusieurs internautes ont exprim\u00e9 <strong>une certaine forme de r\u00e9ticence, soit vis-\u00e0-vis de sa connotation bourgeoise, soit pour sa dimension individuelle, ou encore pour son usage en inad\u00e9quation avec l\u2019id\u00e9e d\u2019un militantisme collectif.<\/strong> <\/span><\/p>\n<p><span style=\"font-weight: 400;\">Selon Odile Maurin (interrog\u00e9e sur Bluesky), l\u2019h\u00e9ro\u00efsme n\u2019est pas banal : <em>\u00ab c\u2019est quand quelqu\u2019un donne r\u00e9ellement sa vie pour les autres. \u00bb<\/em> <strong>La lutte sociale, la d\u00e9fense des plus d\u00e9munis, devraient donc aller de soi et ne n\u00e9cessitent pas une telle mobilisation courageuse et sacrificielle :<\/strong> <em>\u00ab agir en conscience, ce n\u2019est pas \u00eatre h\u00e9ro\u00efque, c\u2019est simplement \u00eatre en conformit\u00e9 avec soi-m\u00eame. \u00bb<\/em><\/span><\/p>\n<p><span style=\"font-weight: 400;\">Ce qui d\u00e9pla\u00eet \u00e9galement dans le concept d\u2019h\u00e9ro\u00efsme, c\u2019est sa dimension religieuse. Pour L\u00e9a Mesnil,<strong> l\u2019h\u00e9ro\u00efsme est valoris\u00e9 et construit par une vision occidentale \u00ab essentiellement monoth\u00e9iste \u00bb. <\/strong><\/span><span style=\"font-weight: 400;\">D\u2019autres pr\u00e9f\u00e8rent d\u00e9laisser ce terme \u00e0 la bourgeoisie. <\/span><\/p>\n<p><span style=\"font-weight: 400;\">BikingDog (Bluesky) choisirait par exemple <strong>les termes de courage ou d\u2019abn\u00e9gation<\/strong>, <em>\u00ab par envie de libert\u00e9, de cr\u00e9ativit\u00e9 et d\u2019espoir pour le futur \u00bb.<\/em> Il consid\u00e8re en effet que<strong> le h\u00e9ros bien qu\u2019admir\u00e9 par le peuple, s\u2019en extrait : il est le mod\u00e8le \u00e0 suivre, un individu exceptionnel, que l\u2019on aurait tendance \u00e0 id\u00e9aliser, \u00e0 romantiser.<\/strong> Alors que le v\u00e9ritable \u00ab h\u00e9ros \u00bb, ou plut\u00f4t le courageux selon l\u2019internaute, n\u2019a pas besoin de lumi\u00e8re :\u00a0<\/span><\/p>\n<blockquote>\n<p><strong>\u00ab Ceux qui \u00e9taient applaudis lors de l\u2019\u00e9pid\u00e9mie de Covid, ils n\u2019ont pas besoin de figurer dans les romans ni m\u00eame dans les journaux : ils sont partout et sont reconnus par leur entourage, ils sont la maille du tissu social, pas un \u00e9cusson arbor\u00e9 ou envi\u00e9 par autrui. \u00bb<\/strong><\/p>\n<\/blockquote>\n<h2><b>H\u00e9ros du quotidien<\/b><\/h2>\n<p><span style=\"font-weight: 400;\"><strong>L\u2019acte h\u00e9ro\u00efque est-il exceptionnel, r\u00e9serv\u00e9 \u00e0 une \u00e9lite, un d\u00e9sir narcissique, ou bien ordinaire ?<\/strong> Si l\u2019on d\u00e9cide de c\u00e9der ses dimensions de domination et de distinction sociale \u00e0 la classe bourgeoise, alors <a target=\"_blank\" href=\"https:\/\/mrmondialisation.org\/lextreme-gauche-et-lextreme-droite-ne-sont-pas-comparables\/\">il convient de le d\u00e9laisser et le connoter p\u00e9jorativement.<\/a><\/span><\/p>\n<p><span style=\"font-weight: 400;\">L\u2019autre option est celle de<strong> la r\u00e9appropriation par les publics domin\u00e9s, mais aussi sa red\u00e9finition autour des valeurs d\u2019altruisme, de d\u00e9vouement aux causes sociales et \u00e0 l\u2019int\u00e9r\u00eat g\u00e9n\u00e9ral.<\/strong> G.R.K. (Bluesky) a choisi d\u2019illustrer quelques exemples d\u2019h\u00e9ro\u00efnes et de h\u00e9ros, qui ne cherchent aucune reconnaissance ou validation, mais qui luttent pour autrui jusqu\u2019\u00e0 <em>\u00ab mettre en p\u00e9ril leur int\u00e9grit\u00e9, tant physique que psychologique ou financi\u00e8re \u00bb<\/em> : <\/span><\/p>\n<div class=\"td-a-rec td-a-rec-id-content_inline  tdi_1 td_block_template_1\">\n<center><a target=\"_blank\" href=\"https:\/\/fr.tipeee.com\/mr-mondialisation\" class=\"tipeee-project-small\">Je m&rsquo;abonne \u00e0 Mr Mondialisation<\/a>&#13;<br \/>\n<\/center>&amp;nbsp<\/div>\n<p><span style=\"font-weight: 400;\"><strong>Ces b\u00e9n\u00e9voles qui organisent des maraudes nocturnes<\/strong> et subissent <em>\u00ab quotidiennement des injustices, exactions, brimades et autres humiliations, tant physiques que psychologiques et souvent administratives, par les milices d\u2019un \u00c9tat dor\u00e9navant fasciste. \u00bb <\/em><\/span><span style=\"font-weight: 400;\"><strong>Ces \u00e9cologistes qui mettent<\/strong><strong style=\"font-weight: 400;\"> leur vie en danger contre le projet d\u2019autoroute A69. <\/strong><\/span><span style=\"font-weight: 400;\"><strong>Ces militant\u00b7es qui <em>\u00ab ne l\u00e2chent rien pour pr\u00e9server le peu d\u2019acquis sociaux qui restent aux handicap\u00e9\u00b7es et aux malades \u00bb. <\/em><\/strong><\/span><span style=\"font-weight: 400;\">Les exemples sont ainsi nombreux, peu m\u00e9diatis\u00e9s ou, quand ils le sont, discr\u00e9dit\u00e9s, parfois m\u00eame criminalis\u00e9s.<\/span><\/p>\n<figure id=\"attachment_1231540\" aria-describedby=\"caption-attachment-1231540\" style=\"width: 1024px\" class=\"wp-caption alignnone\"><img loading=\"lazy\" decoding=\"async\" class=\"wp-image-1231540\" src=\"https:\/\/mrmondialisation.org\/wp-content\/uploads\/2025\/11\/48854780031-a14d9da470-c.jpg\" alt=\"\" width=\"1024\" height=\"683\" srcset=\"https:\/\/mrmondialisation.org\/wp-content\/uploads\/2025\/11\/48854780031-a14d9da470-c.jpg 799w, https:\/\/mrmondialisation.org\/wp-content\/uploads\/2025\/11\/48854780031-a14d9da470-c-768x512.jpg 768w, https:\/\/mrmondialisation.org\/wp-content\/uploads\/2025\/11\/48854780031-a14d9da470-c-696x464.jpg 696w, https:\/\/mrmondialisation.org\/wp-content\/uploads\/2025\/11\/48854780031-a14d9da470-c-630x420.jpg 630w\" sizes=\"auto, (max-width: 1024px) 100vw, 1024px\"\/><figcaption id=\"caption-attachment-1231540\" class=\"wp-caption-text\">Source : Bastian Greshake Tzovaras (<a target=\"_blank\" href=\"https:\/\/www.flickr.com\/photos\/gedankenstuecke\/48854780031\/in\/photolist-2j5TeGY-2j5RGBc-2j5P3XF-2j5TfEp-2aB52pv-2kXqo4c-2hr8w2D-2hr7Z1N-2kXuRBM-2kXtLj2-2kXuQSA-2kXxDre-2kXztYD-2hr7hVN-2hraMxk-2hr97rk-2hr9ZeJ-2hr8ZVQ-2hr8XR9-2hr76PK-2kXziXm-2hra6pj-2hr9QvS-2hr9Joa-2kXzt23-2kXtRr6-2hr9S46-2hraL4P-2hr6ByB-2kXztiL-2hr7eqS-2hr8VJi-2kXtHZ2-2kXxJFY-2kXqrgp-2hr8TNK-2hr8N6C-2hr8SLe-2kXqr3J-2kXqida-2kXztMG-2hr8GJL-2kXtPU8-2kXzpvf-2kXxJqC-2kXqgge-2hr8zcw-2hr7cxZ-2kXqfGd-2hr8EpL\" target=\"_blank\" rel=\"noopener\">Flickr<\/a>)<\/figcaption><\/figure>\n<h2><b>Un h\u00e9ro\u00efsme collectif ?<\/b><\/h2>\n<p><span style=\"font-weight: 400;\">Ce qui revient le plus parmi les abonn\u00e9\u00b7es, c\u2019est l\u2019id\u00e9e que l\u2019h\u00e9ro\u00efsme devrait \u00eatre avant tout collective. Sa dimension trop individuelle impliquerait une d\u00e9rive narcissique, une volont\u00e9 de se mettre en avant et d\u2019\u00eatre bien vu. Selon Etienne Fontan, <em><strong>\u00ab le vrai h\u00e9ro\u00efsme est collectif et ancr\u00e9 dans la lutte quotidienne, loin des r\u00e9cits bourgeois qui tentent de se l\u2019approprier \u00bb.<\/strong><\/em> <\/span><\/p>\n<p><span style=\"font-weight: 400;\">Alors que pour Isidro (Bluesky), il s\u2019agit \u00e9galement d\u2019\u00eatre attentif au <strong>narratif guerrier et viriliste de l\u2019h\u00e9ro\u00efsme<\/strong> : <em>\u00ab si l\u2019on veut opposer la rh\u00e9torique bourgeoise du h\u00e9ros, souvent guerrier, souvent m\u00e2le, alors l\u2019h\u00e9ro\u00efsme n\u2019est pas individuel mais collectif \u00bb.<\/em><\/span><\/p>\n<p><span style=\"font-weight: 400;\">La dimension individuelle repose \u00e9galement sur une certaine passivit\u00e9, dans<strong> l\u2019attente qu\u2019un \u00eatre providentiel r\u00e9solve tous les maux de la soci\u00e9t\u00e9,<\/strong> mais repose aussi sur <strong>le mythe capitaliste o\u00f9 l\u2019individu ayant le pouvoir serait sain<\/strong>, dot\u00e9 de bonnes intentions et <em>\u00ab repr\u00e9sente une solution de transformation du monde \u00bb<\/em> (dixit Le poisson noir sur Bluesky).<\/span><\/p>\n<p><span style=\"font-weight: 400;\">En somme, <strong>la perception de l\u2019h\u00e9ro\u00efsme semble ambivalente, entre le rejet d\u2019une bourgeoisie qui se distingue et s\u2019accapare les valeurs d\u2019h\u00e9ro\u00efsme dans l\u2019objectif d\u2019accro\u00eetre leur domination ; et la volont\u00e9 de mettre en avant ces publics domin\u00e9s qui luttent pour le bien commun.<\/strong><\/span><\/p>\n<p><a target=\"_blank\" href=\"https:\/\/fr.ulule.com\/heroique\/\" target=\"_blank\" rel=\"noopener\"><img loading=\"lazy\" decoding=\"async\" class=\"alignnone size-medium wp-image-1231541\" src=\"https:\/\/mrmondialisation.org\/wp-content\/uploads\/2025\/11\/design-sans-titre-1-1024x677.png\" alt=\"\" width=\"1024\" height=\"677\" srcset=\"https:\/\/mrmondialisation.org\/wp-content\/uploads\/2025\/11\/design-sans-titre-1-1024x677.png 1024w, https:\/\/mrmondialisation.org\/wp-content\/uploads\/2025\/11\/design-sans-titre-1-768x508.png 768w, https:\/\/mrmondialisation.org\/wp-content\/uploads\/2025\/11\/design-sans-titre-1-696x460.png 696w, https:\/\/mrmondialisation.org\/wp-content\/uploads\/2025\/11\/design-sans-titre-1-1068x706.png 1068w, https:\/\/mrmondialisation.org\/wp-content\/uploads\/2025\/11\/design-sans-titre-1-635x420.png 635w, https:\/\/mrmondialisation.org\/wp-content\/uploads\/2025\/11\/design-sans-titre-1.png 1080w\" sizes=\"auto, (max-width: 1024px) 100vw, 1024px\"\/><\/a><\/p>\n<p><span style=\"font-weight: 400;\">Dans le nouveau num\u00e9ro Fsoci\u00e9t\u00e9 <\/span><i>H\u00e9ro\u00efques<\/i><span style=\"font-weight: 400;\">, <a target=\"_blank\" href=\"https:\/\/fr.ulule.com\/heroique\/\" target=\"_blank\" rel=\"noopener\">en pr\u00e9vente jusqu\u2019au 19 d\u00e9cembr<\/a><a target=\"_blank\" href=\"https:\/\/fr.ulule.com\/heroique\/\">e<\/a>, vous trouverez plusieurs articles sur le th\u00e8me du militantisme et<strong> le parti pris d\u2019une red\u00e9finition de l\u2019h\u00e9ro\u00efsme en faveur des domin\u00e9\u00b7es et des activistes.<\/strong> Est \u00e9galement inclus un jeu Labyrinthe participatif sur le th\u00e8me de la Flottille pour la libert\u00e9. Plusieurs articles sont en acc\u00e8s libre sur Mr Mondialisation :\u00a0<\/span><\/p>\n<p style=\"text-align: right;\"><span style=\"font-weight: 400;\">\u2013 <strong><em>Benjamin Remtoula (<a target=\"_blank\" href=\"https:\/\/www.instagram.com\/fsociete_fr\/\" target=\"_blank\" rel=\"noopener\">Fsoci\u00e9t\u00e9<\/a>).<\/em><\/strong><\/span><\/p>\n<hr\/>\n<p>Photo de couverture : Dimanche 7 juillet 2024, un rendez-vous avait \u00e9t\u00e9 donn\u00e9 par les soutiens du <a target=\"_blank\" class=\"x1i10hfl xjbqb8w x1ejq31n x18oe1m7 x1sy0etr xstzfhl x972fbf x10w94by x1qhh985 x14e42zd x9f619 x1ypdohk xt0psk2 x3ct3a4 xdj266r x14z9mp xat24cr x1lziwak xexx8yu xyri2b x18d9i69 x1c1uobl x16tdsg8 x1hl2dhg xggy1nq x1a2a7pz  _aa9_ _a6hd\" tabindex=\"0\" role=\"link\" href=\"https:\/\/www.instagram.com\/explore\/tags\/nfp\/\">#NFP<\/a> pour se retrouver place de la R\u00e9publique \u00e0 Paris. Reportage <a target=\"_blank\" class=\"x1i10hfl xjbqb8w x1ejq31n x18oe1m7 x1sy0etr xstzfhl x972fbf x10w94by x1qhh985 x14e42zd x9f619 x1ypdohk xt0psk2 x3ct3a4 xdj266r x14z9mp xat24cr x1lziwak xexx8yu xyri2b x18d9i69 x1c1uobl x16tdsg8 x1hl2dhg xggy1nq x1a2a7pz notranslate _a6hd\" tabindex=\"0\" role=\"link\" href=\"https:\/\/www.instagram.com\/tiphaine_real\/\">@tiphaine_real<\/a> pour Mr Mondialisation<\/p>\n<div class=\"td-a-rec td-a-rec-id-content_bottom  tdi_2 td_block_template_1\">\n<span class=\"td-adspot-title\">&#8211; Cet article gratuit, ind\u00e9pendant et sans IA existe gr\u00e2ce aux abonn\u00e9s &#8211;<\/span><\/p>\n<div class=\"td-all-devices\">\n    <a target=\"_blank\" href=\"https:\/\/mrmondialisation.org\/donation\/\" title=\"Faire_un_don\"><img decoding=\"async\" class=\"donationArticle\" src=\"https:\/\/mrmondialisation.org\/wp-content\/uploads\/2022\/12\/220405-flikalicious-final.jpg\" alt=\"Donation\"\/><\/a>\n<\/div>\n<\/div><\/div>\n<p><script async defer src=\"https:\/\/platform.instagram.com\/en_US\/embeds.js\"><\/script><br \/>\n<br \/><br \/>\n<br \/><a href=\"https:\/\/mrmondialisation.org\/heroisme-gauche\/\" target=\"_blank\"\">Source link <\/a><\/p>\n","protected":false},"excerpt":{"rendered":"<p>Qu\u2019est-ce que l\u2019h\u00e9ro\u00efsme ? De prime abord, cette notion peut sembler renvoyer \u00e0 la mise en sc\u00e8ne narcissique d\u2019une personne. Cette notion est volontiers accapar\u00e9e par la supr\u00e9matie blanche et&hellip; <\/p>\n","protected":false},"author":1,"featured_media":20346,"comment_status":"open","ping_status":"open","sticky":false,"template":"","format":"standard","meta":{"footnotes":""},"categories":[1],"tags":[],"class_list":["post-20345","post","type-post","status-publish","format-standard","has-post-thumbnail","hentry","category-non-classe"],"_links":{"self":[{"href":"https:\/\/monde25.info\/index.php\/wp-json\/wp\/v2\/posts\/20345","targetHints":{"allow":["GET"]}}],"collection":[{"href":"https:\/\/monde25.info\/index.php\/wp-json\/wp\/v2\/posts"}],"about":[{"href":"https:\/\/monde25.info\/index.php\/wp-json\/wp\/v2\/types\/post"}],"author":[{"embeddable":true,"href":"https:\/\/monde25.info\/index.php\/wp-json\/wp\/v2\/users\/1"}],"replies":[{"embeddable":true,"href":"https:\/\/monde25.info\/index.php\/wp-json\/wp\/v2\/comments?post=20345"}],"version-history":[{"count":0,"href":"https:\/\/monde25.info\/index.php\/wp-json\/wp\/v2\/posts\/20345\/revisions"}],"wp:featuredmedia":[{"embeddable":true,"href":"https:\/\/monde25.info\/index.php\/wp-json\/wp\/v2\/media\/20346"}],"wp:attachment":[{"href":"https:\/\/monde25.info\/index.php\/wp-json\/wp\/v2\/media?parent=20345"}],"wp:term":[{"taxonomy":"category","embeddable":true,"href":"https:\/\/monde25.info\/index.php\/wp-json\/wp\/v2\/categories?post=20345"},{"taxonomy":"post_tag","embeddable":true,"href":"https:\/\/monde25.info\/index.php\/wp-json\/wp\/v2\/tags?post=20345"}],"curies":[{"name":"wp","href":"https:\/\/api.w.org\/{rel}","templated":true}]}}