{"id":20347,"date":"2025-12-02T21:33:01","date_gmt":"2025-12-02T20:33:01","guid":{"rendered":"https:\/\/monde25.info\/index.php\/2025\/12\/02\/des-israeliens-devant-le-domicile-du-president-sopposent-a-la-demande-de-grace-de-netanyahou\/"},"modified":"2025-12-02T21:33:01","modified_gmt":"2025-12-02T20:33:01","slug":"des-israeliens-devant-le-domicile-du-president-sopposent-a-la-demande-de-grace-de-netanyahou","status":"publish","type":"post","link":"https:\/\/monde25.info\/index.php\/2025\/12\/02\/des-israeliens-devant-le-domicile-du-president-sopposent-a-la-demande-de-grace-de-netanyahou\/","title":{"rendered":"Des Isra\u00e9liens devant le domicile du pr\u00e9sident s\u2019opposent \u00e0 la demande de gr\u00e2ce de Netanyahou"},"content":{"rendered":"<p> <br \/>\n<\/p>\n<div>\n<ol class=\"campaign-loop campaign-list\">\n<li id=\"campaign-482494\" class=\"post-482494 campaign type-campaign status-publish hentry campaign-has-goal campaign-has-not-achieved-goal campaign-has-end-date campaign-has-not-ended\">\n\t<a target=\"_blank\" href=\"https:\/\/reseauinternational.net\/campaigns\/campagne-de-dons-septembre-octobre-2025\/\"><\/p>\n<h3>Soutenez-nous<\/h3>\n<p>\t\t\t<\/a><\/p>\n<p>\n\tVotre soutien nous est indispensable pour continuer \u00e0 vous fournir le meilleur de l\u2019information internationale alternative. C\u2019est gr\u00e2ce \u00e0 vos dons que nous pourrons maintenir le cap pour une information plurielle et r\u00e9ellement alternative. Nous comptons sur vous.<\/p>\n<p>\n<span class=\"amount\">21 218,00\u00a0\u20ac<\/span> de l\u2019objectif de <span class=\"goal-amount\">25 000,00\u00a0\u20ac<\/span> atteint<\/p>\n<\/li>\n<\/ol>\n<p>par <strong>TRT Fran\u00e7ais<\/strong><\/p>\n<p><strong>Des manifestants, rejoints par des parlementaires de l\u2019opposition, exhortent le pr\u00e9sident Isaac Herzog \u00e0 rejeter la demande de gr\u00e2ce de Netanyahou.<\/strong><\/p>\n<p>Des dizaines d\u2019Isra\u00e9liens ont manifest\u00e9 pr\u00e8s du domicile du pr\u00e9sident Isaac Herzog, \u00e0 Tel-Aviv, pour protester contre la demande de gr\u00e2ce pr\u00e9sidentielle d\u00e9pos\u00e9e par le Premier ministre Benjamin Netanyahou, poursuivi pour corruption.<\/p>\n<p>Des parlementaires de l\u2019opposition, dont la d\u00e9put\u00e9e travailliste Naama Lazimi, se sont joints \u00e0 la manifestation, qui exigeait que Herzog rejette la requ\u00eate de Netanyahou, a rapport\u00e9 dimanche le quotidien <em>The Times of Israel.<\/em><\/p>\n<p>Les manifestants brandissaient des pancartes accusant Netanyahou d\u2019\u00eatre responsable de la crise politique isra\u00e9lienne et scandaient : \u00abVous \u00eates le dirigeant, vous \u00eates le coupable\u00bb.<\/p>\n<p>L\u2019un d\u2019eux portait un masque \u00e0 l\u2019effigie de Netanyahou et une combinaison orange de d\u00e9tenu pour d\u00e9noncer son proc\u00e8s pour corruption en cours.<\/p>\n<p>Le rassemblement s\u2019est d\u00e9roul\u00e9 sous le slogan \u00abPardon = R\u00e9publique banani\u00e8re\u00bb, les participants se tenant derri\u00e8re un grand tas de bananes surmont\u00e9 d\u2019une pancarte portant l\u2019inscription \u00abPardon\u00bb, en r\u00e9f\u00e9rence satirique \u00e0 la demande de cl\u00e9mence.<\/p>\n<h5 class=\"wp-block-heading\"><strong>Les affaires 1000, 2000 et 4000<\/strong><\/h5>\n<p>Cette manifestation est intervenue dans un contexte de vives r\u00e9actions politiques et publiques suite \u00e0 la demande de Netanyahou de mettre fin au proc\u00e8s qui dure depuis des ann\u00e9es.<\/p>\n<p>Auparavant, le chef de l\u2019opposition isra\u00e9lienne, Ya\u00efr Lapid, avait exhort\u00e9 Herzog \u00e0 refuser toute gr\u00e2ce tant que Netanyahou n\u2019admet pas sa culpabilit\u00e9 et ne se retire pas de la vie politique.<\/p>\n<p>Netanyahou, \u00e2g\u00e9 de 76 ans, a officiellement sollicit\u00e9 la cl\u00e9mence pr\u00e9sidentielle dimanche sans reconna\u00eetre sa culpabilit\u00e9, malgr\u00e9 la loi isra\u00e9lienne exigeant des aveux avant que le pr\u00e9sident puisse accorder une gr\u00e2ce.<\/p>\n<p>Le Premier ministre est poursuivi dans trois dossiers de corruption : l\u2019affaire 1000, qui accuse Netanyahou et des membres de sa famille d\u2019avoir re\u00e7u des cadeaux co\u00fbteux de la part d\u2019hommes d\u2019affaires en \u00e9change de faveurs. L\u2019affaire 2000, qui porte sur des transactions pr\u00e9sum\u00e9es avec l\u2019\u00e9diteur de <em>Yedioth Ahronoth<\/em>, Arnon Mozes, pour obtenir une couverture positive. Et l\u2019affaire 4000, qui concerne des avantages r\u00e9glementaires pr\u00e9sum\u00e9s accord\u00e9s au propri\u00e9taire de t\u00e9l\u00e9communications Bezeq, Shaul Elovitch, en \u00e9change d\u2019une couverture favorable sur le site d\u2019information <em>Walla<\/em>.<\/p>\n<p>Outre les accusations nationales, la Cour p\u00e9nale internationale (CPI) a \u00e9mis un mandat d\u2019arr\u00eat contre Netanyahou le 21 novembre 2024 pour crimes de guerre et crimes contre l\u2019humanit\u00e9 \u00e0 Gaza.<\/p>\n<p>Depuis octobre 2023, Isra\u00ebl a tu\u00e9 plus de 70 000 Palestiniens, principalement des femmes et des enfants, dans son carnage \u00e0 Gaza. Elle a r\u00e9duit la majeure partie de l\u2019enclave en ruines et a pratiquement d\u00e9plac\u00e9 la totalit\u00e9 de sa population.<\/p>\n<p>source : <a target=\"_blank\" href=\"https:\/\/www.trtfrancais.com\/article\/656c94461fdf\" target=\"_blank\" rel=\"noopener\" title=\"\">TRT Fran\u00e7ais<\/a><\/p>\n<div class=\"sharedaddy sd-block sd-like jetpack-likes-widget-wrapper jetpack-likes-widget-unloaded\" id=\"like-post-wrapper-237719536-497458-692f4c9ba3203\" data-src=\"https:\/\/widgets.wp.com\/likes\/?ver=15.2#blog_id=237719536&amp;post_id=497458&amp;origin=reseauinternational.net&amp;obj_id=237719536-497458-692f4c9ba3203\" data-name=\"like-post-frame-237719536-497458-692f4c9ba3203\" data-title=\"Aimer ou rebloguer\">\n<h3 class=\"sd-title\">J\u2019aime \u00e7a\u00a0:<\/h3>\n<p><span class=\"button\"><span>J\u2019aime<\/span><\/span> <span class=\"loading\">chargement\u2026<\/span><\/p>\n<p><span class=\"sd-text-color\"\/><a target=\"_blank\" class=\"sd-link-color\"\/><\/div>\n<p><meta itemscope=\"\" itemprop=\"mainEntityOfPage\" itemtype=\"https:\/\/schema.org\/WebPage\" itemid=\"https:\/\/reseauinternational.net\/des-israeliens-devant-le-domicile-du-president-sopposent-a-la-demande-de-grace-de-netanyahou\/\"\/><meta itemprop=\"headline\" content=\"Des Isra\u00e9liens devant le domicile du pr\u00e9sident s\u2019opposent \u00e0 la demande de gr\u00e2ce de Netanyahou\"\/><span style=\"display: none;\" itemprop=\"author\" itemscope=\"\" itemtype=\"https:\/\/schema.org\/Person\"><meta itemprop=\"name\" content=\"R\u00e9seau International\"\/><\/span><span style=\"display: none;\" itemprop=\"image\" itemscope=\"\" itemtype=\"https:\/\/schema.org\/ImageObject\"><meta itemprop=\"url\" content=\"https:\/\/i0.wp.com\/reseauinternational.net\/wp-content\/uploads\/2025\/12\/Sans-titre-8.png?fit=800%2C467&amp;ssl=1\"\/><meta itemprop=\"width\" content=\"800\"\/><meta itemprop=\"height\" content=\"467\"\/><\/span><span style=\"display: none;\" itemprop=\"publisher\" itemscope=\"\" itemtype=\"https:\/\/schema.org\/Organization\"><span style=\"display: none;\" itemprop=\"logo\" itemscope=\"\" itemtype=\"https:\/\/schema.org\/ImageObject\"><meta itemprop=\"url\" content=\"https:\/\/reseauinternational.net\/wp-content\/uploads\/2022\/06\/Capture-de\u0301cran-2022-06-14-a\u0300-16.51.07.png\"\/><\/span><meta itemprop=\"name\" content=\"R\u00e9seau International\"\/><\/span><meta itemprop=\"datePublished\" content=\"2025-12-02T07:35:54+00:00\"\/><meta itemprop=\"dateModified\" content=\"2025-12-02T07:36:31+00:00\"\/><\/div>\n<p><br \/>\n<br \/><a href=\"https:\/\/reseauinternational.net\/des-israeliens-devant-le-domicile-du-president-sopposent-a-la-demande-de-grace-de-netanyahou\/\" target=\"_blank\"\">Source link <\/a><\/p>\n","protected":false},"excerpt":{"rendered":"<p>Soutenez-nous Votre soutien nous est indispensable pour continuer \u00e0 vous fournir le meilleur de l\u2019information internationale alternative. C\u2019est gr\u00e2ce \u00e0 vos dons que nous pourrons maintenir le cap pour une&hellip; <\/p>\n","protected":false},"author":1,"featured_media":20348,"comment_status":"open","ping_status":"open","sticky":false,"template":"","format":"standard","meta":{"footnotes":""},"categories":[1],"tags":[],"class_list":["post-20347","post","type-post","status-publish","format-standard","has-post-thumbnail","hentry","category-non-classe"],"_links":{"self":[{"href":"https:\/\/monde25.info\/index.php\/wp-json\/wp\/v2\/posts\/20347","targetHints":{"allow":["GET"]}}],"collection":[{"href":"https:\/\/monde25.info\/index.php\/wp-json\/wp\/v2\/posts"}],"about":[{"href":"https:\/\/monde25.info\/index.php\/wp-json\/wp\/v2\/types\/post"}],"author":[{"embeddable":true,"href":"https:\/\/monde25.info\/index.php\/wp-json\/wp\/v2\/users\/1"}],"replies":[{"embeddable":true,"href":"https:\/\/monde25.info\/index.php\/wp-json\/wp\/v2\/comments?post=20347"}],"version-history":[{"count":0,"href":"https:\/\/monde25.info\/index.php\/wp-json\/wp\/v2\/posts\/20347\/revisions"}],"wp:featuredmedia":[{"embeddable":true,"href":"https:\/\/monde25.info\/index.php\/wp-json\/wp\/v2\/media\/20348"}],"wp:attachment":[{"href":"https:\/\/monde25.info\/index.php\/wp-json\/wp\/v2\/media?parent=20347"}],"wp:term":[{"taxonomy":"category","embeddable":true,"href":"https:\/\/monde25.info\/index.php\/wp-json\/wp\/v2\/categories?post=20347"},{"taxonomy":"post_tag","embeddable":true,"href":"https:\/\/monde25.info\/index.php\/wp-json\/wp\/v2\/tags?post=20347"}],"curies":[{"name":"wp","href":"https:\/\/api.w.org\/{rel}","templated":true}]}}