{"id":20351,"date":"2025-12-02T22:38:36","date_gmt":"2025-12-02T21:38:36","guid":{"rendered":"https:\/\/monde25.info\/index.php\/2025\/12\/02\/le-maroc-elu-a-la-vice-presidence-du-conseil-de-la-fao\/"},"modified":"2025-12-02T22:38:36","modified_gmt":"2025-12-02T21:38:36","slug":"le-maroc-elu-a-la-vice-presidence-du-conseil-de-la-fao","status":"publish","type":"post","link":"https:\/\/monde25.info\/index.php\/2025\/12\/02\/le-maroc-elu-a-la-vice-presidence-du-conseil-de-la-fao\/","title":{"rendered":"Le Maroc \u00e9lu \u00e0 la vice-pr\u00e9sidence du Conseil de la FAO"},"content":{"rendered":"<p> <br \/>\n<br \/><img decoding=\"async\" src=\"https:\/\/cdn1.img.sputniknews.africa\/img\/07e8\/05\/0f\/1066550506_0:239:2592:1697_600x0_80_0_0_32101220bd3a46108e338665fed04cdb.jpg\" \/><\/p>\n<div itemscope=\"\" itemtype=\"https:\/\/schema.org\/Article\">\n<p>https:\/\/fr.sputniknews.africa\/20251202\/le-maroc-elu-a-la-vice-presidence-du-conseil-de-la-fao-1081042008.html<\/p>\n<p><a target=\"_blank\" itemprop=\"url\" href=\"https:\/\/fr.sputniknews.africa\/20251202\/le-maroc-elu-a-la-vice-presidence-du-conseil-de-la-fao-1081042008.html\" title=\"Le Maroc \u00e9lu \u00e0 la vice-pr\u00e9sidence du Conseil de la FAO\"\/><\/p>\n<p>Le Maroc \u00e9lu \u00e0 la vice-pr\u00e9sidence du Conseil de la FAO<\/p>\n<p>Le Maroc \u00e9lu \u00e0 la vice-pr\u00e9sidence du Conseil de la FAO<\/p>\n<p>Sputnik Afrique<\/p>\n<p>Le Maroc a \u00e9t\u00e9 \u00e9lu, lundi \u00e0 Rome, \u00e0 la vice-pr\u00e9sidence du Conseil de l&rsquo;Organisation des Nations-Unies pour l&rsquo;alimentation et l\u2019agriculture (FAO), \u00e0 l&rsquo;occasion&#8230; 02.12.2025, Sputnik Afrique<\/p>\n<p>2025-12-02T06:37+0100<\/p>\n<p>2025-12-02T06:37+0100<\/p>\n<p>2025-12-02T06:37+0100<\/p>\n<p>maroc<\/p>\n<p>fao<\/p>\n<p>https:\/\/cdn1.img.sputniknews.africa\/img\/07e8\/05\/0f\/1066550506_0:239:2592:1697_1920x0_80_0_0_e4d167e03f2ed8fcfbe678ae69488620.jpg<\/p>\n<p>Le Maroc va si\u00e9ger jusqu\u2019en 2029 au Conseil de la FAO, bras ex\u00e9cutif de l&rsquo;organisation compos\u00e9 de 49 membres et charg\u00e9 de superviser la mise en \u0153uvre de ses programmes politiques et orientations strat\u00e9giques.Cette \u00e9lection confirme la confiance des \u00c9tats membres dans le r\u00f4le constructif du Royaume au sein des organes directeurs de la FAO, a indiqu\u00e9 \u00e0 la MAP l&rsquo;Ambassadeur, Repr\u00e9sentant permanent du Royaume aupr\u00e8s des agences des Nations-Unies \u00e0 Rome, Youssef Balla, \u00e0 la t\u00eate de la d\u00e9l\u00e9gation marocaine participant \u00e0 cette conf\u00e9rence qui se tient du 1er au 5 d\u00e9cembre.Lors de son intervention aux travaux de cette session, M. Balla a mis en avant la pr\u00e9paration \u00ab\u00a0rigoureuse\u00a0\u00bb des ajustements au Programme de travail et du budget 2026-2027.Il a rappel\u00e9 \u00e0 cet \u00e9gard \u00ab\u00a0le soutien du Maroc \u00e0 l\u2019approbation de ces ajustements\u00a0\u00bb, tout en se f\u00e9licitant de la r\u00e9affectation de 5 millions USD \u00e0 des secteurs prioritaires, notamment le Programme de coop\u00e9ration technique (TCP), le Codex Alimentarius et d\u2019autres domaines essentiels au mandat normatif et op\u00e9rationnel de la FAO, l&rsquo;objectif \u00e9tant de renforcer l\u2019appui direct aux pays en d\u00e9veloppement et d\u2019am\u00e9liorer la performance globale de l\u2019Organisation.M. Balla a, par ailleurs, salu\u00e9 les efforts entrepris pour acc\u00e9l\u00e9rer la transformation num\u00e9rique, renforcer la durabilit\u00e9 environnementale et am\u00e9liorer la gestion ax\u00e9e sur les r\u00e9sultats, mettant l&rsquo;accent sur l\u2019importance d\u2019\u00a0\u00bbune FAO moderne, efficiente et orient\u00e9e vers l\u2019impact\u00a0\u00bb.Lors de cette conf\u00e9rence, le Conseil planchera sur la r\u00e9forme de l\u2019Organisation, les moyens visant \u00e0 am\u00e9liorer sa gouvernance et ses modalit\u00e9s de travail, en vue de renforcer son efficacit\u00e9 et sa capacit\u00e9 \u00e0 r\u00e9pondre aux d\u00e9fis mondiaux de s\u00e9curit\u00e9 alimentaire.Les d\u00e9bats de cette session, qui intervient dans un contexte mondial marqu\u00e9 par la pression sur les march\u00e9s alimentaires et les effets aggrav\u00e9s du changement climatique, s\u2019inscrivent dans le cadre plus large de l\u2019initiative ONU80, visant \u00e0 moderniser le syst\u00e8me des Nations-Unies et \u00e0 adapter les institutions onusiennes aux r\u00e9alit\u00e9s et exigences des prochaines d\u00e9cennies.<\/p>\n<p>maroc<\/p>\n<div itemprop=\"copyrightHolder\" itemscope=\"\" itemtype=\"http:\/\/schema.org\/Organization\">\n<p>Sputnik Afrique<\/p>\n<p><a target=\"_blank\" itemprop=\"url\" href=\"https:\/\/fr.sputniknews.africa\" title=\"Sputnik Afrique\"> <\/a><\/p>\n<p>feedback.fr@sputniknews.com<\/p>\n<p>+74956456601<\/p>\n<p>MIA \u201eRossiya Segodnya\u201c<\/p>\n<p><a target=\"_blank\" itemprop=\"sameAs\" href=\"https:\/\/t.me\/sputnik_afrique\"> <\/a><a target=\"_blank\" itemprop=\"sameAs\" href=\"https:\/\/t.me\/sputnik_africa\"> <\/a><a target=\"_blank\" itemprop=\"sameAs\" href=\"https:\/\/t.me\/sputnik_ethiopia\"> <\/a><a target=\"_blank\" itemprop=\"sameAs\" href=\"https:\/\/x.com\/sputnik_afrique\"> <\/a><a target=\"_blank\" itemprop=\"sameAs\" href=\"https:\/\/x.com\/sputnik_africa\"> <\/a><a target=\"_blank\" itemprop=\"sameAs\" href=\"https:\/\/x.com\/sputnik_ethio\"> <\/a><a target=\"_blank\" itemprop=\"sameAs\" href=\"https:\/\/x.com\/sputnik_swahili\"> <\/a><\/div>\n<p>2025<\/p>\n<p>Actus<\/p>\n<p>fr_FR<\/p>\n<div itemprop=\"sourceOrganization\" itemscope=\"\" itemtype=\"http:\/\/schema.org\/Organization\">\n<p>Sputnik Afrique<\/p>\n<p><a target=\"_blank\" itemprop=\"url\" href=\"https:\/\/fr.sputniknews.africa\" title=\"Sputnik Afrique\"> <\/a><\/p>\n<p>feedback.fr@sputniknews.com<\/p>\n<p>+74956456601<\/p>\n<p>MIA \u201eRossiya Segodnya\u201c<\/p>\n<p><a target=\"_blank\" itemprop=\"sameAs\" href=\"https:\/\/t.me\/sputnik_afrique\"> <\/a><a target=\"_blank\" itemprop=\"sameAs\" href=\"https:\/\/t.me\/sputnik_africa\"> <\/a><a target=\"_blank\" itemprop=\"sameAs\" href=\"https:\/\/t.me\/sputnik_ethiopia\"> <\/a><a target=\"_blank\" itemprop=\"sameAs\" href=\"https:\/\/x.com\/sputnik_afrique\"> <\/a><a target=\"_blank\" itemprop=\"sameAs\" href=\"https:\/\/x.com\/sputnik_africa\"> <\/a><a target=\"_blank\" itemprop=\"sameAs\" href=\"https:\/\/x.com\/sputnik_ethio\"> <\/a><a target=\"_blank\" itemprop=\"sameAs\" href=\"https:\/\/x.com\/sputnik_swahili\"> <\/a><\/div>\n<p><a target=\"_blank\" itemprop=\"thumbnailUrl\" href=\"https:\/\/cdn1.img.sputniknews.africa\/img\/07e8\/05\/0f\/1066550506_0:239:2592:1697_1920x0_80_0_0_e4d167e03f2ed8fcfbe678ae69488620.jpg\"\/><a target=\"_blank\" itemprop=\"thumbnailUrl\" href=\"https:\/\/cdn1.img.sputniknews.africa\/img\/07e8\/05\/0f\/1066550506_6:0:2587:1936_1920x0_80_0_0_da8efca42c27d19f0be8b027b3df4822.jpg\">https:\/\/cdn1.img.sputniknews.africa\/img\/07e8\/05\/0f\/1066550506_6:0:2587:1936_1920x0_80_0_0_da8efca42c27d19f0be8b027b3df4822.jpg<\/a><a target=\"_blank\" itemprop=\"thumbnailUrl\" href=\"https:\/\/cdn1.img.sputniknews.africa\/img\/07e8\/05\/0f\/1066550506_329:0:2265:1936_1920x0_80_0_0_a1ce4e777c96fc08711a85fb855d144d.jpg\" title=\"Rabat, Morocco\"\/><\/p>\n<div itemprop=\"publisher\" itemscope=\"\" itemtype=\"http:\/\/schema.org\/Organization\">\n<p>Sputnik Afrique<\/p>\n<p><a target=\"_blank\" itemprop=\"url\" href=\"https:\/\/fr.sputniknews.africa\" title=\"Sputnik Afrique\"> <\/a><\/p>\n<p>feedback.fr@sputniknews.com<\/p>\n<p>+74956456601<\/p>\n<p>MIA \u201eRossiya Segodnya\u201c<\/p>\n<p><a target=\"_blank\" itemprop=\"sameAs\" href=\"https:\/\/t.me\/sputnik_afrique\"> <\/a><a target=\"_blank\" itemprop=\"sameAs\" href=\"https:\/\/t.me\/sputnik_africa\"> <\/a><a target=\"_blank\" itemprop=\"sameAs\" href=\"https:\/\/t.me\/sputnik_ethiopia\"> <\/a><a target=\"_blank\" itemprop=\"sameAs\" href=\"https:\/\/x.com\/sputnik_afrique\"> <\/a><a target=\"_blank\" itemprop=\"sameAs\" href=\"https:\/\/x.com\/sputnik_africa\"> <\/a><a target=\"_blank\" itemprop=\"sameAs\" href=\"https:\/\/x.com\/sputnik_ethio\"> <\/a><a target=\"_blank\" itemprop=\"sameAs\" href=\"https:\/\/x.com\/sputnik_swahili\"> <\/a><\/div>\n<p>maroc, fao<\/p>\n<\/div>\n<div>\n<p>Le Maroc a \u00e9t\u00e9 \u00e9lu, lundi \u00e0 Rome, \u00e0 la vice-pr\u00e9sidence du Conseil de l&rsquo;Organisation des Nations-Unies pour l&rsquo;alimentation et l\u2019agriculture (FAO), \u00e0 l&rsquo;occasion des travaux de la 179e conf\u00e9rence de cette agence onusienne.<\/p>\n<\/div>\n<div>\n<div class=\"article__block\" data-type=\"text\">\n<p>Le Maroc va si\u00e9ger jusqu\u2019en 2029 au Conseil de la FAO, bras ex\u00e9cutif de l&rsquo;organisation compos\u00e9 de 49 membres et charg\u00e9 de superviser la mise en \u0153uvre de ses programmes politiques et orientations strat\u00e9giques.<\/p>\n<\/div>\n<div class=\"article__block\" data-type=\"text\">\n<p>Cette \u00e9lection confirme la confiance des \u00c9tats membres dans le r\u00f4le constructif du Royaume au sein des organes directeurs de la FAO, a indiqu\u00e9 \u00e0 la MAP l&rsquo;Ambassadeur, Repr\u00e9sentant permanent du Royaume aupr\u00e8s des agences des Nations-Unies \u00e0 Rome, Youssef Balla, \u00e0 la t\u00eate de la d\u00e9l\u00e9gation marocaine participant \u00e0 cette conf\u00e9rence qui se tient du 1er au 5 d\u00e9cembre.<\/p>\n<\/div>\n<div class=\"article__block\" data-type=\"text\">\n<p>Lors de son intervention aux travaux de cette session, M. Balla a mis en avant la pr\u00e9paration \u00ab\u00a0rigoureuse\u00a0\u00bb des ajustements au Programme de travail et du budget 2026-2027.<\/p>\n<\/div>\n<div class=\"article__block\" data-type=\"text\">\n<p>Il a rappel\u00e9 \u00e0 cet \u00e9gard \u00ab\u00a0le soutien du Maroc \u00e0 l\u2019approbation de ces ajustements\u00a0\u00bb, tout en se f\u00e9licitant de la r\u00e9affectation de 5 millions USD \u00e0 des secteurs prioritaires, notamment le Programme de coop\u00e9ration technique (TCP), le Codex Alimentarius et d\u2019autres domaines essentiels au mandat normatif et op\u00e9rationnel de la FAO, l&rsquo;objectif \u00e9tant de renforcer l\u2019appui direct aux pays en d\u00e9veloppement et d\u2019am\u00e9liorer la performance globale de l\u2019Organisation.<\/p>\n<\/div>\n<div class=\"article__block\" data-type=\"text\">\n<p>M. Balla a, par ailleurs, salu\u00e9 les efforts entrepris pour acc\u00e9l\u00e9rer la transformation num\u00e9rique, renforcer la durabilit\u00e9 environnementale et am\u00e9liorer la gestion ax\u00e9e sur les r\u00e9sultats, mettant l&rsquo;accent sur l\u2019importance d\u2019\u00a0\u00bbune FAO moderne, efficiente et orient\u00e9e vers l\u2019impact\u00a0\u00bb.<\/p>\n<\/div>\n<div class=\"article__block\" data-type=\"text\">\n<p>Lors de cette conf\u00e9rence, le Conseil planchera sur la r\u00e9forme de l\u2019Organisation, les moyens visant \u00e0 am\u00e9liorer sa gouvernance et ses modalit\u00e9s de travail, en vue de renforcer son efficacit\u00e9 et sa capacit\u00e9 \u00e0 r\u00e9pondre aux d\u00e9fis mondiaux de s\u00e9curit\u00e9 alimentaire.<\/p>\n<\/div>\n<div class=\"article__block\" data-type=\"text\">\n<p>Les d\u00e9bats de cette session, qui intervient dans un contexte mondial marqu\u00e9 par la pression sur les march\u00e9s alimentaires et les effets aggrav\u00e9s du changement climatique, s\u2019inscrivent dans le cadre plus large de l\u2019initiative ONU80, visant \u00e0 moderniser le syst\u00e8me des Nations-Unies et \u00e0 adapter les institutions onusiennes aux r\u00e9alit\u00e9s et exigences des prochaines d\u00e9cennies.<\/p>\n<\/div>\n<\/div>\n<p><script async=\"async\" type=\"text\/plain\" class=\"_iub_cs_activate\" data-iub-purposes=\"3\" data-suppressedsrc=\"https:\/\/connect.facebook.net\/en_US\/sdk.js#xfbml=1&amp;version=v3.2\"><\/script><br \/>\n<br \/><br \/>\n<br \/><a href=\"https:\/\/fr.sputniknews.africa\/20251202\/le-maroc-elu-a-la-vice-presidence-du-conseil-de-la-fao-1081042008.html\" target=\"_blank\"\">Source link <\/a><\/p>\n","protected":false},"excerpt":{"rendered":"<p>https:\/\/fr.sputniknews.africa\/20251202\/le-maroc-elu-a-la-vice-presidence-du-conseil-de-la-fao-1081042008.html Le Maroc \u00e9lu \u00e0 la vice-pr\u00e9sidence du Conseil de la FAO Le Maroc \u00e9lu \u00e0 la vice-pr\u00e9sidence du Conseil de la FAO Sputnik Afrique Le Maroc a \u00e9t\u00e9 \u00e9lu,&hellip; <\/p>\n","protected":false},"author":1,"featured_media":20352,"comment_status":"open","ping_status":"open","sticky":false,"template":"","format":"standard","meta":{"footnotes":""},"categories":[1],"tags":[],"class_list":["post-20351","post","type-post","status-publish","format-standard","has-post-thumbnail","hentry","category-non-classe"],"_links":{"self":[{"href":"https:\/\/monde25.info\/index.php\/wp-json\/wp\/v2\/posts\/20351","targetHints":{"allow":["GET"]}}],"collection":[{"href":"https:\/\/monde25.info\/index.php\/wp-json\/wp\/v2\/posts"}],"about":[{"href":"https:\/\/monde25.info\/index.php\/wp-json\/wp\/v2\/types\/post"}],"author":[{"embeddable":true,"href":"https:\/\/monde25.info\/index.php\/wp-json\/wp\/v2\/users\/1"}],"replies":[{"embeddable":true,"href":"https:\/\/monde25.info\/index.php\/wp-json\/wp\/v2\/comments?post=20351"}],"version-history":[{"count":0,"href":"https:\/\/monde25.info\/index.php\/wp-json\/wp\/v2\/posts\/20351\/revisions"}],"wp:featuredmedia":[{"embeddable":true,"href":"https:\/\/monde25.info\/index.php\/wp-json\/wp\/v2\/media\/20352"}],"wp:attachment":[{"href":"https:\/\/monde25.info\/index.php\/wp-json\/wp\/v2\/media?parent=20351"}],"wp:term":[{"taxonomy":"category","embeddable":true,"href":"https:\/\/monde25.info\/index.php\/wp-json\/wp\/v2\/categories?post=20351"},{"taxonomy":"post_tag","embeddable":true,"href":"https:\/\/monde25.info\/index.php\/wp-json\/wp\/v2\/tags?post=20351"}],"curies":[{"name":"wp","href":"https:\/\/api.w.org\/{rel}","templated":true}]}}