{"id":2036,"date":"2024-12-12T12:03:11","date_gmt":"2024-12-12T11:03:11","guid":{"rendered":"https:\/\/monde25.info\/index.php\/2024\/12\/12\/au-havre-une-decharge-verse-ses-dechets-en-mer-depuis-1945\/"},"modified":"2024-12-12T12:03:11","modified_gmt":"2024-12-12T11:03:11","slug":"au-havre-une-decharge-verse-ses-dechets-en-mer-depuis-1945","status":"publish","type":"post","link":"https:\/\/monde25.info\/index.php\/2024\/12\/12\/au-havre-une-decharge-verse-ses-dechets-en-mer-depuis-1945\/","title":{"rendered":"Au Havre, une d\u00e9charge verse ses d\u00e9chets en mer depuis 1945"},"content":{"rendered":"<p> <br \/>\n<\/p>\n<div>\n<h4><strong>Son nom est tristement connu des Havrais : l\u2019ancienne d\u00e9charge de Dollemard, situ\u00e9e \u00e0 flanc de falaise, repr\u00e9sente depuis des ann\u00e9es un poids pour les municipalit\u00e9s successives, qui ne savent par quel bout g\u00e9rer le probl\u00e8me. Une v\u00e9ritable \u00ab\u00a0poubelle \u00e0 ciel ouvert\u00a0\u00bb qui ne cesse, au gr\u00e9 des mar\u00e9es, des temp\u00eates et de l\u2019\u00e9rosion de la falaise, de reverser en mer des milliers de tonnes de d\u00e9chets. Zoom sur une situation a priori inextricable.<\/strong><\/h4>\n<h3><span id=\"more-688431\"\/><\/h3>\n<p>Ferm\u00e9e en 1999 suite \u00e0 des effondrements successifs,<strong> la d\u00e9charge de Dollemard a accueilli des montagnes de d\u00e9chets pendant plusieurs d\u00e9cennies,<\/strong> notamment des d\u00e9tritus issus du b\u00e2timent.<\/p>\n<h2><strong>Petite histoire d\u2019une d\u00e9charge qui n\u2019aurait jamais d\u00fb voir le jour<\/strong><\/h2>\n<p>La cr\u00e9ation de la d\u00e9charge de Dollemard date de<strong> la reconstruction de la ville du Havre, aux alentours de 1945<\/strong> (aucune date n\u2019ayant jamais pu \u00eatre \u00e9tablie avec certitude), apr\u00e8s les bombardements qui ont ras\u00e9 une grande partie du centre-ville.<\/p>\n<p>D\u00e8s lors, <strong>ce seront des millions de d\u00e9chets qui y seront d\u00e9vers\u00e9s au fil des ann\u00e9es<\/strong>, malgr\u00e9 un acc\u00e8s \u00e0 flanc de falaise difficile, voire dangereux (un chauffeur y laissera sa vie en 1962, suite \u00e0 la chute de son camion), sans compter le d\u00e9versement naturel des d\u00e9chets vers la mer.<\/p>\n<blockquote>\n<p><strong>\u00ab\u00a0Son acc\u00e8s est longtemps illimit\u00e9\u00a0\u00bb<\/strong><\/p>\n<\/blockquote>\n<p>Son acc\u00e8s est longtemps illimit\u00e9, <strong>permettant notamment aux professionnels du b\u00e2timent d\u2019y larguer en toute qui\u00e9tude une quantit\u00e9 ph\u00e9nom\u00e9nale de d\u00e9chets plastiques, de pneus, d\u2019\u00e9lectrom\u00e9nager\u2026<\/strong> et m\u00eame de pierres tombales !<\/p>\n<figure id=\"attachment_688447\" aria-describedby=\"caption-attachment-688447\" style=\"width: 1500px\" class=\"wp-caption alignnone\"><img fetchpriority=\"high\" decoding=\"async\" class=\"wp-image-688447 size-full\" src=\"https:\/\/mrmondialisation.org\/wp-content\/uploads\/2024\/11\/surf-rider-france.jpg\" alt=\"\" width=\"1500\" height=\"844\" srcset=\"https:\/\/mrmondialisation.org\/wp-content\/uploads\/2024\/11\/surf-rider-france.jpg 1500w, https:\/\/mrmondialisation.org\/wp-content\/uploads\/2024\/11\/surf-rider-france-1024x576.jpg 1024w, https:\/\/mrmondialisation.org\/wp-content\/uploads\/2024\/11\/surf-rider-france-768x432.jpg 768w, https:\/\/mrmondialisation.org\/wp-content\/uploads\/2024\/11\/surf-rider-france-696x392.jpg 696w, https:\/\/mrmondialisation.org\/wp-content\/uploads\/2024\/11\/surf-rider-france-1068x601.jpg 1068w, https:\/\/mrmondialisation.org\/wp-content\/uploads\/2024\/11\/surf-rider-france-746x420.jpg 746w\" sizes=\"(max-width: 1500px) 100vw, 1500px\"\/><figcaption id=\"caption-attachment-688447\" class=\"wp-caption-text\">\u00a9Surf Rider France<\/figcaption><\/figure>\n<p>Ce n\u2019est qu\u2019\u00e0 la fin des ann\u00e9es 80 que la vis commence \u00e0 se serrer, afin d\u2019\u00e9viter les d\u00e9rives. <strong>Un GIE (Groupe d\u2019Int\u00e9r\u00eat \u00c9conomique) est cr\u00e9\u00e9 par la ville,<\/strong> et est cens\u00e9 g\u00e9rer l\u2019exploitation de la d\u00e9charge. En parall\u00e8le, les premi\u00e8res associations de protection environnementale et du littoral, parmi lesquelles <a target=\"_blank\" href=\"https:\/\/www.aquacaux.fr\/\">Aquacaux<\/a>, commencent \u00e0 faire entendre leur voix. <strong>En 1998, c\u2019est l\u2019\u00e9boulement de trop : un volume de falaise estim\u00e9 \u00e0 50.000m3 s\u2019effondre<\/strong>, r\u00e9v\u00e9lant \u00e0 la fois la dangerosit\u00e9 du site, et l\u2019accumulation dantesque de d\u00e9chets qui s\u2019y sont accumul\u00e9s.<\/p>\n<p>Il faudra toutefois attendre encore deux ans pour que la ville du Havre et le pr\u00e9fet de r\u00e9gion <strong>d\u00e9cident officiellement de fermer la d\u00e9charge de Dollemard<\/strong>, puis encore presque 10 ans pour dresser un v\u00e9ritable \u00e9tat des lieux des falaises, mettant en exergue <strong>les risques environnementaux et sanitaires que repr\u00e9sente le site.<\/strong><\/p>\n<p>Et depuis ? Des \u00e9tudes de financement pour r\u00e9sorber le probl\u00e8me, de multiples r\u00e9unions, des appels d\u2019offres, <strong>mais concr\u00e8tement\u2026 rien.<\/strong> Certes, des initiatives et des tests ont \u00e9t\u00e9 r\u00e9alis\u00e9s, mais \u00e0 l\u2019heure qu\u2019il est, les tonnes de d\u00e9chets sont toujours pr\u00e9sents, faute d\u2019avoir trouv\u00e9 la solution pour les extraire.<\/p>\n<figure id=\"attachment_688448\" aria-describedby=\"caption-attachment-688448\" style=\"width: 844px\" class=\"wp-caption alignnone\"><img loading=\"lazy\" decoding=\"async\" class=\"wp-image-688448 size-full\" src=\"https:\/\/mrmondialisation.org\/wp-content\/uploads\/2024\/11\/la-decharge-de-dollemard-pu-rotated.jpg\" alt=\"\" width=\"844\" height=\"1500\" srcset=\"https:\/\/mrmondialisation.org\/wp-content\/uploads\/2024\/11\/la-decharge-de-dollemard-pu-rotated.jpg 844w, https:\/\/mrmondialisation.org\/wp-content\/uploads\/2024\/11\/la-decharge-de-dollemard-pu-576x1024.jpg 576w, https:\/\/mrmondialisation.org\/wp-content\/uploads\/2024\/11\/la-decharge-de-dollemard-pu-768x1365.jpg 768w, https:\/\/mrmondialisation.org\/wp-content\/uploads\/2024\/11\/la-decharge-de-dollemard-pu-696x1237.jpg 696w, https:\/\/mrmondialisation.org\/wp-content\/uploads\/2024\/11\/la-decharge-de-dollemard-pu-236x420.jpg 236w\" sizes=\"auto, (max-width: 844px) 100vw, 844px\"\/><figcaption id=\"caption-attachment-688448\" class=\"wp-caption-text\">La d\u00e9charge de Dollemard pullule d\u2019ordures de toutes sortes \u00a9M\u00e9lusine Lau<\/figcaption><\/figure>\n<blockquote>\n<p><strong>\u00ab\u00a0Plus de 70 ans que la d\u00e9charge de Dollemard rel\u00e2che en mer ses milliers de tonnes d\u2019ordures\u00a0\u00bb<\/strong><\/p>\n<\/blockquote>\n<p><strong>Cela fait donc plus de 70 ans que la d\u00e9charge de Dollemard rel\u00e2che en mer ses milliers de tonnes d\u2019ordures, dans une indiff\u00e9rence relative<\/strong>, face \u00e0 des mairies peu enclines \u00e0 r\u00e9ellement saisir le probl\u00e8me \u00e0 bras le corps, et ce, malgr\u00e9 les nombreuses alertes des associations environnementales.<\/p>\n<h2><strong>Un mal auquel les Havrais se sont tristement habitu\u00e9s<\/strong><\/h2>\n<p>Le Havre est une ville de bord de Manche, balay\u00e9e par les vents et fr\u00e9quemment sujette aux temp\u00eates marines. Les habitants sont coutumiers des coups de vent, des submersions de vagues par-dessus les digues, et\u2026 <strong>des montagnes de d\u00e9chets \u00e9chou\u00e9s le long de la plage<\/strong> et dans ses renfoncements pass\u00e9e la temp\u00eate.<\/p>\n<p>La vision est famili\u00e8re, mais toujours aussi ahurissante et d\u00e9primante : <strong>chaque temp\u00eate, m\u00eame de petite ampleur, et d\u2019autant plus si coupl\u00e9e avec une mar\u00e9e \u00e0 fort coefficient, laisse derri\u00e8re elle un monceau infini de d\u00e9tritus<\/strong> de tous types que les habitants ramassent, inlassablement.<\/p>\n<div class=\"td-a-rec td-a-rec-id-content_inlineright  tdi_1 td_block_template_1\">\n<span class=\"td-adspot-title\">&#8211; Pour une information libre ! &#8211;<\/span><a target=\"_blank\" href=\"https:\/\/fr.tipeee.com\/mr-mondialisation\" class=\"tipeee-project-small\">Soutenir Mr Japanization sur Tipeee<\/a>\n<\/div>\n<p>Une sorte de version moderne du <strong>mythe de Sisyphe,<\/strong> les volontaires s\u2019\u00e9vertuant \u00e0 r\u00e9cup\u00e9rer ce qui semble s\u2019\u00e9chapper d\u2019une source intarissable. Morceaux de <a target=\"_blank\" href=\"https:\/\/mrmondialisation.org\/le-plastique-avale-chaque-jour-par-les-baleines-est-a-peine-croyable\/\">sacs plastiques<\/a> (dont la couleur bleue t\u00e9moigne \u00e0 elle seule de l\u2019anciennet\u00e9 des d\u00e9chets), b\u00e9ton arm\u00e9, caoutchoucs de toutes sortes, pneus, emballages m\u00e9nagers, bouteilles\u2026 <strong>tout s\u2019\u00e9choue p\u00eale-m\u00eale sur les galets et ce, sur des centaines de m\u00e8tres<\/strong>.<\/p>\n<figure id=\"attachment_688455\" aria-describedby=\"caption-attachment-688455\" style=\"width: 844px\" class=\"wp-caption alignnone\"><img loading=\"lazy\" decoding=\"async\" class=\"size-full wp-image-688455\" src=\"https:\/\/mrmondialisation.org\/wp-content\/uploads\/2024\/11\/un-peu-dironie-ne-fait-jam-rotated.jpg\" alt=\"\" width=\"844\" height=\"1500\" srcset=\"https:\/\/mrmondialisation.org\/wp-content\/uploads\/2024\/11\/un-peu-dironie-ne-fait-jam-rotated.jpg 844w, https:\/\/mrmondialisation.org\/wp-content\/uploads\/2024\/11\/un-peu-dironie-ne-fait-jam-576x1024.jpg 576w, https:\/\/mrmondialisation.org\/wp-content\/uploads\/2024\/11\/un-peu-dironie-ne-fait-jam-768x1365.jpg 768w, https:\/\/mrmondialisation.org\/wp-content\/uploads\/2024\/11\/un-peu-dironie-ne-fait-jam-696x1237.jpg 696w, https:\/\/mrmondialisation.org\/wp-content\/uploads\/2024\/11\/un-peu-dironie-ne-fait-jam-236x420.jpg 236w\" sizes=\"auto, (max-width: 844px) 100vw, 844px\"\/><figcaption id=\"caption-attachment-688455\" class=\"wp-caption-text\">Ironique\u2026 \u00a9M\u00e9lusine Lau<\/figcaption><\/figure>\n<p>Les coups de vent les plus violents rapatrient m\u00eame les d\u00e9tritus le long de la promenade et parfois<strong> jusque dans la \u00ab\u00a0rivi\u00e8re sauvage\u00a0\u00bb,<\/strong> un petit cours d\u2019eau nich\u00e9 entre la route de bord de mer et les cabanes, abritant un \u00e9cosyst\u00e8me \u00e0 lui seul (oiseaux, poissons, grenouilles) : <strong>il n\u2019est pas rare de retrouver le canal jonch\u00e9 de plastiques de tailles diverses<\/strong>, recouvrant terre, eau et roseaux, et for\u00e7ant les animaux \u00e0 se r\u00e9fugier ailleurs \u2013 dans un environnement direct fortement b\u00e9tonn\u00e9.<\/p>\n<p>Des associations comme<a target=\"_blank\" href=\"https:\/\/www.aquacaux.fr\/\"> Aquacaux<\/a> ou <a target=\"_blank\" href=\"https:\/\/www.surfrider.fr\/\">Surf Rider<\/a> organisent r\u00e9guli\u00e8rement <strong>des ramassages de d\u00e9chets<\/strong> le long de la plage du Havre, jusqu\u2019au cap de Sainte Adresse, la commune voisine qui partage le littoral. <strong>Les habitants eux-m\u00eames sont r\u00e9guli\u00e8rement \u00e0 l\u2019origine de ramassages organis\u00e9s, ou fortuits<\/strong> : des \u00ab\u00a0bacs \u00e0 mar\u00e9e\u00a0\u00bb ont \u00e9t\u00e9 cr\u00e9\u00e9s il y a quelques ann\u00e9es, permettant \u00e0 tout un chacun de ramasser les ordures au gr\u00e9 de ses balades sur les galets\u2026<\/p>\n<figure id=\"attachment_688452\" aria-describedby=\"caption-attachment-688452\" style=\"width: 844px\" class=\"wp-caption alignnone\"><img loading=\"lazy\" decoding=\"async\" class=\"wp-image-688452 size-full\" src=\"https:\/\/mrmondialisation.org\/wp-content\/uploads\/2024\/11\/les-bords-de-la-riviere-sa-rotated.jpg\" alt=\"\" width=\"844\" height=\"1500\" srcset=\"https:\/\/mrmondialisation.org\/wp-content\/uploads\/2024\/11\/les-bords-de-la-riviere-sa-rotated.jpg 844w, https:\/\/mrmondialisation.org\/wp-content\/uploads\/2024\/11\/les-bords-de-la-riviere-sa-576x1024.jpg 576w, https:\/\/mrmondialisation.org\/wp-content\/uploads\/2024\/11\/les-bords-de-la-riviere-sa-768x1365.jpg 768w, https:\/\/mrmondialisation.org\/wp-content\/uploads\/2024\/11\/les-bords-de-la-riviere-sa-696x1237.jpg 696w, https:\/\/mrmondialisation.org\/wp-content\/uploads\/2024\/11\/les-bords-de-la-riviere-sa-236x420.jpg 236w\" sizes=\"auto, (max-width: 844px) 100vw, 844px\"\/><figcaption id=\"caption-attachment-688452\" class=\"wp-caption-text\">Les bords de la \u00ab\u00a0rivi\u00e8re sauvage\u00a0\u00bb du Havre, petit \u00e9cosyst\u00e8me victime des d\u00e9tritus\u2026 \u00a9M\u00e9lusine Lau<\/figcaption><\/figure>\n<p><strong>Un \u00e9ternel recommencement l\u00e9g\u00e8rement d\u00e9moralisant pour les Havrais<\/strong>, bien conscients qu\u2019en l\u2019absence de la d\u00e9charge abandonn\u00e9e de Dollemard, les ramassages ne seraient plus syst\u00e9matiques \u2013 et surtout, beaucoup moins charg\u00e9s !<\/p>\n<p>En 2018, au lendemain du passage de la temp\u00eate Eleanor, les habitants, \u00e9paul\u00e9s par trois poids lourds et une soixantaine d\u2019agents municipaux, <strong>ont r\u00e9colt\u00e9 la quantit\u00e9 effarante de\u2026<\/strong> <strong>100m3 de d\u00e9tritus !<\/strong> Un aper\u00e7u de ce que la d\u00e9charge de Dollemard peut l\u00e2cher en mer, la majorit\u00e9 des d\u00e9chets de la falaise qui s\u2019effrite <strong>partant directement vers l\u2019oc\u00e9an<\/strong>.<\/p>\n<blockquote>\n<p><strong>\u00ab\u00a0une grande partie des ordures est charri\u00e9e par les courants, transportant ces tonnes de plastiques et autres mati\u00e8res non-biod\u00e9gradables dans la Manche, la Mer du Nord\u2026 et au-del\u00e0 !\u00a0\u00bb<\/strong><\/p>\n<\/blockquote>\n<p>De ce fait, il serait na\u00eff de penser que seule la plage du Havre souffre de cette ancienne d\u00e9chetterie de bord de mer :<strong> une grande partie des ordures est charri\u00e9e par les courants<\/strong>, transportant ces tonnes de plastiques et autres mati\u00e8res non-biod\u00e9gradables dans la Manche, la Mer du Nord\u2026 et au-del\u00e0 !<\/p>\n<h2><strong>Quel avenir pour le littoral havrais ?<\/strong><\/h2>\n<p>Maintes et maintes fois, le d\u00e9mant\u00e8lement de l\u2019ancienne d\u00e9charge est revenu sur le tapis au niveau de la municipalit\u00e9. <strong>Les freins sont nombreux, abandonnant r\u00e9guli\u00e8rement le probl\u00e8me en bas de la pile<\/strong>, faute de solution miracle.<\/p>\n<p>Co\u00fbt du projet, dangerosit\u00e9 du site, difficult\u00e9s d\u2019acc\u00e8s\u2026 <strong>Mauvaise volont\u00e9, r\u00e9elles barri\u00e8res, m\u00e9lange des deux ?<\/strong> Le fait est que le projet de faire enfin un \u00ab\u00a0coup de propre\u00a0\u00bb \u00e0 Dollemard ne parvient toujours pas \u00e0 voir le jour, bient\u00f4t <strong>25 ans apr\u00e8s la fermeture de la d\u00e9charge et les tonnes de d\u00e9chets ramass\u00e9s<\/strong> depuis par municipalit\u00e9 et habitants.<\/p>\n<figure id=\"attachment_688454\" aria-describedby=\"caption-attachment-688454\" style=\"width: 844px\" class=\"wp-caption alignnone\"><img loading=\"lazy\" decoding=\"async\" class=\"wp-image-688454 size-full\" src=\"https:\/\/mrmondialisation.org\/wp-content\/uploads\/2024\/11\/un-lieu-dordinaire-gravill-rotated.jpg\" alt=\"\" width=\"844\" height=\"1500\" srcset=\"https:\/\/mrmondialisation.org\/wp-content\/uploads\/2024\/11\/un-lieu-dordinaire-gravill-rotated.jpg 844w, https:\/\/mrmondialisation.org\/wp-content\/uploads\/2024\/11\/un-lieu-dordinaire-gravill-576x1024.jpg 576w, https:\/\/mrmondialisation.org\/wp-content\/uploads\/2024\/11\/un-lieu-dordinaire-gravill-768x1365.jpg 768w, https:\/\/mrmondialisation.org\/wp-content\/uploads\/2024\/11\/un-lieu-dordinaire-gravill-696x1237.jpg 696w, https:\/\/mrmondialisation.org\/wp-content\/uploads\/2024\/11\/un-lieu-dordinaire-gravill-236x420.jpg 236w\" sizes=\"auto, (max-width: 844px) 100vw, 844px\"\/><figcaption id=\"caption-attachment-688454\" class=\"wp-caption-text\">Un lieu d\u2019ordinaire gravillonn\u00e9 et sans eau, devenu mare de d\u00e9chets venant en tr\u00e8s grande majorit\u00e9 de la d\u00e9charge \u00a9M\u00e9lusine Lau<\/figcaption><\/figure>\n<p>Une lueur d\u2019espoir, peut-\u00eatre ? Le 16 octobre dernier, <strong>le conseil d\u2019administration de l\u2019ADEME<\/strong> s\u2019est r\u00e9uni afin de r\u00e9partir l\u2019attribution de subventions autour de dix projets fran\u00e7ais, dans le but \u00ab\u00a0d\u2019acc\u00e9l\u00e9rer la transition \u00e9cologique\u00a0\u00bb.<\/p>\n<p>Parmi eux,<strong> trois projets phares, dont celui de la d\u00e9charge de Dollemard<\/strong>, que l\u2019ADEME propose de subventionner et de solutionner en ces termes : <em>\u00ab\u00a0Les modalit\u00e9s de gestion retenues consistent en <strong>un tri des d\u00e9chets en bas de falaise<\/strong> pour s\u00e9parer les mat\u00e9riaux grossiers non pollu\u00e9s qui seront laiss\u00e9s sur site, des mat\u00e9riaux fins qui seront remont\u00e9s <strong>via une grue ou autres syst\u00e8mes propos\u00e9s par l\u2019entreprise retenue.<\/strong> <\/em><\/p>\n<p><em>Ces mat\u00e9riaux fins seront de nouveau tri\u00e9s en haut de falaise \u00e0 une granulom\u00e9trie plus fine garantissant une optimisation des fili\u00e8res de valorisation\/traitement\/\u00e9vacuation hors site. <strong>L\u2019investissement s\u2019\u00e9l\u00e8ve \u00e0 37 300 000 euros et l\u2019aide propos\u00e9e par l\u2019ADEME est de 22 000 0000 euros.\u00a0\u00bb<\/strong><\/em><\/p>\n<p>Une avanc\u00e9e bien per\u00e7ue par l\u2019association Surf Rider France, qui surveille l\u2019\u00e9tat de la d\u00e9charge de Dollemard depuis de nombreuses ann\u00e9es. <em>\u00ab\u00a0Suite \u00e0 cette d\u00e9cision de l\u2019ADEME, il y a eu d\u00e9lib\u00e9ration du conseil municipal du Havre, qui a fix\u00e9<strong> un budget pour la r\u00e9habilitation d\u2019une partie de la d\u00e9charge\u00a0\u00bb,<\/strong><\/em> explique Th\u00e9o Tostivint, charg\u00e9 de mobilisation chez Surf Rider.<\/p>\n<p><em><strong>\u00ab\u00a0Une partie de la d\u00e9charge, la fa\u00e7ade principale, sera d\u00e9pollu\u00e9e sur une p\u00e9riode allant de 2025 \u00e0 2028<\/strong>. <\/em><em>Sur les 300 000m3 de d\u00e9chets, la ville annonce que <strong>205 000m3 seront trait\u00e9s sur ces trois ans.\u00a0\u00bb<\/strong> <\/em><\/p>\n<p>Une prise d\u00e9cision qui permet de retrouver<strong> un peu d\u2019optimisme<\/strong> apr\u00e8s tant d\u2019ann\u00e9es d\u2019immobilisme. Et ce, malgr\u00e9 des difficult\u00e9s \u00e0 obtenir un r\u00e9el bilan de ce qui a \u00e9t\u00e9 men\u00e9 depuis 2021, avec une premi\u00e8re phase d\u2019exp\u00e9rimentation puis le plan national de r\u00e9sorption des d\u00e9charges littorales, en 2022.<\/p>\n<h2><strong>Il semble possible d\u2019esp\u00e9rer \u00e0 nouveau !<\/strong><\/h2>\n<p><em>\u00ab\u00a0Surf Rider enqu\u00eate encore<\/em>, pr\u00e9cise Th\u00e9o Tostivint. <em><strong>Il reste quand m\u00eame 95 000m3 de d\u00e9chets \u00e0 g\u00e9rer dans la tranche dite \u00ab\u00a0optionnelle\u00a0\u00bb<\/strong>, et qui n\u2019a pas \u00e9t\u00e9 budg\u00e9t\u00e9e : il s\u2019agit sans doute des endroits o\u00f9 les acc\u00e8s sont les plus difficiles. Nous sommes conscients des consid\u00e9rations techniques li\u00e9es \u00e0 l\u2019acc\u00e8s des engins et au tri des d\u00e9chets sur place, en plus des contraintes budg\u00e9taires, mais <strong>nous aimerions toutefois d\u00e9tenir aujourd\u2019hui un calendrier plus pr\u00e9cis,<\/strong> notamment pour cette partie optionnelle. Nous esp\u00e9rons qu\u2019elle ne va pas rester en friche, mais nous ne le pensons pas.\u00a0\u00bb<\/em><\/p>\n<p><iframe loading=\"lazy\" title=\"Visite du chantier-test des anciennes d\u00e9charges de Dollemard au Havre\" width=\"1110\" height=\"624\" src=\"https:\/\/www.youtube.com\/embed\/_KdUGH9Sf8Q?feature=oembed\" frameborder=\"0\" allow=\"accelerometer; autoplay; clipboard-write; encrypted-media; gyroscope; picture-in-picture; web-share\" referrerpolicy=\"strict-origin-when-cross-origin\" allowfullscreen><\/iframe><\/p>\n<p>Avec cet ensemble de d\u00e9cisions,<strong> il semble enfin possible de voir le bout du tunnel pour la tristement c\u00e9l\u00e8bre d\u00e9charge de Dollemard<\/strong>.<\/p>\n<blockquote>\n<p><em><strong>\u00ab\u00a0Les premiers coups de pelle arrivent\u00a0\u00bb<\/strong><\/em><\/p>\n<\/blockquote>\n<p><em>\u00ab\u00a0La question du financement est boucl\u00e9e, et les probl\u00e8mes techniques en grande partie r\u00e9solus, <\/em>s\u2019enthousiasme Th\u00e9o. <em>Je pense que nous pouvons enfin dire que nous tenons quelque chose de concret. <strong>Les d\u00e9cisions de l\u2019ADEME et du conseil municipal constituent une premi\u00e8re victoire car les premiers coups de pelle arrivent.<\/strong> 2025 va marquer le vrai d\u00e9but des travaux ! L\u2019engagement de contractualisation du march\u00e9 public, promis pour fin 2024, a \u00e9t\u00e9 tenu. Il nous reste \u00e0 v\u00e9rifier que tout a \u00e9t\u00e9 respect\u00e9 suite aux premi\u00e8res phases d\u2019engagement depuis 2021. Nous avons encore besoin d\u2019\u00eatre rassur\u00e9s\u2026 <strong>mais cela semble en bonne voie !<\/strong>\u00ab\u00a0<\/em><\/p>\n<p>M\u00eame si l\u2019attente de voir appara\u00eetre de r\u00e9els r\u00e9sultats va prendre quelques ann\u00e9es, <strong>une bonne nouvelle semble se profiler pour les Havrais et les habitants des communes environnantes<\/strong> : celle de r\u00e9duire la quantit\u00e9 de d\u00e9chets \u00e0 ramasser apr\u00e8s chaque coup de vent, coupl\u00e9e \u00e0 un d\u00e9sir de ne plus voir dispara\u00eetre, sous la mer, ces tonnes de d\u00e9tritus\u2026<\/p>\n<p style=\"text-align: right;\"><em>-M\u00e9lusine Lau<\/em><\/p>\n<hr\/>\n<p><em>Photo d\u2019en-t\u00eate : \u00a9Surf Rider France<\/em><\/p>\n<p><strong>Sources :<\/strong><\/p>\n<p>-\u00c9cologie pour le Havre : <span class=\"titre\"><a target=\"_blank\" href=\"http:\/\/eplh.free.fr\/dollemard\/\">D\u00e9charge de Dollemard<\/a> <\/span><\/p>\n<p>-ADEME Presse :<a target=\"_blank\" href=\"https:\/\/presse.ademe.fr\/2024\/10\/conseil-dadministration-de-lademe-du-mercredi-16-octobre-2024.html\"> CONSEIL D\u2019ADMINISTRATION DE L\u2019ADEME DU MERCREDI 16 OCTOBRE 2024<\/a><\/p>\n<p>-Surf Rider : <a target=\"_blank\" href=\"https:\/\/www.surfrider.fr\/sinformer\/actualites\/le-havre-avancee-anciennes-decharges-dollemard\/\">Le Havre : une avanc\u00e9e pour les anciennes d\u00e9charges de Dollemard<\/a><\/p>\n<p id=\"MainContent\" class=\"g-heading-h1 title-page svelte-1xnhvq7\">-France Bleu : <a target=\"_blank\" href=\"https:\/\/www.francebleu.fr\/infos\/climat-environnement\/des-tonnes-de-dechets-ramasses-sur-la-plage-du-havre-apres-le-passe-de-eleanor-1515162995\">Pr\u00e8s de 500 volontaires nettoient la plage du Havre, apr\u00e8s le passe de la temp\u00eate Eleanor<\/a><\/p>\n<p>\u2013<a target=\"_blank\" href=\"https:\/\/www.aquacaux.fr\/\">Aquacaux<\/a><\/p>\n<div class=\"td-a-rec td-a-rec-id-content_bottom  tdi_2 td_block_template_1\">\n<span class=\"td-adspot-title\">&#8211; Cet article gratuit et ind\u00e9pendant existe gr\u00e2ce \u00e0 vous &#8211;<\/span><\/p>\n<div class=\"td-all-devices\">\n    <a target=\"_blank\" href=\"https:\/\/mrmondialisation.org\/donation\/\" title=\"Faire_un_don\"><img decoding=\"async\" class=\"donationArticle\" src=\"https:\/\/mrmondialisation.org\/wp-content\/uploads\/2022\/12\/220405-flikalicious-final.jpg\" alt=\"Donation\"\/><\/a>\n<\/div>\n<\/div><\/div>\n<p><br \/>\n<br \/><a href=\"https:\/\/mrmondialisation.org\/havre-decharge-deverse-dechets-mer\/\" target=\"_blank\"\">Source link <\/a><\/p>\n","protected":false},"excerpt":{"rendered":"<p>Son nom est tristement connu des Havrais : l\u2019ancienne d\u00e9charge de Dollemard, situ\u00e9e \u00e0 flanc de falaise, repr\u00e9sente depuis des ann\u00e9es un poids pour les municipalit\u00e9s successives, qui ne savent&hellip; <\/p>\n","protected":false},"author":1,"featured_media":2037,"comment_status":"open","ping_status":"open","sticky":false,"template":"","format":"standard","meta":{"footnotes":""},"categories":[1],"tags":[],"class_list":["post-2036","post","type-post","status-publish","format-standard","has-post-thumbnail","hentry","category-non-classe"],"_links":{"self":[{"href":"https:\/\/monde25.info\/index.php\/wp-json\/wp\/v2\/posts\/2036","targetHints":{"allow":["GET"]}}],"collection":[{"href":"https:\/\/monde25.info\/index.php\/wp-json\/wp\/v2\/posts"}],"about":[{"href":"https:\/\/monde25.info\/index.php\/wp-json\/wp\/v2\/types\/post"}],"author":[{"embeddable":true,"href":"https:\/\/monde25.info\/index.php\/wp-json\/wp\/v2\/users\/1"}],"replies":[{"embeddable":true,"href":"https:\/\/monde25.info\/index.php\/wp-json\/wp\/v2\/comments?post=2036"}],"version-history":[{"count":0,"href":"https:\/\/monde25.info\/index.php\/wp-json\/wp\/v2\/posts\/2036\/revisions"}],"wp:featuredmedia":[{"embeddable":true,"href":"https:\/\/monde25.info\/index.php\/wp-json\/wp\/v2\/media\/2037"}],"wp:attachment":[{"href":"https:\/\/monde25.info\/index.php\/wp-json\/wp\/v2\/media?parent=2036"}],"wp:term":[{"taxonomy":"category","embeddable":true,"href":"https:\/\/monde25.info\/index.php\/wp-json\/wp\/v2\/categories?post=2036"},{"taxonomy":"post_tag","embeddable":true,"href":"https:\/\/monde25.info\/index.php\/wp-json\/wp\/v2\/tags?post=2036"}],"curies":[{"name":"wp","href":"https:\/\/api.w.org\/{rel}","templated":true}]}}