{"id":20407,"date":"2025-12-04T02:11:47","date_gmt":"2025-12-04T01:11:47","guid":{"rendered":"https:\/\/monde25.info\/index.php\/2025\/12\/04\/la-france-va-t-elle-taxer-au-kilometre-les-voitures-electriques\/"},"modified":"2025-12-04T02:11:47","modified_gmt":"2025-12-04T01:11:47","slug":"la-france-va-t-elle-taxer-au-kilometre-les-voitures-electriques","status":"publish","type":"post","link":"https:\/\/monde25.info\/index.php\/2025\/12\/04\/la-france-va-t-elle-taxer-au-kilometre-les-voitures-electriques\/","title":{"rendered":"La France va-t-elle taxer au kilom\u00e8tre les voitures \u00e9lectriques?"},"content":{"rendered":"<p> <br \/>\n<\/p>\n<div>\n<p><strong>\u00c0 partir d\u2019avril 2028, le Royaume-Uni imposera plus de 2 centimes par kilom\u00e8tre aux conducteurs de voitures \u00e9lectriques. Une premi\u00e8re en Europe pour les particuliers, qui relance en France \u2014 o\u00f9 la baisse des recettes carburant inqui\u00e8te \u2014 la question d\u2019un futur imp\u00f4t similaire.\u00a0<\/strong><\/p>\n<p>Il fallait s\u2019y attendre : \u00e0 force de subventionner l\u2019\u00e9lectrique, les \u00c9tats cherchent d\u00e9sormais comment compenser le manque \u00e0 gagner fiscal. Londres ouvre le bal, non sans une certaine ironie. Comme le rapporte <em>RTL<\/em>, le gouvernement britannique estime logique que les conducteurs de v\u00e9hicules \u00ab propres \u00bb contribuent \u00e0 l\u2019entretien des routes. Pour un automobiliste parcourant 12 500 km par an, la facture atteindra pr\u00e8s de 300 euros.<\/p>\n<p>L\u2019\u00e9ditorialiste Fran\u00e7ois Lenglet juge \u00ab tr\u00e8s probable \u00bb qu\u2019une taxe \u00e9quivalente voie le jour en France. Les chiffres lui donnent raison : les droits d\u2019accise sur les carburants rapportaient 30 milliards d\u2019euros par an, mais la consommation a recul\u00e9 deux ann\u00e9es de suite. Une tendance qui, selon lui, rend \u00ab vraisemblable qu&rsquo;une nouvelle contribution sp\u00e9cifique sur les voitures soit cr\u00e9\u00e9e \u00bb. Avec l\u2019essor de la mobilit\u00e9 \u00e9lectrique, le tr\u00e9sor public voit son principal robinet fiscal se fermer progressivement.<\/p>\n<p>Reste que l\u2019\u00e9lectricit\u00e9 est d\u00e9j\u00e0 lourdement impos\u00e9e et repr\u00e9sente pr\u00e8s d\u2019un tiers de la facture des m\u00e9nages. Introduire une taxe au kilom\u00e8tre risquerait d\u2019\u00e9roder son attractivit\u00e9. Une chose est s\u00fbre : l\u2019histoire fiscale fran\u00e7aise montre que d\u00e8s qu\u2019un usage se massifie, un imp\u00f4t finit toujours par appara\u00eetre.<\/p>\n<\/div>\n<p><script>(function(d, s, id) {  var js, fjs = d.getElementsByTagName(s)[0];  if (d.getElementById(id)) return;  js = d.createElement(s); js.id = id;  js.src = \"\/\/connect.facebook.net\/fr_FR\/sdk.js#xfbml=1&version=v2.3\";  fjs.parentNode.insertBefore(js, fjs);}(document, \"script\", \"facebook-jssdk\"));<\/script><br \/>\n<br \/><br \/>\n<br \/><a href=\"https:\/\/www.francesoir.fr\/societe-transport\/la-france-va-t-elle-taxer-au-kilometre-les-voitures-electriques\" target=\"_blank\"\">Source link <\/a><\/p>\n","protected":false},"excerpt":{"rendered":"<p>\u00c0 partir d\u2019avril 2028, le Royaume-Uni imposera plus de 2 centimes par kilom\u00e8tre aux conducteurs de voitures \u00e9lectriques. Une premi\u00e8re en Europe pour les particuliers, qui relance en France \u2014&hellip; <\/p>\n","protected":false},"author":1,"featured_media":20408,"comment_status":"open","ping_status":"open","sticky":false,"template":"","format":"standard","meta":{"footnotes":""},"categories":[1],"tags":[],"class_list":["post-20407","post","type-post","status-publish","format-standard","has-post-thumbnail","hentry","category-non-classe"],"_links":{"self":[{"href":"https:\/\/monde25.info\/index.php\/wp-json\/wp\/v2\/posts\/20407","targetHints":{"allow":["GET"]}}],"collection":[{"href":"https:\/\/monde25.info\/index.php\/wp-json\/wp\/v2\/posts"}],"about":[{"href":"https:\/\/monde25.info\/index.php\/wp-json\/wp\/v2\/types\/post"}],"author":[{"embeddable":true,"href":"https:\/\/monde25.info\/index.php\/wp-json\/wp\/v2\/users\/1"}],"replies":[{"embeddable":true,"href":"https:\/\/monde25.info\/index.php\/wp-json\/wp\/v2\/comments?post=20407"}],"version-history":[{"count":0,"href":"https:\/\/monde25.info\/index.php\/wp-json\/wp\/v2\/posts\/20407\/revisions"}],"wp:featuredmedia":[{"embeddable":true,"href":"https:\/\/monde25.info\/index.php\/wp-json\/wp\/v2\/media\/20408"}],"wp:attachment":[{"href":"https:\/\/monde25.info\/index.php\/wp-json\/wp\/v2\/media?parent=20407"}],"wp:term":[{"taxonomy":"category","embeddable":true,"href":"https:\/\/monde25.info\/index.php\/wp-json\/wp\/v2\/categories?post=20407"},{"taxonomy":"post_tag","embeddable":true,"href":"https:\/\/monde25.info\/index.php\/wp-json\/wp\/v2\/tags?post=20407"}],"curies":[{"name":"wp","href":"https:\/\/api.w.org\/{rel}","templated":true}]}}