{"id":20411,"date":"2025-12-04T05:29:47","date_gmt":"2025-12-04T04:29:47","guid":{"rendered":"https:\/\/monde25.info\/index.php\/2025\/12\/04\/les-etats-unis-chez-eux-en-equateur-par-vincent-ortiz-le-monde-diplomatique-decembre-2025\/"},"modified":"2025-12-04T05:29:47","modified_gmt":"2025-12-04T04:29:47","slug":"les-etats-unis-chez-eux-en-equateur-par-vincent-ortiz-le-monde-diplomatique-decembre-2025","status":"publish","type":"post","link":"https:\/\/monde25.info\/index.php\/2025\/12\/04\/les-etats-unis-chez-eux-en-equateur-par-vincent-ortiz-le-monde-diplomatique-decembre-2025\/","title":{"rendered":"Les \u00c9tats-Unis chez eux en \u00c9quateur ?, par Vincent Ortiz (Le Monde diplomatique, d\u00e9cembre 2025)"},"content":{"rendered":"<p> <br \/>\n<\/p>\n<div>\n<p class=\"crayon article-surtitre-69105 surtitre\">Daniel Noboa ouvre les bras aux \u00ab<small class=\"fine\">\u00a0<\/small>gringos<small class=\"fine\">\u00a0<\/small>\u00bb<\/p>\n<div class=\"crayon article-chapo-69105 chapo\">\n<p>Cong\u00e9di\u00e9s par le pr\u00e9sident Rafael Correa (2007-2017), les \u00c9tats-Unis reprennent progressivement pied en \u00c9quateur, avec l\u2019assentiment de Quito. Sous pr\u00e9texte de lutter contre le crime organis\u00e9, ils consolident ainsi leur pr\u00e9sence militaire en Am\u00e9rique latine et dans le Pacifique. Sanctuaire naturel unique, les \u00eeles Gal\u00e1pagos constituent l\u2019un des points d\u2019appui principaux de ce red\u00e9ploiement.<\/p>\n<\/div><\/div>\n<div couleurfade=\"e6eeee\" couleurclaire=\"e0eaea\" couleurpale=\"b2e5e3\" couleurmi=\"527978\" couleurfoncee=\"1f7976\" couleursombre=\"141e1e\" couleurfond=\"4c5d5c\" couleurtexte=\"ffffff\">\n<div class=\"enapercu\">\n<p><i><span class=\"mot-lettrine\"><span class=\"lettrine\"><span class=\"guillemet\">\u00ab<\/span>L<\/span>es<\/span> Am\u00e9ricains sont-ils r\u00e9ellement ici pour prot\u00e9ger notre biodiversit\u00e9<small class=\"fine\">\u00a0<\/small>?<small class=\"fine\">\u00a0<\/small>\u00bb,<\/i> fait mine de s\u2019interroger M.\u00a0Jorge V\u00e1zquez. L\u2019expert naturaliste vit sur l\u2019\u00eele San Crist\u00f3bal, en \u00c9quateur, depuis six ans. Le long d\u2019un sentier escarp\u00e9, il nous emm\u00e8ne d\u00e9couvrir le spectacle immuable de cette nature prot\u00e9g\u00e9e\u2026 non loin de laquelle patrouillent des garde-c\u00f4tes de l\u2019arm\u00e9e des \u00c9tats-Unis. Une fois gravie la rocaille, le promeneur rejoint un belv\u00e9d\u00e8re naturel surplombant les eaux du Pacifique. En contrebas, sur ce fragment le plus oriental des Gal\u00e1pagos, rien n\u2019interrompt la parade des lions de mer et les excursions des iguanes.<\/p>\n<p>Converti en parc national en 1959, class\u00e9 au patrimoine naturel de l\u2019humanit\u00e9 par l\u2019Organisation des Nations unies pour l\u2019\u00e9ducation, la science et la culture (Unesco) en 1978, l\u2019archipel a \u00e9t\u00e9 sanctuaris\u00e9 en r\u00e9serve marine en 1998. Un r\u00e9gime sp\u00e9cial \u00e9tabli par la Constitution \u00e9quatorienne de 2008 y impose de stricts contr\u00f4les sanitaires, afin de pr\u00e9venir l\u2019invasion d\u2019esp\u00e8ces animales exog\u00e8nes, de parasites ou de virus\u2026 Contr\u00f4les dont sont exempt\u00e9s les militaires de Washington d\u00e9ploy\u00e9s sur place, officiellement dans le cadre d\u2019une \u00ab<small class=\"fine\">\u00a0<\/small>coop\u00e9ration<small class=\"fine\">\u00a0<\/small>\u00bb avec Quito.<\/p>\n<p><i>\u00ab<small class=\"fine\">\u00a0<\/small>Ici, les Am\u00e9ricains ne se cachent pas<small class=\"fine\">\u00a0<\/small>\u00bb,<\/i> t\u00e9moigne M.\u00a0V\u00e1zquez. Son bras se d\u00e9porte l\u00e9g\u00e8rement vers l\u2019ouest, par-del\u00e0 l\u2019amas rocheux d\u2019o\u00f9 se dessinent les infrastructures portuaires et a\u00e9roportuaires. <i>\u00ab<small class=\"fine\">\u00a0<\/small>C\u2019est ici que stationnent leurs drones. Et sur la piste de l\u2019a\u00e9roport que vous pouvez voir derri\u00e8re, ce sont leurs avions de patrouille qui d\u00e9collent<small class=\"fine\">\u00a0<\/small>\u00bb,<\/i> d\u00e9crit notre guide. Il ajoute\u00a0: <i>\u00ab<small class=\"fine\">\u00a0<\/small>Comme les autres habitants, je me suis habitu\u00e9 au ballet de ces bolides.<small class=\"fine\">\u00a0<\/small>\u00bb<\/i> Un P-3 Orion (Lockheed Martin), un Awacs (Boeing), un bombardier DHC-8 (De Havilland). Il a fallu agrandir l\u2019a\u00e9rodrome pour les h\u00e9berger. Quant au port de ce territoire de six mille \u00e2mes, il accueille d\u00e9sormais une flottille am\u00e9ricaine.<\/p>\n<h3 class=\"spip\">Menaces pr\u00e9datrices de P\u00e9kin<\/h3>\n<p>Cette pr\u00e9sence a \u00e9t\u00e9\u00a0(\u2026)<\/p>\n<\/p><\/div>\n<p>Taille de l\u2019article complet\u00a0:\u00a0<span>2\u00a0299<\/span>\u00a0mots.<\/p>\n<div class=\"promo_dispo_article\">\n<h2 class=\"avantbloc\">\n\tCet article est r\u00e9serv\u00e9 aux\u00a0abonn\u00e9s<\/p>\n<\/h2>\n<div class=\"abo_inst\">\n\t<strong>Lyc\u00e9es, biblioth\u00e8ques, administrations, entreprises,<\/strong><br \/>\n\tacc\u00e9dez \u00e0 la base de donn\u00e9es en ligne de tous les articles du <i>Monde diplomatique<\/i> de 1954 \u00e0 nos\u00a0jours.<br \/>\n\t<a target=\"_blank\" id=\"pw-institutions\" class=\"suivi\" href=\"https:\/\/www.monde-diplomatique.fr\/archives\/institutions\">Retrouvez cette\u00a0offre sp\u00e9cifique<\/a>.\n<\/div>\n<\/div><\/div>\n<p><br \/>\n<br \/><a href=\"https:\/\/www.monde-diplomatique.fr\/2025\/12\/ORTIZ\/69105\" target=\"_blank\"\">Source link <\/a><\/p>\n","protected":false},"excerpt":{"rendered":"<p>Daniel Noboa ouvre les bras aux \u00ab\u00a0gringos\u00a0\u00bb Cong\u00e9di\u00e9s par le pr\u00e9sident Rafael Correa (2007-2017), les \u00c9tats-Unis reprennent progressivement pied en \u00c9quateur, avec l\u2019assentiment de Quito. Sous pr\u00e9texte de lutter contre&hellip; <\/p>\n","protected":false},"author":1,"featured_media":20412,"comment_status":"open","ping_status":"open","sticky":false,"template":"","format":"standard","meta":{"footnotes":""},"categories":[1],"tags":[],"class_list":["post-20411","post","type-post","status-publish","format-standard","has-post-thumbnail","hentry","category-non-classe"],"_links":{"self":[{"href":"https:\/\/monde25.info\/index.php\/wp-json\/wp\/v2\/posts\/20411","targetHints":{"allow":["GET"]}}],"collection":[{"href":"https:\/\/monde25.info\/index.php\/wp-json\/wp\/v2\/posts"}],"about":[{"href":"https:\/\/monde25.info\/index.php\/wp-json\/wp\/v2\/types\/post"}],"author":[{"embeddable":true,"href":"https:\/\/monde25.info\/index.php\/wp-json\/wp\/v2\/users\/1"}],"replies":[{"embeddable":true,"href":"https:\/\/monde25.info\/index.php\/wp-json\/wp\/v2\/comments?post=20411"}],"version-history":[{"count":0,"href":"https:\/\/monde25.info\/index.php\/wp-json\/wp\/v2\/posts\/20411\/revisions"}],"wp:featuredmedia":[{"embeddable":true,"href":"https:\/\/monde25.info\/index.php\/wp-json\/wp\/v2\/media\/20412"}],"wp:attachment":[{"href":"https:\/\/monde25.info\/index.php\/wp-json\/wp\/v2\/media?parent=20411"}],"wp:term":[{"taxonomy":"category","embeddable":true,"href":"https:\/\/monde25.info\/index.php\/wp-json\/wp\/v2\/categories?post=20411"},{"taxonomy":"post_tag","embeddable":true,"href":"https:\/\/monde25.info\/index.php\/wp-json\/wp\/v2\/tags?post=20411"}],"curies":[{"name":"wp","href":"https:\/\/api.w.org\/{rel}","templated":true}]}}