{"id":20414,"date":"2025-12-04T06:35:40","date_gmt":"2025-12-04T05:35:40","guid":{"rendered":"https:\/\/monde25.info\/index.php\/2025\/12\/04\/moscou-les-societes-militaires-privees-francaises-en-ukraine-seront-des-cibles-legitimes\/"},"modified":"2025-12-04T06:35:40","modified_gmt":"2025-12-04T05:35:40","slug":"moscou-les-societes-militaires-privees-francaises-en-ukraine-seront-des-cibles-legitimes","status":"publish","type":"post","link":"https:\/\/monde25.info\/index.php\/2025\/12\/04\/moscou-les-societes-militaires-privees-francaises-en-ukraine-seront-des-cibles-legitimes\/","title":{"rendered":"Moscou : Les soci\u00e9t\u00e9s militaires priv\u00e9es fran\u00e7aises en Ukraine seront des \u00abcibles l\u00e9gitimes\u00bb"},"content":{"rendered":"<p> <br \/>\n<\/p>\n<div>\n<ol class=\"campaign-loop campaign-list\">\n<li id=\"campaign-482494\" class=\"post-482494 campaign type-campaign status-publish hentry campaign-has-goal campaign-has-not-achieved-goal campaign-has-end-date campaign-has-not-ended\">\n\t<a target=\"_blank\" href=\"https:\/\/reseauinternational.net\/campaigns\/campagne-de-dons-septembre-octobre-2025\/\"><\/p>\n<h3>Soutenez-nous<\/h3>\n<p>\t\t\t<\/a><\/p>\n<p>\n\tVotre soutien nous est indispensable pour continuer \u00e0 vous fournir le meilleur de l\u2019information internationale alternative. C\u2019est gr\u00e2ce \u00e0 vos dons que nous pourrons maintenir le cap pour une information plurielle et r\u00e9ellement alternative. Nous comptons sur vous.<\/p>\n<p>\n<span class=\"amount\">22 358,00\u00a0\u20ac<\/span> de l\u2019objectif de <span class=\"goal-amount\">25 000,00\u00a0\u20ac<\/span> atteint<\/p>\n<\/li>\n<\/ol>\n<p>par <strong>Mariem Njeh<\/strong><\/p>\n<p><strong>Moscou accuse la France de chercher une \u00abparticipation directe\u00bb au conflit entre la Russie et l\u2019Ukraine.<\/strong><\/p>\n<p>Le Service de renseignement ext\u00e9rieur de la Russie (SVR) a averti que la pr\u00e9sence de soci\u00e9t\u00e9s militaires priv\u00e9es (SMP) fran\u00e7aises en Ukraine serait consid\u00e9r\u00e9e par Moscou comme une \u00ab<em>participation directe<\/em>\u00bb de la France aux hostilit\u00e9s contre la Russie.<\/p>\n<p>Dans un communiqu\u00e9 relay\u00e9 par le bureau de presse du minist\u00e8re russe des Affaires \u00e9trang\u00e8res, partag\u00e9 mardi sur la plateforme Telegram, bas\u00e9e aux \u00c9mirats arabes unis, le SVR affirme que la France \u00ab<em>continue de chercher des moyens de s\u2019impliquer directement dans le conflit ukrainien<\/em>\u00bb.<\/p>\n<p>Moscou mentionne sp\u00e9cifiquement le d\u00e9cret gouvernemental n\u00b0 2025-1030 du 31 octobre 2025, qui, selon le renseignement russe, autoriserait l\u2019usage de soci\u00e9t\u00e9s militaires priv\u00e9es pour porter assistance \u00e0 un \u00ab<em>pays tiers engag\u00e9 dans une confrontation arm\u00e9e<\/em>\u00bb.<\/p>\n<p>\u00ab<em>M\u00eame un observateur europ\u00e9en occasionnel n\u2019aurait aucun doute sur le pays vis\u00e9<\/em>\u00bb, indique le communiqu\u00e9.<\/p>\n<p>Le SVR justifie cette analyse en soulignant les difficult\u00e9s de l\u2019arm\u00e9e ukrainienne. Selon Moscou, les \u00e9quipes de d\u00e9fense a\u00e9rienne mobiles de Kiev et sa flotte restreinte de F-16 sont incapables d\u2019intercepter efficacement les cibles russes. Le renseignement russe ajoute que la ma\u00eetrise des \u00e9quipements occidentaux modernes, notamment les avions Mirage, n\u00e9cessite un temps de formation et un personnel hautement qualifi\u00e9 dont l\u2019Ukraine ne dispose pas dans l\u2019imm\u00e9diat.<\/p>\n<p>\u00ab<em>C\u2019est pourquoi Kiev a besoin de soci\u00e9t\u00e9s militaires priv\u00e9es \u00e9trang\u00e8res \u00e9quip\u00e9es d\u2019armes occidentales modernes, et avant tout fran\u00e7aises<\/em>\u00bb, soutient le SVR.<\/p>\n<p>Moscou a fermement mis en garde Paris, affirmant que le recours \u00e0 ces entit\u00e9s, d\u00e9crites dans le d\u00e9cret comme des \u00ab<em>op\u00e9rateurs de r\u00e9f\u00e9rence<\/em>\u00bb du minist\u00e8re des Arm\u00e9es, n\u2019exon\u00e8re pas la France de sa responsabilit\u00e9.<\/p>\n<p>En cons\u00e9quence, la Russie a d\u00e9clar\u00e9 que les SMP fran\u00e7aises deviendraient une \u00ab<em>cible l\u00e9gitime prioritaire<\/em>\u00bb pour les forces arm\u00e9es russes.<\/p>\n<h5 class=\"wp-block-heading\"><strong>Le contenu du d\u00e9cret fran\u00e7ais<\/strong><\/h5>\n<p>Le d\u00e9cret n\u00b0 2025-1030 du 31 octobre 2025, cit\u00e9 par les services de renseignement russes, a pour objet officiel le \u00ab<em>maintien et le d\u00e9veloppement de l\u2019influence de la France<\/em>\u00bb dans un \u00ab<em>contexte g\u00e9opolitique mouvant<\/em>\u00bb.<\/p>\n<p>Le texte justifie le recours \u00e0 des \u00ab<em>op\u00e9rateurs \u00e9conomiques de r\u00e9f\u00e9rence<\/em>\u00bb pour pallier les besoins en mati\u00e8re de coop\u00e9ration internationale militaire. Selon les termes exacts du d\u00e9cret, ces entit\u00e9s priv\u00e9es sont habilit\u00e9es \u00e0 \u00ab<em>seconder ou se substituer aux forces<\/em>\u00bb arm\u00e9es fran\u00e7aises dans \u00ab<em>certaines missions identifi\u00e9es<\/em>\u00bb. Pour ce faire, le gouvernement fran\u00e7ais leur octroie des \u00ab<em>droits exclusifs ou sp\u00e9ciaux par domaine d\u2019activit\u00e9<\/em>\u00bb.<\/p>\n<p>source : <a target=\"_blank\" href=\"https:\/\/www.aa.com.tr\/fr\/monde\/moscou-les-soci%C3%A9t%C3%A9s-militaires-priv%C3%A9es-francaises-en-ukraine-seront-des-cibles-l%C3%A9gitimes-\/3760357\" target=\"_blank\" rel=\"noopener\" title=\"\">Agence Anadolu<\/a><\/p>\n<div class=\"sharedaddy sd-block sd-like jetpack-likes-widget-wrapper jetpack-likes-widget-unloaded\" id=\"like-post-wrapper-237719536-497878-6931160b08710\" data-src=\"https:\/\/widgets.wp.com\/likes\/?ver=15.2#blog_id=237719536&amp;post_id=497878&amp;origin=reseauinternational.net&amp;obj_id=237719536-497878-6931160b08710\" data-name=\"like-post-frame-237719536-497878-6931160b08710\" data-title=\"Aimer ou rebloguer\">\n<h3 class=\"sd-title\">J\u2019aime \u00e7a\u00a0:<\/h3>\n<p><span class=\"button\"><span>J\u2019aime<\/span><\/span> <span class=\"loading\">chargement\u2026<\/span><\/p>\n<p><span class=\"sd-text-color\"\/><a target=\"_blank\" class=\"sd-link-color\"\/><\/div>\n<p><meta itemscope=\"\" itemprop=\"mainEntityOfPage\" itemtype=\"https:\/\/schema.org\/WebPage\" itemid=\"https:\/\/reseauinternational.net\/moscou-les-societes-militaires-privees-francaises-en-ukraine-seront-des-cibles-legitimes\/\"\/><meta itemprop=\"headline\" content=\"Moscou : Les soci\u00e9t\u00e9s militaires priv\u00e9es fran\u00e7aises en Ukraine seront des \u00abcibles l\u00e9gitimes\u00bb\"\/><span style=\"display: none;\" itemprop=\"author\" itemscope=\"\" itemtype=\"https:\/\/schema.org\/Person\"><meta itemprop=\"name\" content=\"R\u00e9seau International\"\/><\/span><span style=\"display: none;\" itemprop=\"image\" itemscope=\"\" itemtype=\"https:\/\/schema.org\/ImageObject\"><meta itemprop=\"url\" content=\"https:\/\/i0.wp.com\/reseauinternational.net\/wp-content\/uploads\/2025\/12\/Sans-titre-24-1.png?fit=800%2C467&amp;ssl=1\"\/><meta itemprop=\"width\" content=\"800\"\/><meta itemprop=\"height\" content=\"467\"\/><\/span><span style=\"display: none;\" itemprop=\"publisher\" itemscope=\"\" itemtype=\"https:\/\/schema.org\/Organization\"><span style=\"display: none;\" itemprop=\"logo\" itemscope=\"\" itemtype=\"https:\/\/schema.org\/ImageObject\"><meta itemprop=\"url\" content=\"https:\/\/reseauinternational.net\/wp-content\/uploads\/2022\/06\/Capture-de\u0301cran-2022-06-14-a\u0300-16.51.07.png\"\/><\/span><meta itemprop=\"name\" content=\"R\u00e9seau International\"\/><\/span><meta itemprop=\"datePublished\" content=\"2025-12-03T13:02:40+00:00\"\/><meta itemprop=\"dateModified\" content=\"2025-12-03T13:03:24+00:00\"\/><\/div>\n<p><br \/>\n<br \/><a href=\"https:\/\/reseauinternational.net\/moscou-les-societes-militaires-privees-francaises-en-ukraine-seront-des-cibles-legitimes\/\" target=\"_blank\"\">Source link <\/a><\/p>\n","protected":false},"excerpt":{"rendered":"<p>Soutenez-nous Votre soutien nous est indispensable pour continuer \u00e0 vous fournir le meilleur de l\u2019information internationale alternative. C\u2019est gr\u00e2ce \u00e0 vos dons que nous pourrons maintenir le cap pour une&hellip; <\/p>\n","protected":false},"author":1,"featured_media":20415,"comment_status":"open","ping_status":"open","sticky":false,"template":"","format":"standard","meta":{"footnotes":""},"categories":[1],"tags":[],"class_list":["post-20414","post","type-post","status-publish","format-standard","has-post-thumbnail","hentry","category-non-classe"],"_links":{"self":[{"href":"https:\/\/monde25.info\/index.php\/wp-json\/wp\/v2\/posts\/20414","targetHints":{"allow":["GET"]}}],"collection":[{"href":"https:\/\/monde25.info\/index.php\/wp-json\/wp\/v2\/posts"}],"about":[{"href":"https:\/\/monde25.info\/index.php\/wp-json\/wp\/v2\/types\/post"}],"author":[{"embeddable":true,"href":"https:\/\/monde25.info\/index.php\/wp-json\/wp\/v2\/users\/1"}],"replies":[{"embeddable":true,"href":"https:\/\/monde25.info\/index.php\/wp-json\/wp\/v2\/comments?post=20414"}],"version-history":[{"count":0,"href":"https:\/\/monde25.info\/index.php\/wp-json\/wp\/v2\/posts\/20414\/revisions"}],"wp:featuredmedia":[{"embeddable":true,"href":"https:\/\/monde25.info\/index.php\/wp-json\/wp\/v2\/media\/20415"}],"wp:attachment":[{"href":"https:\/\/monde25.info\/index.php\/wp-json\/wp\/v2\/media?parent=20414"}],"wp:term":[{"taxonomy":"category","embeddable":true,"href":"https:\/\/monde25.info\/index.php\/wp-json\/wp\/v2\/categories?post=20414"},{"taxonomy":"post_tag","embeddable":true,"href":"https:\/\/monde25.info\/index.php\/wp-json\/wp\/v2\/tags?post=20414"}],"curies":[{"name":"wp","href":"https:\/\/api.w.org\/{rel}","templated":true}]}}