{"id":20416,"date":"2025-12-04T07:08:40","date_gmt":"2025-12-04T06:08:40","guid":{"rendered":"https:\/\/monde25.info\/index.php\/2025\/12\/04\/notre-dame-la-justice-valide-les-vitraux-contemporains\/"},"modified":"2025-12-04T07:08:40","modified_gmt":"2025-12-04T06:08:40","slug":"notre-dame-la-justice-valide-les-vitraux-contemporains","status":"publish","type":"post","link":"https:\/\/monde25.info\/index.php\/2025\/12\/04\/notre-dame-la-justice-valide-les-vitraux-contemporains\/","title":{"rendered":"Notre-Dame : la justice valide les vitraux contemporains"},"content":{"rendered":"<p> <br \/>\n<\/p>\n<div>\n<p><strong>Le 27 novembre, le tribunal administratif a rejet\u00e9 la demande de <\/strong><em><strong>Sites et Monuments<\/strong><\/em><strong> qui voulait annuler le march\u00e9 public lanc\u00e9 par l\u2019\u00c9tablissement public de Notre-Dame. L\u2019association conteste la cr\u00e9ation de nouveaux vitraux destin\u00e9s \u00e0 remplacer ceux de Viollet-le-Duc, pr\u00e9vue pour 2026, et d\u00e9nonce une d\u00e9cision qu\u2019elle juge hors comp\u00e9tence.<\/strong><\/p>\n<p>C&rsquo;est un mauvais feuilleton : un monument national, un artiste contemporain, et une association vent debout contre ce qu\u2019elle voit comme une \u00ab d\u00e9possession \u00bb. Or, le tribunal a \u00e9teint l\u2019incendie juridique en estimant que \u00ab les termes de conservation et de restauration n\u2019impliquent pas un retour au dernier \u00e9tat visuel connu avant l\u2019incendie et n\u2019excluent pas la possibilit\u00e9 d\u2019une d\u00e9marche architecturale \u00bb. Une lecture qui ouvre clairement la voie au projet port\u00e9 par l\u2019\u00c9tat.<\/p>\n<p>Selon <em>Le Figaro<\/em>, <em>Sites et Monuments<\/em> comptait sur l\u2019avis d\u00e9favorable de la Commission nationale du patrimoine et de l\u2019architecture, qui rappelait que \u00ab la cr\u00e9ation artistique dans les monuments historiques ne pouvait conduire \u00e0 sacrifier des \u00e9l\u00e9ments patrimoniaux \u00bb. Mais les juges ont assur\u00e9 que cet avis \u00e9tait \u00ab non contraignant \u00bb et ne pouvait bloquer le march\u00e9. Une douche froide pour les d\u00e9fenseurs des vitraux du XIX\u1d49, qui consid\u00e8rent qu\u2019ils font \u00ab pleinement partie de l\u2019architecture de la cath\u00e9drale \u00bb.<\/p>\n<p>L\u2019association ne d\u00e9sarme pas pour autant. Elle promet un appel et pr\u00e9pare un second recours, cette fois contre l\u2019autorisation de d\u00e9poser les vitraux d\u2019origine. En parall\u00e8le, la p\u00e9tition lanc\u00e9e en 2023 continue d\u2019enfler, forte de pr\u00e8s de 300 000 signatures. Pendant que les proc\u00e9dures s\u2019encha\u00eenent, l\u2019\u0153uvre de Claire Tabouret sera d\u00e9voil\u00e9e au Grand Palais le 8 d\u00e9cembre, preuve que le projet avance, avec ou sans consensus.<\/p>\n<\/div>\n<p><script>(function(d, s, id) {  var js, fjs = d.getElementsByTagName(s)[0];  if (d.getElementById(id)) return;  js = d.createElement(s); js.id = id;  js.src = \"\/\/connect.facebook.net\/fr_FR\/sdk.js#xfbml=1&version=v2.3\";  fjs.parentNode.insertBefore(js, fjs);}(document, \"script\", \"facebook-jssdk\"));<\/script><br \/>\n<br \/><br \/>\n<br \/><a href=\"https:\/\/www.francesoir.fr\/culture-art-expo\/notre-dame-la-justice-valide-les-vitraux-contemporains\" target=\"_blank\"\">Source link <\/a><\/p>\n","protected":false},"excerpt":{"rendered":"<p>Le 27 novembre, le tribunal administratif a rejet\u00e9 la demande de Sites et Monuments qui voulait annuler le march\u00e9 public lanc\u00e9 par l\u2019\u00c9tablissement public de Notre-Dame. L\u2019association conteste la cr\u00e9ation&hellip; <\/p>\n","protected":false},"author":1,"featured_media":20417,"comment_status":"open","ping_status":"open","sticky":false,"template":"","format":"standard","meta":{"footnotes":""},"categories":[1],"tags":[],"class_list":["post-20416","post","type-post","status-publish","format-standard","has-post-thumbnail","hentry","category-non-classe"],"_links":{"self":[{"href":"https:\/\/monde25.info\/index.php\/wp-json\/wp\/v2\/posts\/20416","targetHints":{"allow":["GET"]}}],"collection":[{"href":"https:\/\/monde25.info\/index.php\/wp-json\/wp\/v2\/posts"}],"about":[{"href":"https:\/\/monde25.info\/index.php\/wp-json\/wp\/v2\/types\/post"}],"author":[{"embeddable":true,"href":"https:\/\/monde25.info\/index.php\/wp-json\/wp\/v2\/users\/1"}],"replies":[{"embeddable":true,"href":"https:\/\/monde25.info\/index.php\/wp-json\/wp\/v2\/comments?post=20416"}],"version-history":[{"count":0,"href":"https:\/\/monde25.info\/index.php\/wp-json\/wp\/v2\/posts\/20416\/revisions"}],"wp:featuredmedia":[{"embeddable":true,"href":"https:\/\/monde25.info\/index.php\/wp-json\/wp\/v2\/media\/20417"}],"wp:attachment":[{"href":"https:\/\/monde25.info\/index.php\/wp-json\/wp\/v2\/media?parent=20416"}],"wp:term":[{"taxonomy":"category","embeddable":true,"href":"https:\/\/monde25.info\/index.php\/wp-json\/wp\/v2\/categories?post=20416"},{"taxonomy":"post_tag","embeddable":true,"href":"https:\/\/monde25.info\/index.php\/wp-json\/wp\/v2\/tags?post=20416"}],"curies":[{"name":"wp","href":"https:\/\/api.w.org\/{rel}","templated":true}]}}