{"id":20433,"date":"2025-12-04T13:44:36","date_gmt":"2025-12-04T12:44:36","guid":{"rendered":"https:\/\/monde25.info\/index.php\/2025\/12\/04\/la-cour-des-comptes-alerte-sur-les-consequences-du-vieillissement-de-la-population-rt-en-francais\/"},"modified":"2025-12-04T13:44:36","modified_gmt":"2025-12-04T12:44:36","slug":"la-cour-des-comptes-alerte-sur-les-consequences-du-vieillissement-de-la-population-rt-en-francais","status":"publish","type":"post","link":"https:\/\/monde25.info\/index.php\/2025\/12\/04\/la-cour-des-comptes-alerte-sur-les-consequences-du-vieillissement-de-la-population-rt-en-francais\/","title":{"rendered":"la Cour des comptes alerte sur les cons\u00e9quences du vieillissement de la population \u2014 RT en fran\u00e7ais"},"content":{"rendered":"<p> <br \/>\n<br \/><img decoding=\"async\" src=\"https:\/\/mf.b37mrtl.ru\/french\/images\/2025.12\/thumbnail\/69314bd687f3ec5ff933bed9.jpg\" \/><\/p>\n<div>\n<p class=\"text__summary\">\n                                        Dans un rapport publi\u00e9 le 2 d\u00e9cembre, la Cour des comptes met en garde contre les effets conjugu\u00e9s du d\u00e9clin d\u00e9mographique et du vieillissement sur les finances publiques fran\u00e7aises. L\u2019institution s\u2019inqui\u00e8te de la baisse de la natalit\u00e9, de la r\u00e9duction de la population active et de la hausse des d\u00e9penses sociales.\n                                    <\/p>\n<p>Un document de la Cour des comptes, pr\u00e9sent\u00e9 le 2 d\u00e9cembre comme une \u00ab vision \u00bb prospective par son pr\u00e9sident Pierre Moscovici, souligne l\u2019urgence d\u2019anticiper les d\u00e9fis pos\u00e9s par le vieillissement acc\u00e9l\u00e9r\u00e9 de la population et la chute de la f\u00e9condit\u00e9. Selon les sages de la rue Cambon, la tendance pourrait aggraver les d\u00e9ficits publics sans mesures adapt\u00e9es.<\/p>\n<div class=\"rtcode\">\n<blockquote class=\"twitter-tweet\">\n<p lang=\"fr\" dir=\"ltr\">\ud83d\udea8La Cour alerte : les \u00e9volutions d\u00e9mographiques en cours vont affecter puissamment et durablement notre potentiel de croissance, les recettes et les d\u00e9penses publiques. Il est n\u00e9cessaire d\u2019anticiper pour assurer la soutenabilit\u00e9 des finances publiques.<\/p>\n<p>\ud83d\udd17<a target=\"_blank\" href=\"https:\/\/t.co\/CjfxBjcOPC\">https:\/\/t.co\/CjfxBjcOPC<\/a><a target=\"_blank\" href=\"https:\/\/t.co\/JkP4uftcoe\">pic.twitter.com\/JkP4uftcoe<\/a><\/p>\n<p>\u2014 Cour des comptes (@Courdescomptes) <a target=\"_blank\" href=\"https:\/\/twitter.com\/Courdescomptes\/status\/1995786098262299029?ref_src=twsrc%5Etfw\">December 2, 2025<\/a><\/p><\/blockquote>\n<\/div>\n<h2>Une bombe d\u00e9mographique sous-estim\u00e9e<\/h2>\n<p>La France fait face \u00e0 un basculement d\u00e9mographique majeur : l\u2019indice de f\u00e9condit\u00e9 est tomb\u00e9 \u00e0 1,62 enfant par femme en 2024, rendant le solde naturel n\u00e9gatif pour la premi\u00e8re fois. <a target=\"_blank\" href=\"https:\/\/francais.rt.com\/france\/123646-morosite-demographique-france-record-retraites-chute-natalite\">La natalit\u00e9 avait, elle, baiss\u00e9 de 2,2 % au premier semestre 2025<\/a>.<\/p>\n<p>La part des plus de 65 ans a grimp\u00e9 de 16,3 % en 2005 \u00e0 21,8 % en 2024, et pourrait atteindre 28,9 % en 2070. Cons\u00e9quence : la population en \u00e2ge de travailler (20-64 ans) diminuerait de 38 \u00e0 34,6 millions d\u2019ici l\u00e0, ne repr\u00e9sentant plus que 50 % de la population totale. Cela p\u00e8sera sur la croissance, avec une baisse de la productivit\u00e9 et des recettes fiscales et sociales qui reposent essentiellement sur les actifs.<\/p>\n<p>Les d\u00e9penses publiques pourraient monter \u00e0 60,8 % du PIB en 2070, contre 57 % aujourd\u2019hui, malgr\u00e9 la baisse des d\u00e9penses d\u2019\u00e9ducation et de politiques familiales due au recul de la natalit\u00e9. La Cour rel\u00e8ve une \u00ab passivit\u00e9 \u00bb des pouvoirs publics : les enjeux d\u00e9mographiques ne repr\u00e9sentent que 0,05 % des occurrences dans les lois de programmation des finances publiques de 2014 \u00e0 2027,\u00a0<a target=\"_blank\" href=\"https:\/\/francais.rt.com\/france\/109181-baisse-fecondite-mondiale-france-pas-epargnee\">en d\u00e9pit d\u2019effets d\u2019annonce du pr\u00e9sident\u00a0Macron sur le \u00ab r\u00e9armement d\u00e9mographique \u00bb<\/a>.<\/p>\n<p>Pierre Moscovici \u00e9voque un \u00ab \u00e9l\u00e9phant dans la pi\u00e8ce \u00bb, regrettant le manque d\u2019appropriation compar\u00e9 \u00e0 l\u2019Europe. L\u2019immigration, souvent vue comme un levier, a un impact \u00ab limit\u00e9 et ambigu \u00bb, avec une contribution neutre aux finances due \u00e0 une int\u00e9gration incompl\u00e8te sur le march\u00e9 du travail et \u00e0 des cons\u00e9quence sur la s\u00e9curit\u00e9.<\/p>\n<p>La Cour propose trois pistes : augmenter le taux d\u2019emploi des jeunes, des seniors, des femmes et des immigr\u00e9s ; repenser les solidarit\u00e9s (fiscalit\u00e9 sur la consommation, contribution accrue des retrait\u00e9s ais\u00e9s) ; et relancer la natalit\u00e9 via des mesures fiscales, tout en \u00e9vitant les d\u00e9rives.<\/p>\n<p>Enfin, la Cour appelle \u00e0 investir dans la statistique publique et la prospective pour relever ces d\u00e9fis.<\/p>\n<\/div>\n<p><script async src=\"\/\/platform.twitter.com\/widgets.js\" charset=\"utf-8\"><\/script><br \/>\n<br \/><br \/>\n<br \/><a href=\"https:\/\/francais.rt.com\/france\/128006-france-cour-comptes-alerte-consequences-vieillissement-population\" target=\"_blank\"\">Source link <\/a><\/p>\n","protected":false},"excerpt":{"rendered":"<p>Dans un rapport publi\u00e9 le 2 d\u00e9cembre, la Cour des comptes met en garde contre les effets conjugu\u00e9s du d\u00e9clin d\u00e9mographique et du vieillissement sur les finances publiques fran\u00e7aises. L\u2019institution&hellip; <\/p>\n","protected":false},"author":1,"featured_media":20434,"comment_status":"open","ping_status":"open","sticky":false,"template":"","format":"standard","meta":{"footnotes":""},"categories":[1],"tags":[],"class_list":["post-20433","post","type-post","status-publish","format-standard","has-post-thumbnail","hentry","category-non-classe"],"_links":{"self":[{"href":"https:\/\/monde25.info\/index.php\/wp-json\/wp\/v2\/posts\/20433","targetHints":{"allow":["GET"]}}],"collection":[{"href":"https:\/\/monde25.info\/index.php\/wp-json\/wp\/v2\/posts"}],"about":[{"href":"https:\/\/monde25.info\/index.php\/wp-json\/wp\/v2\/types\/post"}],"author":[{"embeddable":true,"href":"https:\/\/monde25.info\/index.php\/wp-json\/wp\/v2\/users\/1"}],"replies":[{"embeddable":true,"href":"https:\/\/monde25.info\/index.php\/wp-json\/wp\/v2\/comments?post=20433"}],"version-history":[{"count":0,"href":"https:\/\/monde25.info\/index.php\/wp-json\/wp\/v2\/posts\/20433\/revisions"}],"wp:featuredmedia":[{"embeddable":true,"href":"https:\/\/monde25.info\/index.php\/wp-json\/wp\/v2\/media\/20434"}],"wp:attachment":[{"href":"https:\/\/monde25.info\/index.php\/wp-json\/wp\/v2\/media?parent=20433"}],"wp:term":[{"taxonomy":"category","embeddable":true,"href":"https:\/\/monde25.info\/index.php\/wp-json\/wp\/v2\/categories?post=20433"},{"taxonomy":"post_tag","embeddable":true,"href":"https:\/\/monde25.info\/index.php\/wp-json\/wp\/v2\/tags?post=20433"}],"curies":[{"name":"wp","href":"https:\/\/api.w.org\/{rel}","templated":true}]}}