{"id":20435,"date":"2025-12-04T16:29:42","date_gmt":"2025-12-04T15:29:42","guid":{"rendered":"https:\/\/monde25.info\/index.php\/2025\/12\/04\/violences-de-gendarmes-a-sainte-soline-lenquete-classee-sans-suite\/"},"modified":"2025-12-04T16:29:42","modified_gmt":"2025-12-04T15:29:42","slug":"violences-de-gendarmes-a-sainte-soline-lenquete-classee-sans-suite","status":"publish","type":"post","link":"https:\/\/monde25.info\/index.php\/2025\/12\/04\/violences-de-gendarmes-a-sainte-soline-lenquete-classee-sans-suite\/","title":{"rendered":"Violences de gendarmes \u00e0 Sainte-Soline\u00a0: l&#039;enqu\u00eate class\u00e9e sans suite"},"content":{"rendered":"<p> <br \/>\n<br \/><img loading=\"lazy\" decoding=\"async\" src=\"https:\/\/reporterre.net\/local\/cache-vignettes\/L700xH467\/afp__20230327__hl_aberlioz_2016072__v1__highres__francemobilizationagainstwaterreten_1_-12b76.jpg?1764860228\" class=\"spip_logo\" width=\"700\" height=\"467\" alt=\"\" \/><\/p>\n<p>Apr\u00e8s deux ans et demi d&rsquo;enqu\u00eate, le procureur de la R\u00e9publique de Rennes, Fr\u00e9d\u00e9ric Teillet, a class\u00e9 sans suite, le 4\u00a0d\u00e9cembre, l&rsquo;enqu\u00eate pr\u00e9liminaire men\u00e9e par l&rsquo;Inspection g\u00e9n\u00e9rale de la police nationale (<span class=\"caps\">IGPN<\/span>) sur les blessures graves de quatre manifestants \u00e0 Sainte-Soline (Deux-S\u00e8vres), survenues le 25\u00a0mars 2023. <br class=\"autobr\" \/><br \/>\nLes investigations portaient sur des violences aggrav\u00e9es et non assistance \u00e0 personne en danger. Aucun gendarme n&rsquo;avait \u00e9t\u00e9 auditionn\u00e9 comme suspect. Le parquet a jug\u00e9\u00a0(\u2026)<\/p>\n<p>                    <a target=\"_blank\" href=\"https:\/\/reporterre.net\/Violences-de-gendarmes-a-Sainte-Soline-l-enquete-classee-sans-suite?utm_source=RSS&amp;utm_medium=RSS\">Lire la suite<\/a><\/p>\n<p>                    &#8211;<br \/>\n                        <a target=\"_blank\" href=\"https:\/\/reporterre.net\/Breves-20\" rel=\"directory\">En bref<\/a><\/p>\n<p>                    \/<br \/>\n                        <a target=\"_blank\" href=\"https:\/\/reporterre.net\/Luttes\" rel=\"tag\">Luttes<\/a><br \/>\n<br \/><br \/>\n<br \/><a href=\"https:\/\/reporterre.net\/Violences-de-gendarmes-a-Sainte-Soline-l-enquete-classee-sans-suite\" target=\"_blank\"\">Source link <\/a><\/p>\n","protected":false},"excerpt":{"rendered":"<p>Apr\u00e8s deux ans et demi d&rsquo;enqu\u00eate, le procureur de la R\u00e9publique de Rennes, Fr\u00e9d\u00e9ric Teillet, a class\u00e9 sans suite, le 4\u00a0d\u00e9cembre, l&rsquo;enqu\u00eate pr\u00e9liminaire men\u00e9e par l&rsquo;Inspection g\u00e9n\u00e9rale de la police&hellip; <\/p>\n","protected":false},"author":1,"featured_media":0,"comment_status":"open","ping_status":"open","sticky":false,"template":"","format":"standard","meta":{"footnotes":""},"categories":[1],"tags":[],"class_list":["post-20435","post","type-post","status-publish","format-standard","hentry","category-non-classe"],"_links":{"self":[{"href":"https:\/\/monde25.info\/index.php\/wp-json\/wp\/v2\/posts\/20435","targetHints":{"allow":["GET"]}}],"collection":[{"href":"https:\/\/monde25.info\/index.php\/wp-json\/wp\/v2\/posts"}],"about":[{"href":"https:\/\/monde25.info\/index.php\/wp-json\/wp\/v2\/types\/post"}],"author":[{"embeddable":true,"href":"https:\/\/monde25.info\/index.php\/wp-json\/wp\/v2\/users\/1"}],"replies":[{"embeddable":true,"href":"https:\/\/monde25.info\/index.php\/wp-json\/wp\/v2\/comments?post=20435"}],"version-history":[{"count":0,"href":"https:\/\/monde25.info\/index.php\/wp-json\/wp\/v2\/posts\/20435\/revisions"}],"wp:attachment":[{"href":"https:\/\/monde25.info\/index.php\/wp-json\/wp\/v2\/media?parent=20435"}],"wp:term":[{"taxonomy":"category","embeddable":true,"href":"https:\/\/monde25.info\/index.php\/wp-json\/wp\/v2\/categories?post=20435"},{"taxonomy":"post_tag","embeddable":true,"href":"https:\/\/monde25.info\/index.php\/wp-json\/wp\/v2\/tags?post=20435"}],"curies":[{"name":"wp","href":"https:\/\/api.w.org\/{rel}","templated":true}]}}