{"id":20444,"date":"2025-12-04T21:26:40","date_gmt":"2025-12-04T20:26:40","guid":{"rendered":"https:\/\/monde25.info\/index.php\/2025\/12\/04\/des-agriculteurs-exiles-se-lancent-dans-le-maraichage-pres-de-rennes\/"},"modified":"2025-12-04T21:26:40","modified_gmt":"2025-12-04T20:26:40","slug":"des-agriculteurs-exiles-se-lancent-dans-le-maraichage-pres-de-rennes","status":"publish","type":"post","link":"https:\/\/monde25.info\/index.php\/2025\/12\/04\/des-agriculteurs-exiles-se-lancent-dans-le-maraichage-pres-de-rennes\/","title":{"rendered":"Des agriculteurs exil\u00e9s se lancent dans le mara\u00eechage pr\u00e8s de Rennes"},"content":{"rendered":"<p> <br \/>\n<br \/><img loading=\"lazy\" decoding=\"async\" src=\"https:\/\/reporterre.net\/local\/cache-vignettes\/L700xH467\/jeannemercier_reportagecollectifmigrantsrennes-25-b1ecf.jpg?1764865893\" class=\"spip_logo\" width=\"700\" height=\"467\" alt=\"\" \/><\/p>\n<p>Une quinzaine de demandeurs d&rsquo;asile, la plupart d\u00e9j\u00e0 agriculteurs, ont mont\u00e9 un collectif pr\u00e8s de Rennes pour cultiver la terre. Leurs r\u00e9coltes sont ensuite donn\u00e9es \u00e0 des associations. \u00ab<small class=\"fine d-inline\">\u00a0<\/small>Je suis bien l\u00e0<small class=\"fine d-inline\">\u00a0<\/small>\u00bb, dit Kassiri, l&rsquo;un d&rsquo;entre eux. <br class=\"autobr\" \/><br \/>\nMelesse (Ille-et-Vilaine), reportage <br class=\"autobr\" \/><br \/>\nLe terrain fait 1\u00a0hectare \u00e0 peine, sur la parcelle d&rsquo;une agricultrice de Melesse, \u00e0 14\u00a0km au nord de Rennes (Ille-et-Vilaine). Eddy Val\u00e8re arrive le premier. Il enfile des bottes et un manteau chaud, puis descend avec\u00a0(\u2026)<\/p>\n<p>                    <a target=\"_blank\" href=\"https:\/\/reporterre.net\/Des-agriculteurs-exiles-se-lancent-dans-le-maraichage-pres-de-Rennes?utm_source=RSS&amp;utm_medium=RSS\">Lire la suite<\/a><\/p>\n<p>                    &#8211;<br \/>\n                        <a target=\"_blank\" href=\"https:\/\/reporterre.net\/Reportage\" rel=\"directory\">Reportage<\/a><\/p>\n<p>                    \/<br \/>\n                        <a target=\"_blank\" href=\"https:\/\/reporterre.net\/Agriculture\" rel=\"tag\">Agriculture<\/a><br \/>\n                    ,<br \/>\n                        <a target=\"_blank\" href=\"https:\/\/reporterre.net\/Social\" rel=\"tag\">Social<\/a><br \/>\n<br \/><br \/>\n<br \/><a href=\"https:\/\/reporterre.net\/Des-agriculteurs-exiles-se-lancent-dans-le-maraichage-pres-de-Rennes\" target=\"_blank\"\">Source link <\/a><\/p>\n","protected":false},"excerpt":{"rendered":"<p>Une quinzaine de demandeurs d&rsquo;asile, la plupart d\u00e9j\u00e0 agriculteurs, ont mont\u00e9 un collectif pr\u00e8s de Rennes pour cultiver la terre. Leurs r\u00e9coltes sont ensuite donn\u00e9es \u00e0 des associations. \u00ab\u00a0Je suis&hellip; <\/p>\n","protected":false},"author":1,"featured_media":0,"comment_status":"open","ping_status":"open","sticky":false,"template":"","format":"standard","meta":{"footnotes":""},"categories":[1],"tags":[],"class_list":["post-20444","post","type-post","status-publish","format-standard","hentry","category-non-classe"],"_links":{"self":[{"href":"https:\/\/monde25.info\/index.php\/wp-json\/wp\/v2\/posts\/20444","targetHints":{"allow":["GET"]}}],"collection":[{"href":"https:\/\/monde25.info\/index.php\/wp-json\/wp\/v2\/posts"}],"about":[{"href":"https:\/\/monde25.info\/index.php\/wp-json\/wp\/v2\/types\/post"}],"author":[{"embeddable":true,"href":"https:\/\/monde25.info\/index.php\/wp-json\/wp\/v2\/users\/1"}],"replies":[{"embeddable":true,"href":"https:\/\/monde25.info\/index.php\/wp-json\/wp\/v2\/comments?post=20444"}],"version-history":[{"count":0,"href":"https:\/\/monde25.info\/index.php\/wp-json\/wp\/v2\/posts\/20444\/revisions"}],"wp:attachment":[{"href":"https:\/\/monde25.info\/index.php\/wp-json\/wp\/v2\/media?parent=20444"}],"wp:term":[{"taxonomy":"category","embeddable":true,"href":"https:\/\/monde25.info\/index.php\/wp-json\/wp\/v2\/categories?post=20444"},{"taxonomy":"post_tag","embeddable":true,"href":"https:\/\/monde25.info\/index.php\/wp-json\/wp\/v2\/tags?post=20444"}],"curies":[{"name":"wp","href":"https:\/\/api.w.org\/{rel}","templated":true}]}}