{"id":20447,"date":"2025-12-04T22:32:39","date_gmt":"2025-12-04T21:32:39","guid":{"rendered":"https:\/\/monde25.info\/index.php\/2025\/12\/04\/le-cercle-de-la-defiance-74-de-defiance-envers-le-gouvernement-64-de-remise-en-cause-de-lobjectivite-des-medias-et-ladhesion-au-complotisme-chez-un-francais-sur-deux\/"},"modified":"2025-12-04T22:32:39","modified_gmt":"2025-12-04T21:32:39","slug":"le-cercle-de-la-defiance-74-de-defiance-envers-le-gouvernement-64-de-remise-en-cause-de-lobjectivite-des-medias-et-ladhesion-au-complotisme-chez-un-francais-sur-deux","status":"publish","type":"post","link":"https:\/\/monde25.info\/index.php\/2025\/12\/04\/le-cercle-de-la-defiance-74-de-defiance-envers-le-gouvernement-64-de-remise-en-cause-de-lobjectivite-des-medias-et-ladhesion-au-complotisme-chez-un-francais-sur-deux\/","title":{"rendered":"Le cercle de la d\u00e9fiance : 74% de d\u00e9fiance envers le gouvernement, 64% de remise en cause de l&rsquo;objectivit\u00e9 des m\u00e9dias, et l&rsquo;adh\u00e9sion au complotisme chez un Fran\u00e7ais sur deux"},"content":{"rendered":"<p> <br \/>\n<\/p>\n<div>\n<p>Une \u00e9tude r\u00e9cente dresse un \u00e9tat des lieux alarmant de la rupture entre les Fran\u00e7ais et leurs institutions\u00a0et pr\u00e9sente\u00a0<strong>\u00ab\u00a0<\/strong><em><strong>un cercle de la d\u00e9fiance: complotisme, m\u00e9dias et confiance : le nouveau paysage fran\u00e7ais<\/strong><\/em><strong>\u00a0\u00bb.<\/strong> Les donn\u00e9es sont issues d&rsquo;un sondage r\u00e9alis\u00e9 par l&rsquo;Institut MIS Group pour France-Soir et BonSens.org. L&rsquo;enqu\u00eate, effectu\u00e9e en ligne \u00a0le 30 novembre 2025, repose sur un \u00e9chantillon de <strong>1200 personnes<\/strong>, repr\u00e9sentatif de la population fran\u00e7aise \u00e2g\u00e9e de 18 ans et plus. La repr\u00e9sentativit\u00e9 a \u00e9t\u00e9 assur\u00e9e par la m\u00e9thode des quotas, prenant en compte le sexe, l&rsquo;\u00e2ge, la cat\u00e9gorie socioprofessionnelle et la r\u00e9gion.<\/p>\n<p><img decoding=\"async\" data-entity-uuid=\"b5fce46d-6817-4eab-84b4-5c8f0595f362\" data-entity-type=\"file\" alt=\"1\" width=\"1834\" height=\"1024\" loading=\"lazy\" class=\"lazyload\" src=\"https:\/\/www.francesoir.fr\/sites\/default\/files\/inline-images\/France%20confiance%20m%C3%A9dias%20complotisme%202025%20%282%29.png\"\/><\/p>\n<h5>\u00a0<\/h5>\n<h5><strong>Une crise de confiance profonde et partag\u00e9e<\/strong><\/h5>\n<p>Les r\u00e9sultats montrent une <strong>crise de confiance institutionnelle profonde<\/strong>. Pr\u00e8s de trois quarts des Fran\u00e7ais n&rsquo;ont plus confiance dans le gouvernement. Sur l&rsquo;affirmation \u00ab\u00a0<em>J&rsquo;ai confiance dans le gouvernement fran\u00e7ais<\/em>\u00ab\u00a0, le <strong>d\u00e9saccord total atteint 74%<\/strong> (avec 45% \u00ab\u00a0Pas du tout d&rsquo;accord\u00a0\u00bb et 29% \u00ab\u00a0Pas d&rsquo;accord\u00a0\u00bb). Seuls 17% des r\u00e9pondants expriment leur accord avec cette affirmation.<\/p>\n<p><img decoding=\"async\" data-entity-uuid=\"dafad978-f705-41e3-b010-4e25b3919138\" data-entity-type=\"file\" alt=\"3\" width=\"1834\" height=\"1024\" loading=\"lazy\" class=\"lazyload\" src=\"https:\/\/www.francesoir.fr\/sites\/default\/files\/inline-images\/FSBS-2025124%20SondageMedia%20%283%29.png\"\/><\/p>\n<p>Cette d\u00e9fiance s&rsquo;\u00e9tend de mani\u00e8re significative \u00e0 l&rsquo;institution judiciaire. Une large majorit\u00e9 de Fran\u00e7ais per\u00e7oit la justice comme \u00e9tant au service du pouvoir politique plut\u00f4t que de la loi. En effet, <strong>59% pensent que la justice n&rsquo;est pas ind\u00e9pendante<\/strong> et est au service du pouvoir, le total d&rsquo;accord \u00e9tant r\u00e9parti entre 28,5% \u00ab\u00a0D&rsquo;accord\u00a0\u00bb et 30,5% \u00ab\u00a0Tout \u00e0 fait d&rsquo;accord\u00a0\u00bb.<\/p>\n<p><img decoding=\"async\" data-entity-uuid=\"9de411e8-6b96-4a4f-b312-30e7fe391e71\" data-entity-type=\"file\" alt=\"4\" width=\"1834\" height=\"1024\" loading=\"lazy\" class=\"lazyload\" src=\"https:\/\/www.francesoir.fr\/sites\/default\/files\/inline-images\/FSBS-2025124%20SondageMedia%20%284%29.png\"\/><\/p>\n<p>\u00a0<\/p>\n<h5><strong>Les m\u00e9dias, \u00e9picentre de la m\u00e9fiance<\/strong><\/h5>\n<p>La perte de confiance dans les institutions s&rsquo;accompagne d&rsquo;une critique acerbe du syst\u00e8me m\u00e9diatique, per\u00e7u comme partial et d\u00e9connect\u00e9 des pr\u00e9occupations citoyennes. Les m\u00e9dias sont d\u00e9crits comme l&rsquo;\u00e9picentre de cette m\u00e9fiance.<\/p>\n<p>Pr\u00e8s d&rsquo;un Fran\u00e7ais sur deux n&rsquo;a pas confiance dans les m\u00e9dias traditionnels. Plus pr\u00e9cis\u00e9ment, <strong>48% des Fran\u00e7ais d\u00e9clarent \u00ab\u00a0ne pas \u00eatre d&rsquo;accord\u00a0\u00bb avec l&rsquo;id\u00e9e d&rsquo;avoir confiance dans les m\u00e9dias traditionnels<\/strong>. De plus, une large majorit\u00e9 est convaincue du manque d&rsquo;impartialit\u00e9 : <strong>64% des Fran\u00e7ais estiment que \u00ab\u00a0le contenu des m\u00e9dias t\u00e9l\u00e9vis\u00e9s <\/strong><em><strong>mainstream<\/strong><\/em><strong> comme TF1, France TV, BFM manque totalement d&rsquo;objectivit\u00e9\u00a0\u00bb<\/strong>.<\/p>\n<p><img decoding=\"async\" data-entity-uuid=\"ac7b850a-bfe5-45d7-b4b5-a8f626eee143\" data-entity-type=\"file\" alt=\"6\" width=\"1834\" height=\"1024\" loading=\"lazy\" class=\"lazyload\" src=\"https:\/\/www.francesoir.fr\/sites\/default\/files\/inline-images\/FSBS-2025124%20SondageMedia%20%286%29.png\"\/><\/p>\n<p>Cette m\u00e9fiance a eu un impact direct sur les habitudes d&rsquo;information. Le rejet des m\u00e9dias traditionnels s&rsquo;accompagne d&rsquo;une migration vers des sources alternatives. <strong>Plus de la moiti\u00e9 des r\u00e9pondants (53%) d\u00e9clarent ne plus lire ou \u00e9couter la presse <\/strong><em><strong>mainstream<\/strong><\/em>. Simultan\u00e9ment, pr\u00e8s de la moiti\u00e9 des r\u00e9pondants, soit <strong>45%, s&rsquo;informent principalement par les m\u00e9dias alternatifs<\/strong>.<\/p>\n<p><img decoding=\"async\" data-entity-uuid=\"5962c516-ae43-4d00-b5c6-f9cf081b2f27\" data-entity-type=\"file\" alt=\"7\" width=\"1834\" height=\"1024\" loading=\"lazy\" class=\"lazyload\" src=\"https:\/\/www.francesoir.fr\/sites\/default\/files\/inline-images\/FSBS-2025124%20SondageMedia%20%287%29.png\"\/><\/p>\n<p>Le financement public des m\u00e9dias est \u00e9galement remis en question. <strong>47% des Fran\u00e7ais (24% \u00ab\u00a0D&rsquo;accord\u00a0\u00bb, 23% \u00ab\u00a0Tout \u00e0 fait d&rsquo;accord\u00a0\u00bb) pensent que \u00ab\u00a0Les aides et subventions aux m\u00e9dias devraient \u00eatre totalement suspendues\u00a0\u00bb<\/strong>. Cette perception d&rsquo;une d\u00e9pendance financi\u00e8re \u00e0 l&rsquo;\u00c9tat est consid\u00e9r\u00e9e comme un facteur cl\u00e9 de suspicion envers l&rsquo;impartialit\u00e9 des m\u00e9dias pour pr\u00e8s d&rsquo;un Fran\u00e7ais sur deux.<\/p>\n<p><img decoding=\"async\" data-entity-uuid=\"ad1017e2-4dff-4b42-9018-d0b679fea8cd\" data-entity-type=\"file\" alt=\"8\" width=\"1834\" height=\"1024\" loading=\"lazy\" class=\"lazyload\" src=\"https:\/\/www.francesoir.fr\/sites\/default\/files\/inline-images\/FSBS-2025124%20SondageMedia%20%288%29.png\"\/><\/p>\n<h5>\u00a0<\/h5>\n<h5><strong>L&rsquo;adh\u00e9sion aux r\u00e9cits complotistes(Slides 9 \u00e0 12)<\/strong><\/h5>\n<p>Dans ce paysage o\u00f9 les sources d&rsquo;autorit\u00e9 traditionnelles sont discr\u00e9dit\u00e9es, un nombre significatif de citoyens se montre r\u00e9ceptif \u00e0 des explications alternatives du monde, souvent qualifi\u00e9es de \u00ab\u00a0th\u00e9ories du complot\u00a0\u00bb. C&rsquo;est <strong>l&rsquo;\u00e9cho du doute<\/strong>.<strong>Un Fran\u00e7ais sur deux se d\u00e9clare perm\u00e9able aux th\u00e9ories du complot<\/strong>. Au total, <strong>51% des Fran\u00e7ais d\u00e9clarent croire \u00ab\u00a0un peu\u00a0\u00bb (41%) ou \u00ab\u00a0tout \u00e0 fait\u00a0\u00bb (10%)<\/strong> aux th\u00e9ories du complot. Ce total \u00ab\u00a0Oui\u00a0\u00bb est l\u00e9g\u00e8rement sup\u00e9rieur au \u00ab\u00a0Non\u00a0\u00bb, marquant une bascule dans l&rsquo;opinion publique.<\/p>\n<p><img decoding=\"async\" data-entity-uuid=\"903240ae-e958-4421-b448-8e652d8b233d\" data-entity-type=\"file\" alt=\"10\" width=\"1834\" height=\"1024\" loading=\"lazy\" class=\"lazyload\" src=\"https:\/\/www.francesoir.fr\/sites\/default\/files\/inline-images\/FSBS-2025124%20SondageMedia%20%2810%29.png\"\/><\/p>\n<p>Le domaine de la sant\u00e9 est un terreau fertile pour le doute. La gestion de la crise sanitaire a laiss\u00e9 des traces profondes. <strong>49% des Fran\u00e7ais sont d&rsquo;accord<\/strong> avec l&rsquo;affirmation selon laquelle \u00ab\u00a0Le minist\u00e8re de la Sant\u00e9 et l&rsquo;industrie pharmaceutique ont cach\u00e9 au grand public la r\u00e9alit\u00e9 sur la nocivit\u00e9 des vaccins\u00a0\u00bb. De m\u00eame, <strong>30% des r\u00e9pondants<\/strong> croient que \u00ab\u00a0Les traitements pr\u00e9coces comme l&rsquo;hydroxychloroquine ont \u00e9t\u00e9 d\u00e9lib\u00e9r\u00e9ment discr\u00e9dit\u00e9s par les autorit\u00e9s sanitaires pour favoriser les vaccins\u00a0\u00bb.<\/p>\n<p><img decoding=\"async\" data-entity-uuid=\"5134d755-7caf-4014-a60b-19c83c86ae57\" data-entity-type=\"file\" alt=\"11\" width=\"1834\" height=\"1024\" loading=\"lazy\" class=\"lazyload\" src=\"https:\/\/www.francesoir.fr\/sites\/default\/files\/inline-images\/FSBS-2025124%20SondageMedia%20%2811%29.png\"\/><\/p>\n<p>Enfin, l&rsquo;\u00e9tude met en \u00e9vidence la conviction d&rsquo;une collusion entre m\u00e9dias et politiques. <strong>41% des Fran\u00e7ais sont d&rsquo;accord<\/strong> pour dire que \u00ab\u00a0Les grands m\u00e9dias et les responsables politiques mentent syst\u00e9matiquement au public pour prot\u00e9ger les int\u00e9r\u00eats des \u00e9lites, et il faut se fier aux sources alternatives sur internet\u00a0\u00bb. Cette croyance agit comme une justification fondamentale du rejet des sources d&rsquo;information traditionnelles et alimente directement le cycle de la d\u00e9fiance.<\/p>\n<p><img decoding=\"async\" data-entity-uuid=\"a9a98418-4e9a-42c3-a6d2-f39b38367c9b\" data-entity-type=\"file\" alt=\"10\" width=\"1834\" height=\"1024\" loading=\"lazy\" class=\"lazyload\" src=\"https:\/\/www.francesoir.fr\/sites\/default\/files\/inline-images\/FSBS-2025124%20SondageMedia%20%2812%29.png\"\/><\/p>\n<h5>\u00a0<\/h5>\n<h5><strong>Le cercle vicieux de la d\u00e9fiance<\/strong><\/h5>\n<p>Le sondage mod\u00e9lise ce ph\u00e9nom\u00e8ne comme un <strong>cercle vicieux de la d\u00e9fiance<\/strong>. La crise de confiance institutionnelle (marqu\u00e9e par <strong>74% de d\u00e9fiance envers le gouvernement<\/strong>) m\u00e8ne au rejet des m\u00e9dias traditionnels (per\u00e7us comme partiaux, avec <strong>64%<\/strong> jugeant leur contenu non-objectif). Cela pousse \u00e0 l&rsquo;adh\u00e9sion aux r\u00e9cits alternatifs (<strong>51%<\/strong> se disent perm\u00e9ables au complotisme), ce qui, \u00e0 son tour, renforce la m\u00e9fiance initiale envers les \u00e9lites.<\/p>\n<p><img decoding=\"async\" data-entity-uuid=\"60d91ef1-2e3b-451c-866d-26dce1e2fa8c\" data-entity-type=\"file\" alt=\"\" width=\"1834\" height=\"1024\" loading=\"lazy\" class=\"lazyload\" src=\"https:\/\/www.francesoir.fr\/sites\/default\/files\/inline-images\/FSBS-2025124%20SondageMedia%20%2813%29.png\"\/><\/p>\n<p>Les chiffres cl\u00e9s \u00e0 retenir sont donc les suivants : <strong>74%<\/strong> des Fran\u00e7ais n&rsquo;ont pas confiance dans le gouvernement, <strong>64%<\/strong> estiment que les m\u00e9dias <em>mainstream<\/em> manquent d&rsquo;objectivit\u00e9, <strong>53%<\/strong> d\u00e9clarent ne plus consommer la presse <em>mainstream<\/em>, et <strong>51%<\/strong> se disent perm\u00e9ables aux th\u00e9ories du complot.<\/p>\n<p><img decoding=\"async\" data-entity-uuid=\"fd29f494-2914-4b76-a5c0-94a32472c76c\" data-entity-type=\"file\" alt=\"14\" width=\"1834\" height=\"1024\" loading=\"lazy\" class=\"lazyload\" src=\"https:\/\/www.francesoir.fr\/sites\/default\/files\/inline-images\/FSBS-2025124%20SondageMedia%20%2814%29.png\"\/><\/p>\n<blockquote>\n<p>En conclusion, la perte de confiance envers l&rsquo;ex\u00e9cutif et la justice n&rsquo;est pas un ph\u00e9nom\u00e8ne marginal, mais une r\u00e9alit\u00e9 partag\u00e9e par une large majorit\u00e9 de Fran\u00e7ais. Les m\u00e9dias traditionnels ont perdu leur r\u00f4le de confiance. Ce vide cr\u00e9\u00e9 par le manque de confiance et d&rsquo;information est un terreau fertile o\u00f9 les r\u00e9cits alternatifs prosp\u00e8rent, avec plus d&rsquo;un Fran\u00e7ais sur deux s&rsquo;y d\u00e9clarant perm\u00e9able.<\/p>\n<\/blockquote>\n<p><img decoding=\"async\" data-entity-uuid=\"5b3c19e0-dd74-4f66-a561-06c5b0af33d3\" data-entity-type=\"file\" alt=\"15\" width=\"1834\" height=\"1024\" loading=\"lazy\" class=\"lazyload\" src=\"https:\/\/www.francesoir.fr\/sites\/default\/files\/inline-images\/FSBS-2025124%20SondageMedia%20%2815%29.png\"\/><\/p>\n<p>Retrouvez la vid\u00e9o r\u00e9sumant cet article sur YouTube :\u00a0<\/p>\n<p><iframe loading=\"lazy\" title=\"le cycle de la d\u00e9fiance : Gouvernement, m\u00e9dias, complotisme... sondage BonSens.org et France-Soir\" width=\"1110\" height=\"624\" src=\"https:\/\/www.youtube.com\/embed\/Z30CQr_MLBE?feature=oembed\" frameborder=\"0\" allow=\"accelerometer; autoplay; clipboard-write; encrypted-media; gyroscope; picture-in-picture; web-share\" referrerpolicy=\"strict-origin-when-cross-origin\" allowfullscreen><\/iframe><\/p>\n<p><img decoding=\"async\" data-entity-uuid=\"552c9e37-9883-4594-b95a-7d4658a84150\" data-entity-type=\"file\" alt=\"2\" width=\"1834\" height=\"1024\" loading=\"lazy\" class=\"lazyload\" src=\"https:\/\/www.francesoir.fr\/sites\/default\/files\/inline-images\/FSBS-2025124%20SondageMedia%20%282%29.png\"\/><\/p>\n<\/div>\n<p><script>(function(d, s, id) {  var js, fjs = d.getElementsByTagName(s)[0];  if (d.getElementById(id)) return;  js = d.createElement(s); js.id = id;  js.src = \"\/\/connect.facebook.net\/fr_FR\/sdk.js#xfbml=1&version=v2.3\";  fjs.parentNode.insertBefore(js, fjs);}(document, \"script\", \"facebook-jssdk\"));<\/script><br \/>\n<br \/><br \/>\n<br \/><a href=\"https:\/\/www.francesoir.fr\/politique-france-societe-science-tech-culture-medias\/le-cercle-de-la-defiance-74-de-defiance-envers\" target=\"_blank\"\">Source link <\/a><\/p>\n","protected":false},"excerpt":{"rendered":"<p>Une \u00e9tude r\u00e9cente dresse un \u00e9tat des lieux alarmant de la rupture entre les Fran\u00e7ais et leurs institutions\u00a0et pr\u00e9sente\u00a0\u00ab\u00a0un cercle de la d\u00e9fiance: complotisme, m\u00e9dias et confiance : le nouveau&hellip; <\/p>\n","protected":false},"author":1,"featured_media":0,"comment_status":"open","ping_status":"open","sticky":false,"template":"","format":"standard","meta":{"footnotes":""},"categories":[1],"tags":[],"class_list":["post-20447","post","type-post","status-publish","format-standard","hentry","category-non-classe"],"_links":{"self":[{"href":"https:\/\/monde25.info\/index.php\/wp-json\/wp\/v2\/posts\/20447","targetHints":{"allow":["GET"]}}],"collection":[{"href":"https:\/\/monde25.info\/index.php\/wp-json\/wp\/v2\/posts"}],"about":[{"href":"https:\/\/monde25.info\/index.php\/wp-json\/wp\/v2\/types\/post"}],"author":[{"embeddable":true,"href":"https:\/\/monde25.info\/index.php\/wp-json\/wp\/v2\/users\/1"}],"replies":[{"embeddable":true,"href":"https:\/\/monde25.info\/index.php\/wp-json\/wp\/v2\/comments?post=20447"}],"version-history":[{"count":0,"href":"https:\/\/monde25.info\/index.php\/wp-json\/wp\/v2\/posts\/20447\/revisions"}],"wp:attachment":[{"href":"https:\/\/monde25.info\/index.php\/wp-json\/wp\/v2\/media?parent=20447"}],"wp:term":[{"taxonomy":"category","embeddable":true,"href":"https:\/\/monde25.info\/index.php\/wp-json\/wp\/v2\/categories?post=20447"},{"taxonomy":"post_tag","embeddable":true,"href":"https:\/\/monde25.info\/index.php\/wp-json\/wp\/v2\/tags?post=20447"}],"curies":[{"name":"wp","href":"https:\/\/api.w.org\/{rel}","templated":true}]}}