{"id":20450,"date":"2025-12-04T23:38:38","date_gmt":"2025-12-04T22:38:38","guid":{"rendered":"https:\/\/monde25.info\/index.php\/2025\/12\/04\/invite-en-chine-macron-ressort-la-carte-ukrainienne-rt-en-francais\/"},"modified":"2025-12-04T23:38:38","modified_gmt":"2025-12-04T22:38:38","slug":"invite-en-chine-macron-ressort-la-carte-ukrainienne-rt-en-francais","status":"publish","type":"post","link":"https:\/\/monde25.info\/index.php\/2025\/12\/04\/invite-en-chine-macron-ressort-la-carte-ukrainienne-rt-en-francais\/","title":{"rendered":"invit\u00e9 en Chine, Macron ressort la carte ukrainienne \u2014 RT en fran\u00e7ais"},"content":{"rendered":"<p> <br \/>\n<br \/><img decoding=\"async\" src=\"https:\/\/mf.b37mrtl.ru\/french\/images\/2025.12\/thumbnail\/6931ea6b6f7ccc556f022657.jpg\" \/><\/p>\n<div>\n<p class=\"text__summary\">\n                                        Emmanuel Macron est arriv\u00e9 en Chine le 3 d\u00e9cembre, pour une visite d\u2019\u00c9tat qui doit durer jusqu\u2019au 5 d\u00e9cembre. Un d\u00e9placement, \u00e0 l\u2019invitation de Xi Jinping, au cours duquel le pr\u00e9sident fran\u00e7ais en a profit\u00e9 pour remettre le couvert sur la crise ukrainienne.\n                                    <\/p>\n<p>Emmanuel Macron a entam\u00e9 une visite d\u2019\u00c9tat en Chine, <a target=\"_blank\" href=\"https:\/\/fr.china-embassy.gov.cn\/fra\/zfzj\/202512\/t20251201_11764178.htm\">\u00e0 l\u2019invitation<\/a> de Xi Jinping. Ce voyage, le quatri\u00e8me du genre pour Macron en Chine, se d\u00e9roule \u00e0 P\u00e9kin puis \u00e0 Chengdu, et s\u2019inscrit dans le sillage de la visite de Xi Jinping en France en 2024 \u00e0 l\u2019occasion du 60\u1d49 anniversaire des relations diplomatiques entre les deux pays. Le pr\u00e9sident fran\u00e7ais et son \u00e9pouse sont venus accompagn\u00e9s de six ministres et de 35 dirigeants d\u2019entreprises parmi lesquels, les patrons d&rsquo;Airbus, de Danone, d&rsquo;EDF, d&rsquo;Orano ou encore de Veolia.<\/p>\n<p>Parmi les objectifs <a target=\"_blank\" href=\"https:\/\/www.elysee.fr\/emmanuel-macron\/2025\/12\/04\/visite-detat-en-republique-populaire-de-chine-premiers-jours-a-pekin\">affich\u00e9s par l\u2019\u00c9lys\u00e9e<\/a>, celui \u00ab d&rsquo;approfondir la relation franco-chinoise en mati\u00e8re \u00e9conomique, commerciale, culturelle et \u00e9ducative \u00bb \u00e0 l\u2019heure o\u00f9 le d\u00e9ficit commercial entre la France et la Chine atteint des records \u2013 47 milliards d\u2019euros en 2024 contre 21 milliards en 2013.\u00a0Figurait \u00e9galement au menu\u00a0la volont\u00e9 de \u00ab\u00a0r\u00e9affirmer le r\u00f4le de l&rsquo;Europe dans un contexte g\u00e9opolitique et \u00e9conomique tr\u00e8s volatile\u00a0\u00bb.<\/p>\n<p>\u00ab\u00a0Je vous propose un triple agenda positif pour nos relations\u00a0: celui de stabilit\u00e9 g\u00e9opolitique, de r\u00e9\u00e9quilibrage \u00e9conomique et de soutenabilit\u00e9 environnementale\u00a0\u00bb, a notamment d\u00e9clar\u00e9 le pr\u00e9sident fran\u00e7ais apr\u00e8s un entretien restreint, avant d\u2019\u00e9voquer la n\u00e9cessit\u00e9 \u00e0 ses yeux de \u00ab\u00a0nous mobiliser en faveur de la paix et de la stabilit\u00e9 dans le monde et de l\u2019Ukraine\u00a0\u00bb.<\/p>\n<h3>Les relations franco-chinoises \u00ab\u00a0rel\u00e9gu\u00e9es au second plan\u00a0\u00bb\u00a0?<\/h3>\n<p>\u00ab\u00a0Nous avons une attente constante \u00e0 l&rsquo;\u00e9gard de la Chine. C&rsquo;est qu&rsquo;elle use de son influence aupr\u00e8s de la Russie pour l&rsquo;amener \u00e0 cesser la guerre\u00a0\u00bb en Ukraine, a de son c\u00f4t\u00e9 d\u00e9clar\u00e9 l&rsquo;\u00c9lys\u00e9e, cit\u00e9e par une presse fran\u00e7aise aux aguets sur cette th\u00e9matique. Lors de son pr\u00e9c\u00e9dent voyage \u00e0 P\u00e9kin en 2023, en compagnie de la pr\u00e9sidente de la Commission europ\u00e9enne Ursula von der Leyen, Emmanuel Macron avait enjoint Xi Jinping \u00e0 \u00ab\u00a0ramener la Russie \u00e0 la raison\u00a0\u00bb.<\/p>\n<p>L\u2019Ukraine a ainsi figur\u00e9 au menu des \u00e9changes entre les deux dirigeants et, lors d\u2019une conf\u00e9rence de presse conjointe, Emmanuel Macron a notamment plaid\u00e9 en faveur d\u2019un moratoire sur les frappes russes sur les infrastructures critiques ukrainiennes.<\/p>\n<p>Alors que les pourparlers sous l\u2019\u00e9gide de Washington, autour d\u2019un plan de paix, se poursuivent \u00ab\u00a0Emmanuel Macron comptait profiter de sa visite d&rsquo;\u00c9tat en Chine pour refaire passer ce message, quitte \u00e0 rel\u00e9guer au second plan les sujets strictement bilat\u00e9raux entre la France et la Chine\u00a0\u00bb, a notamment analys\u00e9 <em>Les \u00c9chos<\/em>.<\/p>\n<p>\u00ab\u00a0Nous nous opposons \u00e0 toutes les accusations irresponsables et accusatoires \u00bb, a s\u00e8chement d\u00e9clar\u00e9 Xi Jinping lors d\u2019une allocution \u00e0 la presse, la Chine \u00e9tant r\u00e9guli\u00e8rement accus\u00e9e par les alli\u00e9s de Kiev de soutenir la Russie. Quant aux relations bilat\u00e9rales, le pr\u00e9sident chinois a assur\u00e9 que son pays entendait coop\u00e9rer avec la France pour \u00ab \u00e9carter toute interf\u00e9rence\u00a0\u00bb et \u00ab\u00a0rendre le partenariat strat\u00e9gique g\u00e9n\u00e9ral entre la Chine et la France plus stable\u00a0\u00bb.<\/p>\n<\/div>\n<p><br \/>\n<br \/><a href=\"https:\/\/francais.rt.com\/international\/128040-visite-etat-chine-macron-ukraine\" target=\"_blank\"\">Source link <\/a><\/p>\n","protected":false},"excerpt":{"rendered":"<p>Emmanuel Macron est arriv\u00e9 en Chine le 3 d\u00e9cembre, pour une visite d\u2019\u00c9tat qui doit durer jusqu\u2019au 5 d\u00e9cembre. Un d\u00e9placement, \u00e0 l\u2019invitation de Xi Jinping, au cours duquel le&hellip; <\/p>\n","protected":false},"author":1,"featured_media":20451,"comment_status":"open","ping_status":"open","sticky":false,"template":"","format":"standard","meta":{"footnotes":""},"categories":[1],"tags":[],"class_list":["post-20450","post","type-post","status-publish","format-standard","has-post-thumbnail","hentry","category-non-classe"],"_links":{"self":[{"href":"https:\/\/monde25.info\/index.php\/wp-json\/wp\/v2\/posts\/20450","targetHints":{"allow":["GET"]}}],"collection":[{"href":"https:\/\/monde25.info\/index.php\/wp-json\/wp\/v2\/posts"}],"about":[{"href":"https:\/\/monde25.info\/index.php\/wp-json\/wp\/v2\/types\/post"}],"author":[{"embeddable":true,"href":"https:\/\/monde25.info\/index.php\/wp-json\/wp\/v2\/users\/1"}],"replies":[{"embeddable":true,"href":"https:\/\/monde25.info\/index.php\/wp-json\/wp\/v2\/comments?post=20450"}],"version-history":[{"count":0,"href":"https:\/\/monde25.info\/index.php\/wp-json\/wp\/v2\/posts\/20450\/revisions"}],"wp:featuredmedia":[{"embeddable":true,"href":"https:\/\/monde25.info\/index.php\/wp-json\/wp\/v2\/media\/20451"}],"wp:attachment":[{"href":"https:\/\/monde25.info\/index.php\/wp-json\/wp\/v2\/media?parent=20450"}],"wp:term":[{"taxonomy":"category","embeddable":true,"href":"https:\/\/monde25.info\/index.php\/wp-json\/wp\/v2\/categories?post=20450"},{"taxonomy":"post_tag","embeddable":true,"href":"https:\/\/monde25.info\/index.php\/wp-json\/wp\/v2\/tags?post=20450"}],"curies":[{"name":"wp","href":"https:\/\/api.w.org\/{rel}","templated":true}]}}