{"id":20488,"date":"2025-12-05T19:01:38","date_gmt":"2025-12-05T18:01:38","guid":{"rendered":"https:\/\/monde25.info\/index.php\/2025\/12\/05\/france-soir-lhebdo-29-11-au-5-12-2025-la-fracture-sagrandit-entre-le-discours-officiel-et-la-realite-des-faits\/"},"modified":"2025-12-05T19:01:38","modified_gmt":"2025-12-05T18:01:38","slug":"france-soir-lhebdo-29-11-au-5-12-2025-la-fracture-sagrandit-entre-le-discours-officiel-et-la-realite-des-faits","status":"publish","type":"post","link":"https:\/\/monde25.info\/index.php\/2025\/12\/05\/france-soir-lhebdo-29-11-au-5-12-2025-la-fracture-sagrandit-entre-le-discours-officiel-et-la-realite-des-faits\/","title":{"rendered":"France-Soir l\u2019Hebdo 29.11 au 5.12.2025 : la fracture s\u2019agrandit entre le discours officiel et la r\u00e9alit\u00e9 des faits"},"content":{"rendered":"<p> <br \/>\n<\/p>\n<div>\n<p>Retrouvez France-Soir l\u2019Hebdo\u00a0<a target=\"_blank\" href=\"https:\/\/drive.google.com\/file\/d\/1BgBKaX58ArlBEBe2N7MagSJ8iZ0wK2Td\/view?usp=sharing\" data-extlink=\"\">en format pdf<\/a>\u00a0et\u00a0<a target=\"_blank\" href=\"https:\/\/youtu.be\/vCgyHRVwM-s\" data-extlink=\"\">vid\u00e9o<\/a>, amen\u00e9 par Pardi, la mascotte. Pour ne rien manquer de l&rsquo;info de la semaine.\u00a0<\/p>\n<blockquote>\n<p>Le num\u00e9ro de <em>France-Soir l&rsquo;Hebdo<\/em> couvrant la p\u00e9riode du 29 novembre au 5 d\u00e9cembre 2025, intitul\u00e9 <strong>\u00ab LA FRACTURE \u00bb<\/strong>, illustre une semaine marqu\u00e9e par des r\u00e9v\u00e9lations majeures, une d\u00e9fiance citoyenne accrue et des tentatives de contr\u00f4le de l\u2019information par le pouvoir.<\/p>\n<\/blockquote>\n<p>Le tournant majeur de la semaine provient des \u00c9tats-Unis, o\u00f9 la FDA (Food and Drug Administration) a proc\u00e9d\u00e9 \u00e0 une <strong>\u00ab r\u00e9v\u00e9lation explosive \u00bb<\/strong>. Dans un m\u00e9mo dat\u00e9 du 29 novembre 2025, le Dr. Vinay Prasad, directeur du CBER, a officiellement reconnu qu&rsquo;au moins <strong>10 enfants am\u00e9ricains sont d\u00e9c\u00e9d\u00e9s<\/strong> des suites de la vaccination COVID-19 (myocardite). Le Dr. Prasad a qualifi\u00e9 ce chiffre de <strong>\u00ab sous-estimation certaine \u00bb<\/strong> et a vivement critiqu\u00e9 l&rsquo;\u00ab abdication de devoir \u00bb des agences sanitaires pour avoir ignor\u00e9 les signaux de s\u00e9curit\u00e9 depuis 2021. Cette reconnaissance, faisant suite \u00e0 des r\u00e9formes, met fin \u00e0 la recommandation universelle du vaccin et exige d\u00e9sormais des essais randomis\u00e9s contr\u00f4l\u00e9s pour prouver l&rsquo;efficacit\u00e9 clinique.<\/p>\n<p>Cette v\u00e9rit\u00e9 officielle a trouv\u00e9 un \u00e9cho puissant en France, o\u00f9 la confiance dans la politique vaccinale est au plus bas. Un sondage exclusif indique que <strong>81 % des Fran\u00e7ais rejettent la nouvelle campagne de vaccination Covid<\/strong>, et qu&rsquo;un niveau record de <strong>59 %<\/strong> sont d\u00e9favorables \u00e0 \u00ab certaines \u00bb vaccinations. Pr\u00e8s de la moiti\u00e9 des Fran\u00e7ais (<strong>47 %<\/strong>) estiment avoir perdu confiance dans la vaccination en raison des <strong>\u00ab mensonges du gouvernement \u00bb<\/strong>. De plus, <strong>56 %<\/strong> jugent que les m\u00e9dias ont mal inform\u00e9 sur les risques vaccinaux, tandis que <strong>49 %<\/strong> pensent que le minist\u00e8re de la Sant\u00e9 et l&rsquo;industrie pharmaceutique <strong>\u00ab ont cach\u00e9 la r\u00e9alit\u00e9 sur la nocivit\u00e9 des vaccins \u00bb<\/strong>. L\u2019hebdomadaire souligne \u00e9galement que <strong>37 % des personnes vaccin\u00e9es<\/strong> d\u00e9clarent avoir subi des effets ind\u00e9sirables, dont <strong>9 % de \u00ab majeurs \u00bb<\/strong>.<\/p>\n<p>Face \u00e0 cette d\u00e9fiance g\u00e9n\u00e9ralis\u00e9e, le pouvoir aurait r\u00e9agi en d\u00e9clarant une <strong>\u00ab guerre num\u00e9rique \u00bb<\/strong> \u00e0 ses critiques le 1er d\u00e9cembre, selon l\u2019analyse de <em>France-Soir<\/em>. Cette d\u00e9marche est d\u00e9crite comme une <strong>\u00ab inversion accusatoire \u00bb<\/strong> visant \u00e0 se poser en victime de la d\u00e9sinformation afin de justifier l&rsquo;\u00e9tablissement d&rsquo;un potentiel <strong>\u00ab label de v\u00e9rit\u00e9 \u00bb<\/strong> officiel. Le journal d\u00e9nonce par ailleurs la <strong>\u00ab m\u00e9canique de la censure invisible \u00bb<\/strong>, citant l&rsquo;exemple de la d\u00e9sindexation de 55 000 de ses propres articles par Google en f\u00e9vrier 2021. En tribune, Arthur Leroux estime que la lutte contre la \u00ab d\u00e9sinformation \u00bb repr\u00e9sente la <strong>\u00ab plus grave menace qui p\u00e8se sur la libert\u00e9 de penser \u00bb<\/strong> depuis la fin du XXe si\u00e8cle. Enfin, une analyse politique critique compare le pouvoir macronien \u00e0 la <strong>\u00ab R\u00e9publique des Mignons \u00bb<\/strong>, un sch\u00e9ma historique o\u00f9 la <strong>\u00ab loyaut\u00e9 absolue \u00bb remplace la comp\u00e9tence<\/strong>, menant \u00e0 une <strong>\u00ab d\u00e9connexion avec le pays r\u00e9el \u00bb<\/strong>. L&rsquo;\u00e9ditorial conclut que, dans ce contexte, la mission d&rsquo;une presse libre et financ\u00e9e par ses lecteurs est <strong>vitale<\/strong>.<\/p>\n<p><iframe loading=\"lazy\" title=\"LA FRACTURE - VIDEO r\u00e9sum\u00e9 de France Soir l&#039;Hebdo - 29 novembre au 5 d\u00e9cembre 2025\" width=\"1110\" height=\"624\" src=\"https:\/\/www.youtube.com\/embed\/vCgyHRVwM-s?feature=oembed\" frameborder=\"0\" allow=\"accelerometer; autoplay; clipboard-write; encrypted-media; gyroscope; picture-in-picture; web-share\" referrerpolicy=\"strict-origin-when-cross-origin\" allowfullscreen><\/iframe><\/p>\n<p>\u00a0<\/p>\n<\/div>\n<p><script>(function(d, s, id) {  var js, fjs = d.getElementsByTagName(s)[0];  if (d.getElementById(id)) return;  js = d.createElement(s); js.id = id;  js.src = \"\/\/connect.facebook.net\/fr_FR\/sdk.js#xfbml=1&version=v2.3\";  fjs.parentNode.insertBefore(js, fjs);}(document, \"script\", \"facebook-jssdk\"));<\/script><br \/>\n<br \/><br \/>\n<br \/><a href=\"https:\/\/www.francesoir.fr\/opinions-tribunes\/france-soir-l-hebdo-2911-au-5122025-la-fracture-s-agrandit-entre-le-discours\" target=\"_blank\"\">Source link <\/a><\/p>\n","protected":false},"excerpt":{"rendered":"<p>Retrouvez France-Soir l\u2019Hebdo\u00a0en format pdf\u00a0et\u00a0vid\u00e9o, amen\u00e9 par Pardi, la mascotte. Pour ne rien manquer de l&rsquo;info de la semaine.\u00a0 Le num\u00e9ro de France-Soir l&rsquo;Hebdo couvrant la p\u00e9riode du 29 novembre&hellip; <\/p>\n","protected":false},"author":1,"featured_media":0,"comment_status":"open","ping_status":"open","sticky":false,"template":"","format":"standard","meta":{"footnotes":""},"categories":[1],"tags":[],"class_list":["post-20488","post","type-post","status-publish","format-standard","hentry","category-non-classe"],"_links":{"self":[{"href":"https:\/\/monde25.info\/index.php\/wp-json\/wp\/v2\/posts\/20488","targetHints":{"allow":["GET"]}}],"collection":[{"href":"https:\/\/monde25.info\/index.php\/wp-json\/wp\/v2\/posts"}],"about":[{"href":"https:\/\/monde25.info\/index.php\/wp-json\/wp\/v2\/types\/post"}],"author":[{"embeddable":true,"href":"https:\/\/monde25.info\/index.php\/wp-json\/wp\/v2\/users\/1"}],"replies":[{"embeddable":true,"href":"https:\/\/monde25.info\/index.php\/wp-json\/wp\/v2\/comments?post=20488"}],"version-history":[{"count":0,"href":"https:\/\/monde25.info\/index.php\/wp-json\/wp\/v2\/posts\/20488\/revisions"}],"wp:attachment":[{"href":"https:\/\/monde25.info\/index.php\/wp-json\/wp\/v2\/media?parent=20488"}],"wp:term":[{"taxonomy":"category","embeddable":true,"href":"https:\/\/monde25.info\/index.php\/wp-json\/wp\/v2\/categories?post=20488"},{"taxonomy":"post_tag","embeddable":true,"href":"https:\/\/monde25.info\/index.php\/wp-json\/wp\/v2\/tags?post=20488"}],"curies":[{"name":"wp","href":"https:\/\/api.w.org\/{rel}","templated":true}]}}