{"id":20494,"date":"2025-12-05T22:52:37","date_gmt":"2025-12-05T21:52:37","guid":{"rendered":"https:\/\/monde25.info\/index.php\/2025\/12\/05\/la-biodiversite-mondiale-en-etat-dalerte\/"},"modified":"2025-12-05T22:52:37","modified_gmt":"2025-12-05T21:52:37","slug":"la-biodiversite-mondiale-en-etat-dalerte","status":"publish","type":"post","link":"https:\/\/monde25.info\/index.php\/2025\/12\/05\/la-biodiversite-mondiale-en-etat-dalerte\/","title":{"rendered":"la biodiversit\u00e9 mondiale en \u00e9tat d\u2019alerte"},"content":{"rendered":"<p> <br \/>\n<\/p>\n<div>\n<h4 class=\"p1\"><b>\u00c0 l\u2019occasion de la COP16 sur la biodiversit\u00e9, <a target=\"_blank\" href=\"https:\/\/uicn.fr\/plus-dune-espece-darbre-sur-trois-dans-le-monde-est-menacee-dextinction-liste-rouge-de-luicn%EF%BF%BC\/\" target=\"_blank\" rel=\"noopener\">l\u2019Union internationale pour la conservation de la nature (UICN) a pr\u00e9sent\u00e9 la mise \u00e0 jour de sa Liste rouge mondiale des esp\u00e8ces v\u00e9g\u00e9tales et animales menac\u00e9es d\u2019extinction<\/a>. Parmi les donn\u00e9es observ\u00e9es : l\u2019\u00e9tat de conservation du h\u00e9risson d\u2019Europe s\u2019est consid\u00e9rablement d\u00e9t\u00e9rior\u00e9e et pr\u00e8s de 40% des arbres \u00e0 travers le monde sont menac\u00e9s d\u2019extinction. Une \u00e9valuation qui appelle \u00e0 l\u2019action.<\/b><\/h4>\n<p class=\"p1\">Les chiffres sont alarmants : sur les 166 061 esp\u00e8ces \u00e9tudi\u00e9es, 46 337 sont class\u00e9es menac\u00e9es par la <a target=\"_blank\" href=\"https:\/\/uicn.fr\/liste-rouge-mondiale\/?mc_cid=23b5c8b62e\" target=\"_blank\" rel=\"noopener\">Liste rouge de l\u2019Union internationale pour la conservation de la nature (UICN)<\/a>, r\u00e9cemment mise \u00e0 jour \u00e0 l\u2019occasion de la COP16 sur la biodiversit\u00e9 tenue \u00e0 Cali (Colombie) en novembre. <strong>Parmi ces esp\u00e8ces, 41% des amphibiens, 34% des arbres, 12% des oiseaux et 26% des mammif\u00e8res sont menac\u00e9s d\u2019extinction au niveau mondial.<\/strong> \u00ab\u00a0<i>C\u2019est \u00e9galement le cas pour 37% des requins et raies, 44% des coraux constructeurs de r\u00e9cifs et 34% des conif\u00e8res\u00a0<\/i>\u00bb, compl\u00e8tent les auteur\u00b7ices du rapport.<\/p>\n<figure id=\"attachment_688955\" aria-describedby=\"caption-attachment-688955\" style=\"width: 1024px\" class=\"wp-caption alignnone\"><img fetchpriority=\"high\" decoding=\"async\" class=\"size-medium wp-image-688955\" src=\"https:\/\/mrmondialisation.org\/wp-content\/uploads\/2024\/11\/treetops-2991743-1280-1024x682.jpg\" alt=\"\" width=\"1024\" height=\"682\" srcset=\"https:\/\/mrmondialisation.org\/wp-content\/uploads\/2024\/11\/treetops-2991743-1280-1024x682.jpg 1024w, https:\/\/mrmondialisation.org\/wp-content\/uploads\/2024\/11\/treetops-2991743-1280-768x512.jpg 768w, https:\/\/mrmondialisation.org\/wp-content\/uploads\/2024\/11\/treetops-2991743-1280-696x464.jpg 696w, https:\/\/mrmondialisation.org\/wp-content\/uploads\/2024\/11\/treetops-2991743-1280-1068x712.jpg 1068w, https:\/\/mrmondialisation.org\/wp-content\/uploads\/2024\/11\/treetops-2991743-1280-630x420.jpg 630w, https:\/\/mrmondialisation.org\/wp-content\/uploads\/2024\/11\/treetops-2991743-1280.jpg 1280w\" sizes=\"(max-width: 1024px) 100vw, 1024px\"\/><figcaption id=\"caption-attachment-688955\" class=\"wp-caption-text\">Pour la premi\u00e8re fois, l\u2019UICN pr\u00e9sente une image globale de l\u2019\u00e9tat de conservation des arbres \u00e0 travers la plan\u00e8te. \u2013 Cr\u00e9dits : Pixabay<\/figcaption><\/figure>\n<h2 class=\"p1\"><b>Un quart des arbres de la plan\u00e8te en danger<\/b><\/h2>\n<p class=\"p1\"><strong><a target=\"_blank\" href=\"https:\/\/uicn.fr\/liste-rouge-france\/\" target=\"_blank\" rel=\"noopener\">La France figure parmi les 10 pays h\u00e9bergeant le plus grand nombre d\u2019esp\u00e8ces menac\u00e9es<\/a> :<\/strong> au total, 2 434 esp\u00e8ces menac\u00e9es au niveau mondial sont pr\u00e9sentes sur son territoire, en m\u00e9tropole et en outre-mer. <strong>La Liste rouge de l\u2019organisation est un indicateur privil\u00e9gi\u00e9 pour suivre l\u2019\u00e9tat de la biodiversit\u00e9 dans le monde.<\/strong><\/p>\n<p>\u00ab\u00a0<i>Sur la base d\u2019une information pr\u00e9cise sur les esp\u00e8ces menac\u00e9es, son but essentiel est d\u2019identifier les <strong>priorit\u00e9s d\u2019action,<\/strong> de <strong>mobiliser l\u2019attention du public et des responsables politiques sur l\u2019urgence<\/strong> et l\u2019\u00e9tendue des probl\u00e8mes de conservation, et d\u2019<strong>inciter tous les acteur\u00b7rices \u00e0 agir<\/strong> en vue de limiter le taux d\u2019extinction des esp\u00e8ces <\/i>\u00bb, explique l\u2019organisation.<\/p>\n<p class=\"p1\"><strong>Pour la premi\u00e8re fois, la majorit\u00e9 des arbres du monde ont \u00e9t\u00e9 ajout\u00e9s \u00e0 la Liste rouge de l\u2019UICN, r\u00e9v\u00e9lant qu\u2019au moins 16\u00a0425 des 47\u00a0282 esp\u00e8ces \u00e9valu\u00e9es sont en danger d\u2019extinction.<\/strong> \u00ab\u00a0<i>Les arbres repr\u00e9sentent d\u00e9sormais plus d\u2019un quart des esp\u00e8ces pr\u00e9sentes sur la Liste rouge de l\u2019UICN, et <strong>le nombre d\u2019arbres menac\u00e9s est plus de deux fois sup\u00e9rieur <\/strong>au nombre total d\u2019oiseaux, de mammif\u00e8res, de reptiles et d\u2019amphibiens menac\u00e9s combin\u00e9s. <strong>Des esp\u00e8ces d\u2019arbres sont menac\u00e9es d\u2019extinction dans 192 pays \u00e0 travers le monde<\/strong><\/i><strong>\u00a0\u00bb.<\/strong><\/p>\n<h2 class=\"p1\"><b>Les arbres : piliers fragiles de nos \u00e9cosyst\u00e8mes<\/b><\/h2>\n<p class=\"p1\">En premi\u00e8re ligne, <strong>ce sont les esp\u00e8ces insulaires qui se trouvent le plus en danger.<\/strong> Les auteur\u00b7ices du rapport pointent notamment <strong>les effets d\u00e9vastateurs de la d\u00e9forestation au profit du d\u00e9veloppement urbain et de l\u2019agriculture,<\/strong> mais aussi l\u2019impact des esp\u00e8ces envahissantes, des ravageurs et des maladies. En outre, \u00ab\u00a0<i>les changements climatiques menacent de plus en plus les arbres, <strong>en particulier sous les tropiques,<\/strong> en raison de l\u2019\u00e9l\u00e9vation du niveau des mers et des temp\u00eates plus fortes et plus fr\u00e9quentes<\/i>\u00a0\u00bb.<\/p>\n<blockquote>\n<p class=\"p1\"><strong>\u00ab\u00a0<i>En tant que composante d\u00e9terminante de nombreux \u00e9cosyst\u00e8mes, les arbres sont fondamentaux \u00e0 toute vie sur Terre en raison de leur r\u00f4le dans les cycles du carbone, de l\u2019eau et des nutriments, la formation des sols et la r\u00e9gulation du climat<\/i> \u00bb<\/strong><\/p>\n<\/blockquote>\n<p class=\"p1\">La perte de ces esp\u00e8ces foresti\u00e8res constitue une menace majeure pour des milliers d\u2019autres plantes, champignons et animaux. \u00ab\u00a0<i>En tant que composante d\u00e9terminante de nombreux \u00e9cosyst\u00e8mes, <strong>les arbres sont fondamentaux \u00e0 toute vie sur Terre en raison de leur r\u00f4le dans les cycles du carbone, de l\u2019eau et des nutriments, la formation des sols et la r\u00e9gulation du climat<\/strong><\/i><strong>\u00a0\u00bb.<\/strong><\/p>\n<p><a target=\"_blank\" href=\"https:\/\/mrmondialisation.org\/ces-pays-riches-qui-detruisent-la-biodiversite-des-pays-du-sud\/\" target=\"_blank\" rel=\"noopener\">De nombreuses communaut\u00e9s rurales et autochtones d\u00e9pendent \u00e9galement des arbres,<\/a> \u00ab\u00a0<i>plus de 5\u00a0000 esp\u00e8ces sur la Liste rouge de l\u2019UICN \u00e9tant utilis\u00e9es comme <strong>source de bois pour la construction,<\/strong> et plus de 2\u00a0000 comme <strong>source de m\u00e9dicaments, de nourriture et de combustibles\u00a0<\/strong><\/i><strong>\u00bb.<\/strong><\/p>\n<p class=\"p1\">Pour contrer cette tendance, plusieurs initiatives de protection et la restauration des habitats voient le jour, comme les <strong>banques de semences et la collection d\u2019esp\u00e8ces dans les jardins botaniques.<\/strong> \u00ab\u00a0<i>En Colombie, les \u00e9valuations de la Liste rouge ont guid\u00e9 la planification nationale des actions de conservation. <strong>Sept esp\u00e8ces de Magnolia consid\u00e9r\u00e9es <\/strong><\/i><strong>\u00ab En danger \u00bb et \u00ab En danger critique \u00bb<i> ont \u00e9t\u00e9 utilis\u00e9es pour la d\u00e9signation de cinq nouvelles <\/i>\u00ab Zones cl\u00e9s pour la biodiversit\u00e9 \u00bb<i>, qui seront utilis\u00e9es par les gouvernements locaux et nationaux pour \u00e9clairer la planification spatiale<\/i>\u00a0\u00bb,<\/strong> f\u00e9licite le rapport.<\/p>\n<h2 class=\"p1\"><b>Le h\u00e9risson d\u2019Europe : une ic\u00f4ne en sursis<\/b><\/h2>\n<p class=\"p1\">En Europe, c\u2019est un symbole de vuln\u00e9rabilit\u00e9 et de r\u00e9silience qui se voit menac\u00e9. <strong>Le\u00a0h\u00e9risson d\u2019Europe\u00a0(<i>Erinaceus europaeus<\/i>) est en effet pass\u00e9 de la cat\u00e9gorie\u00a0\u00ab\u00a0Pr\u00e9occupation mineure\u00a0\u00bb \u00e0 \u00ab\u00a0Quasi menac\u00e9\u00a0\u00bb\u00a0sur la Liste rouge.<\/strong> \u00ab\u00a0<i>On estime que les effectifs de l\u2019esp\u00e8ce ont diminu\u00e9 dans plus de la moiti\u00e9 des pays o\u00f9 elle est pr\u00e9sente, y compris au Royaume-Uni, en Norv\u00e8ge, en Su\u00e8de, au Danemark, en Belgique, aux Pays-Bas, en Allemagne et en Autriche<\/i> \u00bb, expliquent les chercheur\u00b7euses.<\/p>\n<p>Les \u00e9tudes locales ont notamment signal\u00e9<strong> une nette diminution des effectifs en Bavi\u00e8re (Allemagne) et en Flandre (Belgique), atteignant parfois les 50%. En France, les populations ont diminu\u00e9 d\u2019environ 16 \u00e0 33% <\/strong>au cours des dix derni\u00e8res ann\u00e9es.<\/p>\n<figure id=\"attachment_688956\" aria-describedby=\"caption-attachment-688956\" style=\"width: 1024px\" class=\"wp-caption alignnone\"><img loading=\"lazy\" decoding=\"async\" class=\"size-medium wp-image-688956\" src=\"https:\/\/mrmondialisation.org\/wp-content\/uploads\/2024\/11\/hedgehog-child-1696328-1280-1024x682.jpg\" alt=\"\" width=\"1024\" height=\"682\" srcset=\"https:\/\/mrmondialisation.org\/wp-content\/uploads\/2024\/11\/hedgehog-child-1696328-1280-1024x682.jpg 1024w, https:\/\/mrmondialisation.org\/wp-content\/uploads\/2024\/11\/hedgehog-child-1696328-1280-768x512.jpg 768w, https:\/\/mrmondialisation.org\/wp-content\/uploads\/2024\/11\/hedgehog-child-1696328-1280-696x464.jpg 696w, https:\/\/mrmondialisation.org\/wp-content\/uploads\/2024\/11\/hedgehog-child-1696328-1280-1068x712.jpg 1068w, https:\/\/mrmondialisation.org\/wp-content\/uploads\/2024\/11\/hedgehog-child-1696328-1280-630x420.jpg 630w, https:\/\/mrmondialisation.org\/wp-content\/uploads\/2024\/11\/hedgehog-child-1696328-1280.jpg 1280w\" sizes=\"auto, (max-width: 1024px) 100vw, 1024px\"\/><figcaption id=\"caption-attachment-688956\" class=\"wp-caption-text\">L\u2019\u00e9valuation de la Liste rouge r\u00e9v\u00e8le \u00e9galement des lacunes dans les connaissances, par exemple en ce qui concerne les limites de la r\u00e9partition de l\u2019esp\u00e8ce de h\u00e9risson. Un suivi accru dans toute l\u2019Europe sera essentiel pour en savoir plus sur les populations moins \u00e9tudi\u00e9es. \u2013 Cr\u00e9dits : Pixabay<\/figcaption><\/figure>\n<p class=\"p1\">Le petit mammif\u00e8re \u00e9pineux est principalement menac\u00e9 par la <strong>pression humaine croissante qui conduit \u00e0 la destruction de son habitats ou de ses ressources vitales.<\/strong> <a target=\"_blank\" href=\"https:\/\/fne.asso.fr\/dossiers\/artificialisation-des-terres-enjeux-et-solutions\" target=\"_blank\" rel=\"noopener\">La d\u00e9gradation des habitats ruraux par l\u2019intensification agricole et l\u2019utilisation massive des pesticides, le d\u00e9veloppement urbain et la construction de nouvelles routes<\/a> sont principalement point\u00e9s du doigts comme causes d\u2019extinction du h\u00e9risson.<\/p>\n<div class=\"td-a-rec td-a-rec-id-content_inline  tdi_1 td_block_template_1\">\n<center><a target=\"_blank\" href=\"https:\/\/fr.tipeee.com\/mr-mondialisation\" class=\"tipeee-project-small\">Je m&rsquo;abonne \u00e0 Mr Mondialisation<\/a>&#13;<br \/>\n<\/center>&amp;nbsp<\/div>\n<h2 class=\"p1\"><b>Prot\u00e9ger la biodiversit\u00e9 : repenser nos pratiques<\/b><\/h2>\n<p class=\"p1\">Pour Chris Carbone, professeur de <a target=\"_blank\" href=\"https:\/\/www.bonobosworld.org\/fr\/glossaire\/macroecologie\" target=\"_blank\" rel=\"noopener\">macro\u00e9cologie<\/a> et de conservation \u00e0 l\u2019Institut de zoologie de ZSL, <strong>\u00ab\u00a0<\/strong><i>des <a target=\"_blank\" href=\"https:\/\/mrmondialisation.org\/biodiversite-etude-diversite-genetique\/\" target=\"_blank\" rel=\"noopener\">strat\u00e9gies de conservation<\/a> visant \u00e0 <strong>att\u00e9nuer la perte et la fragmentation des habitats<\/strong> ainsi que l\u2019intensification agricole ralentiront le d\u00e9clin de l\u2019esp\u00e8ce. <\/i><strong><i>En cr\u00e9ant des corridors d\u2019habitats, en r\u00e9duisant l\u2019utilisation de pesticides et en promouvant des environnements favorables aux h\u00e9rissons, nous pourrons leur fournir une protection \u00e0 long terme <\/i>\u00bb.<\/strong><\/p>\n<p class=\"p1\">Pour l\u2019heure, <strong>les scientifiques appellent \u00e9galement les particuliers \u00e0 adopter des pratiques de jardinage b\u00e9n\u00e9fiques pour la faune locale,<\/strong> en \u00e9vitant l\u2019usage de pesticides et en <strong>favorisant la pousse naturelle des herbes et v\u00e9g\u00e9taux,<\/strong> ou encore en <strong>cr\u00e9ant des passages dans les cl\u00f4tures<\/strong> pour permettre aux petits mammif\u00e8res un d\u00e9placement plus s\u00fbr.<\/p>\n<blockquote>\n<p class=\"p1\"><strong>\u00ab <i>face \u00e0 un si grand nombre d\u2019esp\u00e8ces d\u2019arbres menac\u00e9es, la t\u00e2che est \u00e9norme, mais elle a d\u00e9j\u00e0 commenc\u00e9<\/i>\u00a0\u00bb.<\/strong><\/p>\n<\/blockquote>\n<p class=\"p1\">Loin d\u2019\u00eatre suffisante, <strong>ces mesures devront imp\u00e9rativement \u00eatre coupl\u00e9es \u00e0 des politiques de grandes \u00e9chelles pour la pr\u00e9servation des esp\u00e8ces et de leur environnement.<\/strong> Les auteur\u00b7ices du rapport appellent les gouvernements \u00e0 <strong>adopter des <a target=\"_blank\" href=\"https:\/\/ipbes.canto.de\/pdfviewer\/viewer\/viewer.html?share=share%2Calbum%2CQN10O&amp;column=document&amp;id=rbsfhfsdpt27fb3andjp7cv40n&amp;suffix=pdf&amp;print=1\" target=\"_blank\" rel=\"noopener\">strat\u00e9gies nationales ambitieuses,<\/a><\/strong> soulignant qu\u2019au vu des r\u00e9sultats du rapport, \u00ab <i>il n\u2019y a aucune excuse pour ne pas agir<\/i>\u00a0\u00bb. Pour Jean-Christophe Vi\u00e9, Directeur g\u00e9n\u00e9ral de la Fondation Franklinia, il est clair que <strong>\u00ab\u00a0<i>face \u00e0 un si grand nombre d\u2019esp\u00e8ces d\u2019arbres menac\u00e9es, la t\u00e2che est \u00e9norme, mais elle a d\u00e9j\u00e0 commenc\u00e9<\/i>\u00a0\u00bb<\/strong>.<\/p>\n<p style=\"text-align: right;\"><em>\u2013 <strong>Aure Gemiot<\/strong><\/em><\/p>\n<hr\/>\n<p>Source image d\u2019en-t\u00eate : h\u00e9risson \u00a9<a target=\"_blank\" href=\"https:\/\/pixabay.com\/fr\/photos\/h%c3%a9risson-animal-hoglet-%c3%a9peron-1759027\/\" target=\"_blank\" rel=\"noopener\">Pixabay<\/a><strong><em>\u00a0<\/em><\/strong><\/p>\n<div class=\"td-a-rec td-a-rec-id-content_bottom  tdi_2 td_block_template_1\">\n<span class=\"td-adspot-title\">&#8211; Cet article gratuit, ind\u00e9pendant et sans IA existe gr\u00e2ce aux abonn\u00e9s &#8211;<\/span><\/p>\n<div class=\"td-all-devices\">\n    <a target=\"_blank\" href=\"https:\/\/mrmondialisation.org\/donation\/\" title=\"Faire_un_don\"><img decoding=\"async\" class=\"donationArticle\" src=\"https:\/\/mrmondialisation.org\/wp-content\/uploads\/2022\/12\/220405-flikalicious-final.jpg\" alt=\"Donation\"\/><\/a>\n<\/div>\n<\/div><\/div>\n<p><br \/>\n<br \/><a href=\"https:\/\/mrmondialisation.org\/liste-rouge-uicn-biodiversite-mondiale-alerte\/\" target=\"_blank\"\">Source link <\/a><\/p>\n","protected":false},"excerpt":{"rendered":"<p>\u00c0 l\u2019occasion de la COP16 sur la biodiversit\u00e9, l\u2019Union internationale pour la conservation de la nature (UICN) a pr\u00e9sent\u00e9 la mise \u00e0 jour de sa Liste rouge mondiale des esp\u00e8ces&hellip; <\/p>\n","protected":false},"author":1,"featured_media":20495,"comment_status":"open","ping_status":"open","sticky":false,"template":"","format":"standard","meta":{"footnotes":""},"categories":[1],"tags":[],"class_list":["post-20494","post","type-post","status-publish","format-standard","has-post-thumbnail","hentry","category-non-classe"],"_links":{"self":[{"href":"https:\/\/monde25.info\/index.php\/wp-json\/wp\/v2\/posts\/20494","targetHints":{"allow":["GET"]}}],"collection":[{"href":"https:\/\/monde25.info\/index.php\/wp-json\/wp\/v2\/posts"}],"about":[{"href":"https:\/\/monde25.info\/index.php\/wp-json\/wp\/v2\/types\/post"}],"author":[{"embeddable":true,"href":"https:\/\/monde25.info\/index.php\/wp-json\/wp\/v2\/users\/1"}],"replies":[{"embeddable":true,"href":"https:\/\/monde25.info\/index.php\/wp-json\/wp\/v2\/comments?post=20494"}],"version-history":[{"count":0,"href":"https:\/\/monde25.info\/index.php\/wp-json\/wp\/v2\/posts\/20494\/revisions"}],"wp:featuredmedia":[{"embeddable":true,"href":"https:\/\/monde25.info\/index.php\/wp-json\/wp\/v2\/media\/20495"}],"wp:attachment":[{"href":"https:\/\/monde25.info\/index.php\/wp-json\/wp\/v2\/media?parent=20494"}],"wp:term":[{"taxonomy":"category","embeddable":true,"href":"https:\/\/monde25.info\/index.php\/wp-json\/wp\/v2\/categories?post=20494"},{"taxonomy":"post_tag","embeddable":true,"href":"https:\/\/monde25.info\/index.php\/wp-json\/wp\/v2\/tags?post=20494"}],"curies":[{"name":"wp","href":"https:\/\/api.w.org\/{rel}","templated":true}]}}