{"id":20498,"date":"2025-12-05T23:58:20","date_gmt":"2025-12-05T22:58:20","guid":{"rendered":"https:\/\/monde25.info\/index.php\/2025\/12\/05\/devant-la-justice-letat-francais-revoit-ses-demandes-a-la-baisse-rt-en-francais\/"},"modified":"2025-12-05T23:58:20","modified_gmt":"2025-12-05T22:58:20","slug":"devant-la-justice-letat-francais-revoit-ses-demandes-a-la-baisse-rt-en-francais","status":"publish","type":"post","link":"https:\/\/monde25.info\/index.php\/2025\/12\/05\/devant-la-justice-letat-francais-revoit-ses-demandes-a-la-baisse-rt-en-francais\/","title":{"rendered":"devant la justice, l\u2019\u00c9tat fran\u00e7ais revoit ses demandes \u00e0 la baisse \u2014 RT en fran\u00e7ais"},"content":{"rendered":"<p> <br \/>\n<br \/><img decoding=\"async\" src=\"https:\/\/mf.b37mrtl.ru\/french\/images\/2025.12\/thumbnail\/69333f976f7ccc0ef7794492.jpg\" \/><\/p>\n<div>\n<p class=\"text__summary\">\n                                        L\u2019audience, concernant le bras de fer entam\u00e9 par l\u2019\u00c9tat fran\u00e7ais \u00e0 l\u2019encontre du g\u00e9ant chinois de l\u2019ultra fashion, s\u2019est tenue ce 5 d\u00e9cembre au tribunal judiciaire de Paris. La partie fran\u00e7aise demande le maintien de la suspension de la \u00abmarketplace\u00bb de Shein jusqu\u2019\u00e0 la mise en place d\u2019un certain nombre de mesures. Verdict attendu le 19 d\u00e9cembre.\n                                    <\/p>\n<p>Le tribunal judiciaire de Paris s\u2019est pench\u00e9 ce 5 d\u00e9cembre sur la demande du gouvernement fran\u00e7ais de suspendre trois mois le site Shein en France apr\u00e8s la d\u00e9couverte, notamment, de poup\u00e9es sexuelles d\u2019apparence enfantine ainsi que des armes de cat\u00e9gorie A. Une exigence finalement revue \u00e0 la baisse, l\u2019avocat de l\u2019\u00c9tat proposant de maintenir le blocage de la \u00ab\u00a0marketplace\u00a0\u00bb jusqu\u2019\u00e0 la mise en place par le g\u00e9ant chinois d\u2019un certain nombre de garanties.<\/p>\n<p>Premier \u00e0 s\u2019exprimer, ma\u00eetre Renaud Le Gunehec, l\u2019avocat de l\u2019\u00c9tat, a d\u00e9clar\u00e9 que ce dernier ne voulait pas \u00ab\u00a0interdire\u00a0\u00bb Shein de \u00ab\u00a0faire du commerce\u00a0\u00bb, mais r\u00e9clamait un \u00ab\u00a0cadre contraignant pour s\u2019assurer qu\u2019[\u2026] on ne trouvera plus des poup\u00e9es sexuelles d\u20191,20 m avec des visages de fillettes de 10 ans et des orifices sexuels [\u2026] ou des machettes \u00e0 double lame\u00a0\u00bb.<\/p>\n<p>\u00ab\u00a0Nous ne pr\u00e9tendons pas \u00eatre ici pour remplacer la Commission europ\u00e9enne\u00a0\u00bb, a-t-il encore d\u00e9clar\u00e9 lors de cette audience <a target=\"_blank\" href=\"https:\/\/francais.rt.com\/news\/127727-shein-tribunal-judiciaire-paris-repousse\">initialement pr\u00e9vue<\/a> le 26 novembre mais renvoy\u00e9e sur demande de l&rsquo;\u00c9tat, \u00ab\u00a0nous ne sommes pas ici aujourd\u2019hui pour r\u00e9glementer, mais pour pr\u00e9venir les pr\u00e9judices, face \u00e0 des situations inacceptables\u00a0\u00bb.<\/p>\n<p>De leur c\u00f4t\u00e9, les avocats de Shein ont estim\u00e9 la demande fran\u00e7aise \u00e9tait \u00ab\u00a0hors sujet\u00a0\u00bb et \u00ab non recevable \u00bb, arguant que les produits incrimin\u00e9s avaient \u00e9t\u00e9 rapidement retir\u00e9s. Shein avait \u00e9galement suspendu sa marketplace en France. \u00ab\u00a0C\u2019est une cabale, une cabale politique et m\u00e9diatique\u00a0\u00bb a de son c\u00f4t\u00e9 d\u00e9clar\u00e9 ma\u00eetre Julia Bombardier, l&rsquo;une des deux avocats repr\u00e9sentants Shein.<\/p>\n<h3>Le parquet oppos\u00e9 \u00e0 un blocage complet du site de Shein<\/h3>\n<p>\u00ab\u00a0Ces produits illicites ont \u00e9t\u00e9 retrouv\u00e9s sur la plupart des marketplaces, mais seul Shein est mis en cause\u00a0\u00bb, a-t-elle ajout\u00e9. Le gouvernement fran\u00e7ais a \u00ab\u00a0tout os\u00e9\u00a0\u00bb, a abond\u00e9 ma\u00eetre Kami Haeri, d\u00e9fendant \u00e9galement le g\u00e9ant chinois, pointant des \u00abdemandes du gouvernement hors norme, disproportionn\u00e9es et non l\u00e9gales\u00bb.<\/p>\n<p>\u00ab\u00a0Nous sommes la variable d\u2019ajustement d\u2019une action destin\u00e9e \u00e0 cr\u00e9er un climat. Des parlementaires \u00e9crivent des tribunes pour demander notre interdiction, jamais je n\u2019ai entendu des juges parler ainsi. C\u2019est formidable d\u2019\u00eatre ministre. Le droit n\u2019est pas une contrainte et l\u2019actualit\u00e9 chasse l\u2019actualit\u00e9\u00a0\u00bb, a-t-il encore d\u00e9clar\u00e9.<\/p>\n<p>Pour sa part, la procureure a\u00a0rappel\u00e9\u00a0que \u00ab\u00a0le minist\u00e8re public s\u2019oppose \u00e0 la suspension du site dans son int\u00e9gralit\u00e9\u00a0\u00bb. \u00ab\u00a0En l\u2019absence de dommage &#8211; la marketplace a \u00e9t\u00e9 suspendue par Shein le 5 novembre &#8211; il appara\u00eet disproportionn\u00e9 de suspendre le site. Nous ne sommes pas l\u00e0 pour juger d\u2019un mod\u00e8le \u00e9conomique ou de son impact \u00e9cologique\u00a0\u00bb, a ajout\u00e9 la magistrate. La d\u00e9cision a \u00e9t\u00e9 mise en d\u00e9lib\u00e9r\u00e9 au 19 d\u00e9cembre.<\/p>\n<\/div>\n<p><br \/>\n<br \/><a href=\"https:\/\/francais.rt.com\/france\/128078-suspension-shein-france-justice-baisse\" target=\"_blank\"\">Source link <\/a><\/p>\n","protected":false},"excerpt":{"rendered":"<p>L\u2019audience, concernant le bras de fer entam\u00e9 par l\u2019\u00c9tat fran\u00e7ais \u00e0 l\u2019encontre du g\u00e9ant chinois de l\u2019ultra fashion, s\u2019est tenue ce 5 d\u00e9cembre au tribunal judiciaire de Paris. La partie&hellip; <\/p>\n","protected":false},"author":1,"featured_media":20499,"comment_status":"open","ping_status":"open","sticky":false,"template":"","format":"standard","meta":{"footnotes":""},"categories":[1],"tags":[],"class_list":["post-20498","post","type-post","status-publish","format-standard","has-post-thumbnail","hentry","category-non-classe"],"_links":{"self":[{"href":"https:\/\/monde25.info\/index.php\/wp-json\/wp\/v2\/posts\/20498","targetHints":{"allow":["GET"]}}],"collection":[{"href":"https:\/\/monde25.info\/index.php\/wp-json\/wp\/v2\/posts"}],"about":[{"href":"https:\/\/monde25.info\/index.php\/wp-json\/wp\/v2\/types\/post"}],"author":[{"embeddable":true,"href":"https:\/\/monde25.info\/index.php\/wp-json\/wp\/v2\/users\/1"}],"replies":[{"embeddable":true,"href":"https:\/\/monde25.info\/index.php\/wp-json\/wp\/v2\/comments?post=20498"}],"version-history":[{"count":0,"href":"https:\/\/monde25.info\/index.php\/wp-json\/wp\/v2\/posts\/20498\/revisions"}],"wp:featuredmedia":[{"embeddable":true,"href":"https:\/\/monde25.info\/index.php\/wp-json\/wp\/v2\/media\/20499"}],"wp:attachment":[{"href":"https:\/\/monde25.info\/index.php\/wp-json\/wp\/v2\/media?parent=20498"}],"wp:term":[{"taxonomy":"category","embeddable":true,"href":"https:\/\/monde25.info\/index.php\/wp-json\/wp\/v2\/categories?post=20498"},{"taxonomy":"post_tag","embeddable":true,"href":"https:\/\/monde25.info\/index.php\/wp-json\/wp\/v2\/tags?post=20498"}],"curies":[{"name":"wp","href":"https:\/\/api.w.org\/{rel}","templated":true}]}}