{"id":2054,"date":"2024-12-12T18:27:37","date_gmt":"2024-12-12T17:27:37","guid":{"rendered":"https:\/\/monde25.info\/index.php\/2024\/12\/12\/au-mexique-le-bilan-contraste-dun-president-populaire-par-anne-vigna-le-monde-diplomatique-decembre-2024\/"},"modified":"2024-12-12T18:27:37","modified_gmt":"2024-12-12T17:27:37","slug":"au-mexique-le-bilan-contraste-dun-president-populaire-par-anne-vigna-le-monde-diplomatique-decembre-2024","status":"publish","type":"post","link":"https:\/\/monde25.info\/index.php\/2024\/12\/12\/au-mexique-le-bilan-contraste-dun-president-populaire-par-anne-vigna-le-monde-diplomatique-decembre-2024\/","title":{"rendered":"Au Mexique, le bilan contrast\u00e9 d\u2019un pr\u00e9sident populaire, par Anne Vigna (Le Monde diplomatique, d\u00e9cembre 2024)"},"content":{"rendered":"<p> <br \/>\n<\/p>\n<div>\n<p class=\"crayon article-surtitre-67830 surtitre\">Une diplomatie, une souverainet\u00e9 et une fiscalit\u00e9 renforc\u00e9es, mais une ins\u00e9curit\u00e9 galopante<\/p>\n<div class=\"crayon article-chapo-67830 chapo\">\n<p>Le 1er\u00a0octobre\u00a02024, M.\u00a0Andr\u00e9s Manuel L\u00f3pez Obrador a quitt\u00e9 le pouvoir. L\u2019initiateur de la \u00ab<small class=\"fine\">\u00a0<\/small>quatri\u00e8me transformation<small class=\"fine\">\u00a0<\/small>\u00bb est devenu l\u2019une des figures les plus populaires de l\u2019histoire de son pays. Certaines de ses politiques ont toutefois d\u00e9\u00e7u, et font partie de l\u2019h\u00e9ritage transmis \u00e0 la nouvelle pr\u00e9sidente Claudia Sheinbaum, dont la feuille de route \u2014 le changement dans la continuit\u00e9 \u2014 s\u2019av\u00e8re d\u00e9licate.<\/p>\n<\/div><\/div>\n<div couleurfade=\"e5e7e9\" couleurclaire=\"e0e5ea\" couleurpale=\"b2cce6\" couleurmi=\"526679\" couleurfoncee=\"2b4e6d\" couleursombre=\"14191e\" couleurfond=\"4c5054\" couleurtexte=\"ffffff\">\n<div class=\"enapercu\">\n<figure class=\"spip_document_33821 spip_documents spip_documents_center xl\" style=\"width:890px;\">\n<div class=\"limage\">\n<p>\t\t\t<img loading=\"lazy\" decoding=\"async\" src=\"https:\/\/www.monde-diplomatique.fr\/\/local\/cache-vignettes\/L890xH672\/img011-59-72cbd.jpg?1732813459\" width=\"890\" height=\"672\" class=\"spip_logos\" alt=\"JPEG - 83.7\u00a0ko\"\/><\/p><\/div><figcaption>\n<p>N\u00e9stor Jim\u00e9nez. \u2013 \u00ab<small class=\"fine\">\u00a0<\/small>La floraci\u00f3n m\u00e1s alta<small class=\"fine\">\u00a0<\/small>\u00bb (La plus haute floraison), 2019 <\/p>\n<p>Courtesy N\u00e9stor Jim\u00e9nez &#8211; Proyectos Monclova\n<\/p>\n<\/figcaption><\/figure>\n<p><span class=\"mot-lettrine\"><span class=\"lettrine\">M<\/span>onsieur<\/span> Andr\u00e9s Manuel L\u00f3pez Obrador \u2014 dit \u00ab<small class=\"fine\">\u00a0<\/small>AMLO<small class=\"fine\">\u00a0<\/small>\u00bb \u2014 a clos son sexennat (2018-2024) avec plus de 70<small class=\"fine\">\u00a0<\/small>% d\u2019opinions favorables. Sa popularit\u00e9 explique en grande partie l\u2019ampleur de la victoire de son camp lors des \u00e9lections g\u00e9n\u00e9rales du 2\u00a0juin\u00a02024 <i>(lire <a target=\"_blank\" href=\"https:\/\/www.monde-diplomatique.fr\/2024\/12\/COMBES\/67831\" class=\"spip_in\">Claudia Sheinbaum, construire une victoire<\/a>)<\/i>. Alli\u00e9 au Parti du travail (PT) \u2014 social-d\u00e9mocrate \u2014 et au Parti vert \u00e9cologiste du Mexique (PVEM), le Mouvement de r\u00e9g\u00e9n\u00e9ration nationale (Morena) conserve la pr\u00e9sidence et remporte \u00e9galement la majorit\u00e9 au Congr\u00e8s. La coalition pr\u00e9sidentielle obtient m\u00eame la majorit\u00e9 qualifi\u00e9e \u2014 qui permet de r\u00e9former la Constitution \u2014 avec 364\u00a0d\u00e9put\u00e9s sur 500 et 86\u00a0s\u00e9nateurs sur 128 ainsi que les gouvernements de 24 des 32\u00a0\u00c9tats de la f\u00e9d\u00e9ration.<\/p>\n<p>La successeure d\u2019AMLO, Mme\u00a0Claudia Sheinbaum, a obtenu 59,3<small class=\"fine\">\u00a0<\/small>% des suffrages \u2014 c\u2019est-\u00e0-dire 35,9\u00a0millions de voix, soit 6\u00a0millions de plus que son pr\u00e9d\u00e9cesseur en 2018. L\u2019ancienne maire de Mexico devient ainsi la premi\u00e8re femme \u00e0 diriger le Mexique. Elle est \u00e9galement la premi\u00e8re cheffe d\u2019\u00c9tat \u00e0 disposer d\u2019une telle marge de man\u0153uvre institutionnelle d\u00e8s l\u2019entame de son mandat depuis la premi\u00e8re alternance politique intervenue en 2000, apr\u00e8s des d\u00e9cennies de pouvoir h\u00e9g\u00e9monique du Parti r\u00e9volutionnaire institutionnel (PRI, 1929-2000). \u00c0 la diff\u00e9rence de plusieurs de ses homologues de gauche \u2014 au Br\u00e9sil, au Chili ou encore en Colombie\u00a0\u2014, priv\u00e9s de majorit\u00e9 parlementaire, Mme\u00a0Sheinbaum a la main sur la plupart des leviers du pouvoir.<\/p>\n<p>La <i>\u00ab<small class=\"fine\">\u00a0<\/small>quatri\u00e8me transformation<small class=\"fine\">\u00a0<\/small>\u00bb<\/i> du Mexique lanc\u00e9e par M.\u00a0L\u00f3pez Obrador \u2014 apr\u00e8s l\u2019ind\u00e9pendance de 1821, la p\u00e9riode de la R\u00e9forme (1855-1863), qui conduit \u00e0 la s\u00e9paration de l\u2019\u00c9glise et de l\u2019\u00c9tat, la r\u00e9volution (1910-1917) \u2014 va donc se poursuivre. Afin de l\u2019approfondir, il avait soumis au Congr\u00e8s plusieurs projets de r\u00e9formes constitutionnelles quelques mois avant son d\u00e9part. La plupart visent \u00e0 garantir la permanence des aides sociales qu\u2019il a instaur\u00e9es, d\u2019autres \u00e0 inscrire certains droits dans la Constitution \u2014 augmentation du salaire minimum sup\u00e9rieure \u00e0\u00a0(&#8230;)<\/p>\n<\/p><\/div>\n<p>Taille de l\u2019article complet\u00a0:\u00a0<span>2\u00a0027<\/span>\u00a0mots.<\/p>\n<div class=\"promo_dispo_article\">\n<h2 class=\"avantbloc\">\n\tCet article est r\u00e9serv\u00e9 aux\u00a0abonn\u00e9s<\/p>\n<\/h2>\n<div class=\"abo_inst\">\n\t<strong>Lyc\u00e9es, biblioth\u00e8ques, administrations, entreprises,<\/strong><br \/>\n\tacc\u00e9dez \u00e0 la base de donn\u00e9es en ligne de tous les articles du <i>Monde diplomatique<\/i> de 1954 \u00e0 nos\u00a0jours.<br \/>\n\t<a target=\"_blank\" id=\"pw-institutions\" class=\"suivi\" href=\"https:\/\/www.monde-diplomatique.fr\/archives\/institutions\">Retrouvez cette\u00a0offre sp\u00e9cifique<\/a>.\n<\/div>\n<\/div><\/div>\n<p><br \/>\n<br \/><a href=\"https:\/\/www.monde-diplomatique.fr\/2024\/12\/VIGNA\/67830\" target=\"_blank\"\">Source link <\/a><\/p>\n","protected":false},"excerpt":{"rendered":"<p>Une diplomatie, une souverainet\u00e9 et une fiscalit\u00e9 renforc\u00e9es, mais une ins\u00e9curit\u00e9 galopante Le 1er\u00a0octobre\u00a02024, M.\u00a0Andr\u00e9s Manuel L\u00f3pez Obrador a quitt\u00e9 le pouvoir. L\u2019initiateur de la \u00ab\u00a0quatri\u00e8me transformation\u00a0\u00bb est devenu l\u2019une&hellip; <\/p>\n","protected":false},"author":1,"featured_media":2055,"comment_status":"open","ping_status":"open","sticky":false,"template":"","format":"standard","meta":{"footnotes":""},"categories":[1],"tags":[],"class_list":["post-2054","post","type-post","status-publish","format-standard","has-post-thumbnail","hentry","category-non-classe"],"_links":{"self":[{"href":"https:\/\/monde25.info\/index.php\/wp-json\/wp\/v2\/posts\/2054","targetHints":{"allow":["GET"]}}],"collection":[{"href":"https:\/\/monde25.info\/index.php\/wp-json\/wp\/v2\/posts"}],"about":[{"href":"https:\/\/monde25.info\/index.php\/wp-json\/wp\/v2\/types\/post"}],"author":[{"embeddable":true,"href":"https:\/\/monde25.info\/index.php\/wp-json\/wp\/v2\/users\/1"}],"replies":[{"embeddable":true,"href":"https:\/\/monde25.info\/index.php\/wp-json\/wp\/v2\/comments?post=2054"}],"version-history":[{"count":0,"href":"https:\/\/monde25.info\/index.php\/wp-json\/wp\/v2\/posts\/2054\/revisions"}],"wp:featuredmedia":[{"embeddable":true,"href":"https:\/\/monde25.info\/index.php\/wp-json\/wp\/v2\/media\/2055"}],"wp:attachment":[{"href":"https:\/\/monde25.info\/index.php\/wp-json\/wp\/v2\/media?parent=2054"}],"wp:term":[{"taxonomy":"category","embeddable":true,"href":"https:\/\/monde25.info\/index.php\/wp-json\/wp\/v2\/categories?post=2054"},{"taxonomy":"post_tag","embeddable":true,"href":"https:\/\/monde25.info\/index.php\/wp-json\/wp\/v2\/tags?post=2054"}],"curies":[{"name":"wp","href":"https:\/\/api.w.org\/{rel}","templated":true}]}}