{"id":20707,"date":"2025-12-11T02:05:37","date_gmt":"2025-12-11T01:05:37","guid":{"rendered":"https:\/\/monde25.info\/index.php\/2025\/12\/11\/macron-annonce-une-loi-pour-interdire-les-reseaux-sociaux-aux-moins-de-15-ou-16-ans-rt-en-francais\/"},"modified":"2025-12-11T02:05:37","modified_gmt":"2025-12-11T01:05:37","slug":"macron-annonce-une-loi-pour-interdire-les-reseaux-sociaux-aux-moins-de-15-ou-16-ans-rt-en-francais","status":"publish","type":"post","link":"https:\/\/monde25.info\/index.php\/2025\/12\/11\/macron-annonce-une-loi-pour-interdire-les-reseaux-sociaux-aux-moins-de-15-ou-16-ans-rt-en-francais\/","title":{"rendered":"Macron annonce une loi pour interdire les r\u00e9seaux sociaux aux moins de \u00ab15 ou 16 ans\u00bb \u2014 RT en fran\u00e7ais"},"content":{"rendered":"<p> <br \/>\n<br \/><img decoding=\"async\" src=\"https:\/\/mf.b37mrtl.ru\/french\/images\/2025.12\/thumbnail\/6939ba6a87f3ec5de936a936.jpg\" \/><\/p>\n<div>\n<p class=\"text__summary\">\n                                        Lors d\u2019une nouvelle \u00e9tape de son tour de France sur la r\u00e9gulation des r\u00e9seaux sociaux, Emmanuel Macron a annonc\u00e9 ce 10 d\u00e9cembre son intention de faire voter d\u00e9but 2026 une loi instaurant une \u00abmajorit\u00e9 num\u00e9rique\u00bb dans le pays.\n                                    <\/p>\n<p>\u00ab\u00a0Dans les prochaines semaines, on va imposer aux r\u00e9seaux sociaux la v\u00e9rification de l\u2019\u00e2ge, et en dessous de cet \u00e2ge, il ne pourra pas y avoir d&rsquo;acc\u00e8s aux r\u00e9seaux sociaux\u00a0\u00bb, a d\u00e9clar\u00e9 ce 10 d\u00e9cembre Emmanuel Macron, lors d\u2019un d\u00e9bat avec des lecteurs du quotidien <em>Ouest-France<\/em> \u00e0 Saint-Malo\u00a0(Ille-et-Vilaine). \u00ab\u00a0C&rsquo;est la seule mani\u00e8re de prot\u00e9ger\u00a0\u00bb, a justifi\u00e9 le pr\u00e9sident fran\u00e7ais quant \u00e0 la mise en place de cette \u00ab\u00a0majorit\u00e9 num\u00e9rique\u00a0\u00bb. Une interdiction qui s\u2019appliquerait, a-t-il pr\u00e9cis\u00e9, avant \u00ab\u00a015 ou 16 ans\u00a0\u00bb.<\/p>\n<p>\u00ab\u00a0L\u2019objectif, c\u2019est de d\u00e9poser un texte de loi du gouvernement en d\u00e9but d\u2019ann\u00e9e prochaine, et donc de le faire voter dans les meilleurs d\u00e9lais\u00a0\u00bb, a-t-il encore assur\u00e9, r\u00e9pondant \u00e0 une question d\u2019une participante sur le \u00ab\u00a0timing\u00a0\u00bb de cette interdiction. Pour d\u00e9fendre la mise en place de cette mesure, sur le plan technique, le locataire de l\u2019\u00c9lys\u00e9e a renvoy\u00e9 aux v\u00e9rifications mises en place \u00ab\u00a0pour les sites porno\u00a0\u00bb.<\/p>\n<p>Mi-novembre, une d\u00e9put\u00e9e Renaissance, Laure Miller, avait d\u00e9pos\u00e9 une <a target=\"_blank\" href=\"https:\/\/www.leparisien.fr\/high-tech\/tiktok-instagram-snapchat-cinq-minutes-pour-comprendre-la-possible-interdiction-des-reseaux-sociaux-pour-les-moins-de-15-ans-19-11-2025-AJFWVVV7SZHTDEWRUMELYR5Z44.php\">proposition de loi<\/a> visant \u00e0 interdire aux moins de 15 ans, l\u2019acc\u00e8s aux r\u00e9seaux sociaux. Un texte qui pourrait \u00eatre examin\u00e9 en janvier \u00e0 l\u2019Assembl\u00e9e nationale.<\/p>\n<p>Selon Emmanuel Macron, une telle interdiction \u00ab\u00a0va permettre aux familles d&rsquo;avoir un guide, une r\u00e8gle, pour s&rsquo;adapter\u00a0\u00bb. Par ailleurs, le pr\u00e9sident fran\u00e7ais \u2013 dont le \u00ab\u00a0r\u00eave est que ce temps soit consacr\u00e9 au sport et \u00e0 la lecture\u00a0\u00bb en lieu et place du temps pass\u00e9 sur les r\u00e9seaux sociaux \u2013 a estim\u00e9 qu\u2019\u00ab une loi ne fait n\u00e9anmoins pas tout \u00bb et a appel\u00e9 \u00e0 \u00ab\u00a0consolider l\u2019\u00e9cole dans son r\u00f4le d\u2019instruction\u00a0\u00bb.<\/p>\n<p>Cette annonce survient le jour m\u00eame de l\u2019entr\u00e9e en vigueur, en Australie, d\u2019une interdiction d\u2019acc\u00e8s aux mineurs de moins de 16 ans. Une r\u00e9forme port\u00e9e par le Premier ministre Anthony Albanese et cens\u00e9e, selon lui, prot\u00e9ger les adolescents des \u00ab\u00a0plateformes de pression sociale, vectrices d\u2019anxi\u00e9t\u00e9, un outil pour les arnaqueurs et, pire que tout, pour les pr\u00e9dateurs en ligne\u00a0\u00bb.<\/p>\n<p>\u00ab\u00a0Moi, je porte l\u2019interdiction des r\u00e9seaux sociaux pour les moins de 15 ans\u00a0\u00bb, <a target=\"_blank\" href=\"https:\/\/francais.rt.com\/france\/121747-macron-veut-interdire-reseaux-sociaux-moins-15-ans\">martelait d\u00e9j\u00e0<\/a> Emmanuel Macron mi-juin, \u00e0 l\u2019occasion d\u2019une interview t\u00e9l\u00e9vis\u00e9e, donnant quelques mois \u00bb \u00e0 l\u2019Union europ\u00e9enne pour agir.<\/p>\n<p>Fin novembre, dans le cadre de ce tour de France sur la r\u00e9gulation des r\u00e9seaux sociaux, Emmanuel Macron avait d\u00e9clar\u00e9 qu\u2019il allait \u00ab\u00a0sans doute\u00a0\u00bb faire interdire les t\u00e9l\u00e9phones portables dans les lyc\u00e9es \u00e0 la rentr\u00e9e de septembre 2026. Une mesure d\u00e9j\u00e0 mise en place dans les coll\u00e8ges \u00e0 travers la \u00ab\u00a0pause num\u00e9rique\u00a0\u00bb. Un peu plus t\u00f4t, il avait propos\u00e9 que soit instaur\u00e9e une \u00ab\u00a0lab\u00e9lisation\u00a0\u00bb des sites d\u2019information et des r\u00e9seaux sociaux \u00ab\u00a0par des professionnels\u00a0\u00bb. Des propos qui avaient d\u00e9clench\u00e9 une vive pol\u00e9mique.<\/p>\n<\/div>\n<p><br \/>\n<br \/><a href=\"https:\/\/francais.rt.com\/france\/128248-france-macron-loi-interdire-reseaux\" target=\"_blank\"\">Source link <\/a><\/p>\n","protected":false},"excerpt":{"rendered":"<p>Lors d\u2019une nouvelle \u00e9tape de son tour de France sur la r\u00e9gulation des r\u00e9seaux sociaux, Emmanuel Macron a annonc\u00e9 ce 10 d\u00e9cembre son intention de faire voter d\u00e9but 2026 une&hellip; <\/p>\n","protected":false},"author":1,"featured_media":20708,"comment_status":"open","ping_status":"open","sticky":false,"template":"","format":"standard","meta":{"footnotes":""},"categories":[1],"tags":[],"class_list":["post-20707","post","type-post","status-publish","format-standard","has-post-thumbnail","hentry","category-non-classe"],"_links":{"self":[{"href":"https:\/\/monde25.info\/index.php\/wp-json\/wp\/v2\/posts\/20707","targetHints":{"allow":["GET"]}}],"collection":[{"href":"https:\/\/monde25.info\/index.php\/wp-json\/wp\/v2\/posts"}],"about":[{"href":"https:\/\/monde25.info\/index.php\/wp-json\/wp\/v2\/types\/post"}],"author":[{"embeddable":true,"href":"https:\/\/monde25.info\/index.php\/wp-json\/wp\/v2\/users\/1"}],"replies":[{"embeddable":true,"href":"https:\/\/monde25.info\/index.php\/wp-json\/wp\/v2\/comments?post=20707"}],"version-history":[{"count":0,"href":"https:\/\/monde25.info\/index.php\/wp-json\/wp\/v2\/posts\/20707\/revisions"}],"wp:featuredmedia":[{"embeddable":true,"href":"https:\/\/monde25.info\/index.php\/wp-json\/wp\/v2\/media\/20708"}],"wp:attachment":[{"href":"https:\/\/monde25.info\/index.php\/wp-json\/wp\/v2\/media?parent=20707"}],"wp:term":[{"taxonomy":"category","embeddable":true,"href":"https:\/\/monde25.info\/index.php\/wp-json\/wp\/v2\/categories?post=20707"},{"taxonomy":"post_tag","embeddable":true,"href":"https:\/\/monde25.info\/index.php\/wp-json\/wp\/v2\/tags?post=20707"}],"curies":[{"name":"wp","href":"https:\/\/api.w.org\/{rel}","templated":true}]}}