{"id":20712,"date":"2025-12-11T05:56:38","date_gmt":"2025-12-11T04:56:38","guid":{"rendered":"https:\/\/monde25.info\/index.php\/2025\/12\/11\/de-dechet-a-ressource-lillusion-de-leconomie-circulaire\/"},"modified":"2025-12-11T05:56:38","modified_gmt":"2025-12-11T04:56:38","slug":"de-dechet-a-ressource-lillusion-de-leconomie-circulaire","status":"publish","type":"post","link":"https:\/\/monde25.info\/index.php\/2025\/12\/11\/de-dechet-a-ressource-lillusion-de-leconomie-circulaire\/","title":{"rendered":"\u00ab De d\u00e9chet \u00e0 ressource \u00bb : l\u2019illusion de l\u2019\u00e9conomie circulaire"},"content":{"rendered":"<p> <br \/>\n<\/p>\n<div>\n<h4><b>Pr\u00e9sent\u00e9e comme une r\u00e9ponse \u00e0 la crise \u00e9cologique, l\u2019\u00e9conomie circulaire transforme le d\u00e9chet, symbole de gaspillage, en ressource \u00e0 valoriser. Mais derri\u00e8re cette \u00e9volution s\u00e9mantique se cache une illusion\u202f: moraliser le tri et confier la charge aux consommateur\u00b7ices risque surtout d\u2019occulter la responsabilit\u00e9 des industriels et l\u2019explosion continue de la production.<br \/><\/b><\/h4>\n<p><span style=\"font-weight: 400;\">Depuis plusieurs ann\u00e9es, l\u2019\u00e9conomie circulaire a le vent en poupe. Et pour cause, la valorisation des d\u00e9chets promet des b\u00e9n\u00e9fices majeurs pour l\u2019ensemble de la soci\u00e9t\u00e9. Elle permettrait de <strong>r\u00e9duire les \u00e9missions de gaz \u00e0 effet de serre, de limiter la pollution de l\u2019air, de l\u2019eau et des sols, et de cr\u00e9er de nouvelles fili\u00e8res industrielles et des emplois locaux.<\/strong> D\u2019apr\u00e8s la\u00a0<a target=\"_blank\" class=\"reset interactable cursor-pointer decoration-1 underline-offset-1 text-super hover:underline font-semibold\" href=\"https:\/\/www.ellenmacarthurfoundation.org\/completing-the-picture\" target=\"_blank\" rel=\"noopener\"><span class=\"text-box-trim-both\">fondation Ellen MacArthur<\/span><\/a>, l\u2019adoption d\u2019un mod\u00e8le circulaire pourrait m\u00eame diviser par deux les \u00e9missions de gaz \u00e0 effet de serre d\u2019ici 2050.<\/span><\/p>\n<figure id=\"attachment_718077\" aria-describedby=\"caption-attachment-718077\" style=\"width: 1024px\" class=\"wp-caption alignnone\"><img fetchpriority=\"high\" decoding=\"async\" class=\"size-medium wp-image-718077\" src=\"https:\/\/mrmondialisation.org\/wp-content\/uploads\/2025\/06\/disposal-1846033-1280-1024x682.jpg\" alt=\"\" width=\"1024\" height=\"682\" srcset=\"https:\/\/mrmondialisation.org\/wp-content\/uploads\/2025\/06\/disposal-1846033-1280-1024x682.jpg 1024w, https:\/\/mrmondialisation.org\/wp-content\/uploads\/2025\/06\/disposal-1846033-1280-768x512.jpg 768w, https:\/\/mrmondialisation.org\/wp-content\/uploads\/2025\/06\/disposal-1846033-1280-696x464.jpg 696w, https:\/\/mrmondialisation.org\/wp-content\/uploads\/2025\/06\/disposal-1846033-1280-1068x712.jpg 1068w, https:\/\/mrmondialisation.org\/wp-content\/uploads\/2025\/06\/disposal-1846033-1280-630x420.jpg 630w, https:\/\/mrmondialisation.org\/wp-content\/uploads\/2025\/06\/disposal-1846033-1280.jpg 1280w\" sizes=\"(max-width: 1024px) 100vw, 1024px\"\/><figcaption id=\"caption-attachment-718077\" class=\"wp-caption-text\">Chaque europ\u00e9en\u00b7ne produit 5 tonnes de d\u00e9chets en une seule ann\u00e9e. Une partie significative est encore export\u00e9e \u00e0 l\u2019\u00e9tranger. \u2013 Source image : Pixabay<\/figcaption><\/figure>\n<p><span style=\"font-weight: 400;\">Mais <strong>en se focalisant sur le recyclage,<\/strong> l\u2019\u00e9conomie circulaire<strong> entretient l\u2019illusion d\u2019une surconsommation soutenable.<\/strong> Un pr\u00e9texte tout trouv\u00e9 aux <a target=\"_blank\" href=\"https:\/\/mrmondialisation.org\/pire-methodes-greenwashing\/\" target=\"_blank\" rel=\"noopener\">campagnes de communication verte des industriels,<\/a> qui apposent volontiers des pictogrammes rassurants sur leurs produits. De quoi donner bonne conscience aux consommateur\u00b7ices,<strong> tout en faisant peser sur leurs \u00e9paules la responsabilit\u00e9 de la transition.<\/strong><\/span><\/p>\n<p>Les campagnes de sensibilisation insistent en effet sur les <strong>actions concr\u00e8tes que chaque citoyen\u00b7nes peut entreprendre pour contribuer au changement.<\/strong> Dans ce contexte, un autre levier de transformation pourrait bien avoir une importance sous-estim\u00e9e : le langage. <strong>Ce sont en effet dans nos discours que commence la disparition du d\u00e9chet.\u00a0<\/strong><\/p>\n<h2><b>Transformer les gestes\u2026 et les mots<\/b><\/h2>\n<p>Camille Dormoy y a consacr\u00e9\u00a0<a target=\"_blank\" class=\"reset interactable cursor-pointer decoration-1 underline-offset-1 text-super hover:underline font-semibold\" href=\"https:\/\/theses.hal.science\/tel-04969817\" target=\"_blank\" rel=\"noopener\"><span class=\"text-box-trim-both\">sa th\u00e8se de doctorat<\/span><\/a>\u00a0: <strong>\u00ab Par-del\u00e0 la technique : une ethnographie du \u00ab\u00a0probl\u00e8me d\u00e9chet\u00a0\u00bb au prisme d\u2019une collectivit\u00e9 territoriale \u00bb.<\/strong> Sociologue \u00e0 l\u2019Universit\u00e9 de Picardie Jules Verne, elle a suivi des m\u00e9nages engag\u00e9s dans le\u00a0<a target=\"_blank\" class=\"reset interactable cursor-pointer decoration-1 underline-offset-1 text-super hover:underline font-semibold\" href=\"https:\/\/www.francebleu.fr\/infos\/climat-environnement\/amiens-metropole-recherche-40-foyers-volontaires-pour-un-defi-de-reduction-des-dechets-1510942560\" target=\"_blank\" rel=\"noopener\"><span class=\"text-box-trim-both\">\u00ab d\u00e9fi famille z\u00e9ro d\u00e9chet, z\u00e9ro gaspillage \u00bb<\/span><\/a>\u00a0pilot\u00e9 par l\u2019ADEME.<\/p>\n<p>D\u00e9but 2018, une quarantaine de foyers volontaires ont particip\u00e9 \u00e0 l\u2019op\u00e9ration pendant six mois. L\u2019objectif : repenser leur consommation pour <strong>r\u00e9duire de 25% leurs d\u00e9chets.<\/strong> <strong>Un engagement<\/strong><strong> largement tenu pour certain\u00b7es, qui ont indiqu\u00e9 avoir divis\u00e9 leur consommation par deux<\/strong>.<\/p>\n<p><span style=\"font-weight: 400;\">Au-del\u00e0 des changements concrets, <strong>Camille Dormoy a mis en lumi\u00e8re une autre forme de transformation\u202f: celle, plus subtile, du langage.<\/strong> Les familles changeaient non seulement leurs habitudes, mais \u00e9galement leurs fa\u00e7ons d\u2019en parler. <strong>Un lexique diff\u00e9rent s\u2019installe, plus positif.<\/strong> Les poubelles deviennent des <em>bacs de tri,<\/em> des<em> composteurs,<\/em> des <a target=\"_blank\" href=\"https:\/\/ecopoint.fr\/\" target=\"_blank\" rel=\"noopener\"><em>\u00e9copoints<\/em><\/a> ou des <em>stations de valorisation.<\/em> <strong>Au lieu de jeter, on trie.<\/strong> <strong>Un acte non plus de rejet, mais de contribution.<br \/><\/strong><\/span><\/p>\n<figure id=\"attachment_1266557\" aria-describedby=\"caption-attachment-1266557\" style=\"width: 1024px\" class=\"wp-caption alignnone\"><img loading=\"lazy\" decoding=\"async\" class=\"wp-image-1266557 size-medium\" src=\"https:\/\/mrmondialisation.org\/wp-content\/uploads\/2025\/12\/07-sam-harrons-tsq-gflxki-unsplash-1024x683.jpg\" alt=\"De d\u00e9chet \u00e0 ressource : l\u2019illusion langagi\u00e8re de l\u2019\u00e9conomie circulaire\" width=\"1024\" height=\"683\" srcset=\"https:\/\/mrmondialisation.org\/wp-content\/uploads\/2025\/12\/07-sam-harrons-tsq-gflxki-unsplash-1024x683.jpg 1024w, https:\/\/mrmondialisation.org\/wp-content\/uploads\/2025\/12\/07-sam-harrons-tsq-gflxki-unsplash-1524x1016.jpg 1524w, https:\/\/mrmondialisation.org\/wp-content\/uploads\/2025\/12\/07-sam-harrons-tsq-gflxki-unsplash-768x512.jpg 768w, https:\/\/mrmondialisation.org\/wp-content\/uploads\/2025\/12\/07-sam-harrons-tsq-gflxki-unsplash-1536x1024.jpg 1536w, https:\/\/mrmondialisation.org\/wp-content\/uploads\/2025\/12\/07-sam-harrons-tsq-gflxki-unsplash-696x464.jpg 696w, https:\/\/mrmondialisation.org\/wp-content\/uploads\/2025\/12\/07-sam-harrons-tsq-gflxki-unsplash-1068x712.jpg 1068w, https:\/\/mrmondialisation.org\/wp-content\/uploads\/2025\/12\/07-sam-harrons-tsq-gflxki-unsplash-630x420.jpg 630w, https:\/\/mrmondialisation.org\/wp-content\/uploads\/2025\/12\/07-sam-harrons-tsq-gflxki-unsplash.jpg 1920w\" sizes=\"auto, (max-width: 1024px) 100vw, 1024px\"\/><figcaption id=\"caption-attachment-1266557\" class=\"wp-caption-text\">\u00ab Z\u00e9ro d\u00e9chet \u00bb, vrac\u2026 Des gestes positifs certes, mais qui sont situ\u00e9s en bout de cha\u00eene. \u2013 Source image : Unsplash<\/figcaption><\/figure>\n<p><b style=\"color: #111111; font-family: Roboto, sans-serif; font-size: 27px;\">Derri\u00e8re les discours, des chiffres inqui\u00e9tants<\/b><\/p>\n<p><span style=\"font-weight: 400;\">Mais ce glissement linguistique ne r\u00e9v\u00e8le pas qu\u2019un changement de pratiques. Il <strong>rompt aussi avec\u00a0<a target=\"_blank\" class=\"reset interactable cursor-pointer decoration-1 underline-offset-1 text-super hover:underline font-semibold\" href=\"https:\/\/mrmondialisation.org\/cyberecosocialisme-progres-mirage-technologique\/\" target=\"_blank\" rel=\"noopener\"><span class=\"text-box-trim-both\">le mod\u00e8le lin\u00e9aire extraire-consommer-jeter<\/span><\/a>, au prix de graves cons\u00e9quences plan\u00e9taires.<\/strong>\u00a0La poubelle est ainsi \u00e9rig\u00e9e en <strong>symbole d\u2019un syst\u00e8me d\u00e9l\u00e9t\u00e8re<\/strong> qu\u2019il convient de transformer.<\/span><\/p>\n<p>Dans le cadre de l\u2019\u00e9conomie circulaire,<strong> un imaginaire positif et rassurant se d\u00e9ploie.<\/strong> Les d\u00e9chets ne sont plus des r\u00e9sidus \u00e0 \u00e9liminer, mais bien de<strong> pr\u00e9cieuses ressources<\/strong> \u00e0 r\u00e9int\u00e9grer dans le circuit \u00e9conomique pour \u00eatre revaloris\u00e9es, reconditionn\u00e9es, recycl\u00e9es. <strong>Mais suffirait-il de ne plus les nommer pour les faire dispara\u00eetre ?<\/strong><\/p>\n<blockquote>\n<p><span style=\"font-weight: 400;\"><strong>\u00ab Sur ce total, 40% seulement des d\u00e9chets sont recycl\u00e9s, 30% sont mis en d\u00e9charge sur le territoire europ\u00e9en, tandis qu\u2019une bonne partie est encore export\u00e9e \u00e0 l\u2019ext\u00e9rieur du continent. \u00bb<\/strong><\/span><\/p>\n<\/blockquote>\n<p>Un rapide coup d\u2019\u0153il aux chiffres nous ram\u00e8ne \u00e0 la r\u00e9alit\u00e9. En France, 310\u202fmillions de tonnes de d\u00e9chets ont \u00e9t\u00e9 produites en 2024, dont\u00a0<a target=\"_blank\" class=\"reset interactable cursor-pointer decoration-1 underline-offset-1 text-super hover:underline font-semibold\" href=\"https:\/\/www.lemonde.fr\/la-semaine-europeenne-de-la-reduction-des-dechets\/article\/2024\/10\/16\/sacres-dechets_6353606_488.html\" target=\"_blank\" rel=\"noopener\"><span class=\"text-box-trim-both\">34\u202fmillions de tonnes de d\u00e9chets m\u00e9nagers<\/span><\/a>. <strong>\u00c0 l\u2019\u00e9chelle de l\u2019Union europ\u00e9enne, <a target=\"_blank\" class=\"reset interactable cursor-pointer decoration-1 underline-offset-1 text-super hover:underline font-semibold\" href=\"https:\/\/ec.europa.eu\/eurostat\/statistics-explained\/index.php?title=Waste_statistics\" target=\"_blank\" rel=\"noopener\"><span class=\"text-box-trim-both\">le total atteignait pr\u00e8s de 2,5\u202fmilliards de tonnes en\u202f2022<\/span><\/a>,<\/strong> et plus de 60\u202f% provenaient \u00e0 eux seuls des secteurs de la construction et de l\u2019extraction.<\/p>\n<p>Sur ce total, <strong>40% seulement des d\u00e9chets sont recycl\u00e9s, 30% sont mis en d\u00e9charge sur le territoire europ\u00e9en, <\/strong>tandis qu\u2019<strong>une <\/strong><strong>bonne partie est encore export\u00e9e \u00e0 l\u2019ext\u00e9rieur du continent.<\/strong> En 2023, <a target=\"_blank\" href=\"https:\/\/ec.europa.eu\/eurostat\/web\/products-eurostat-news\/w\/ddn-20241011-1\" target=\"_blank\" rel=\"noopener\"><span style=\"font-weight: 400;\">l\u2019UE a ainsi export\u00e9 8,5 millions de tonnes de d\u00e9chets recyclables<\/span><\/a><span style=\"font-weight: 400;\"> vers des pays non europ\u00e9ens, une hausse de 34 % par rapport \u00e0 2022.\u00a0<\/span><\/p>\n<div class=\"td-a-rec td-a-rec-id-content_inline  tdi_1 td_block_template_1\">\n<center><a target=\"_blank\" href=\"https:\/\/fr.tipeee.com\/mr-mondialisation\" class=\"tipeee-project-small\">Je m&rsquo;abonne \u00e0 Mr Mondialisation<\/a>&#13;<br \/>\n<\/center>&amp;nbsp<\/div>\n<h2><b>Quand les mots d\u00e9douanent des actes<\/b><\/h2>\n<p><span style=\"font-weight: 400;\">La tendance est donc loin de s\u2019inverser, en d\u00e9pit des discours. Camille Dormoy identifie l\u00e0 un <strong>risque majeur,<\/strong> et <strong>alerte sur une illusion <\/strong>qui gagne du terrain.<strong> \u00ab <\/strong><\/span><strong><i>Parler de \u00ab valorisation des mati\u00e8res \u00bb plut\u00f4t que de \u00ab gestion des d\u00e9chets \u00bb ne suffit pas \u00e0 enrayer la surproduction \u00bb <\/i><\/strong><span style=\"font-weight: 400;\">d\u00e9clare la chercheuse dans <\/span><a target=\"_blank\" href=\"https:\/\/theconversation.com\/les-mots-de-la-gestion-des-dechets-quand-le-langage-faconne-nos-imaginaires-251300\" target=\"_blank\" rel=\"noopener\"><span style=\"font-weight: 400;\">un article publi\u00e9 dans The Conversation<\/span><\/a><i><span style=\"font-weight: 400;\">.<\/span><\/i><\/p>\n<p><span style=\"font-weight: 400;\">Elle ajoute : <\/span><i><span style=\"font-weight: 400;\">\u00ab Si nous ne questionnons pas la<strong> mat\u00e9rialit\u00e9 sous-jacente \u00e0 ces mots, <\/strong>nous risquons [\u2026] d\u2019\u00eatre les<strong> complices involontaires d\u2019un syst\u00e8me qui,<\/strong> sous couvert de vertus \u00e9cologiques,<strong> continue d\u2019accumuler.<\/strong><\/span><\/i><span style=\"font-weight: 400;\"> \u00bb<\/span><\/p>\n<p>Cette \u00e9volution de langage ne doit pas devenir une illusion qui nous ferait perdre l\u2019essentiel de vue : <strong>\u00ab <\/strong><strong><i>la seule v\u00e9ritable disparition du d\u00e9chet passe par la remise en cause de nos modes de production et de consommation<\/i><\/strong><span style=\"font-weight: 400;\"><strong> \u00bb,<\/strong> poursuit Camille Dormoy.\u00a0<\/span><\/p>\n<figure id=\"attachment_718078\" aria-describedby=\"caption-attachment-718078\" style=\"width: 1024px\" class=\"wp-caption alignnone\"><img loading=\"lazy\" decoding=\"async\" class=\"size-medium wp-image-718078\" src=\"https:\/\/mrmondialisation.org\/wp-content\/uploads\/2025\/06\/trash-4358272-1280-1024x682.jpg\" alt=\"\" width=\"1024\" height=\"682\" srcset=\"https:\/\/mrmondialisation.org\/wp-content\/uploads\/2025\/06\/trash-4358272-1280-1024x682.jpg 1024w, https:\/\/mrmondialisation.org\/wp-content\/uploads\/2025\/06\/trash-4358272-1280-768x512.jpg 768w, https:\/\/mrmondialisation.org\/wp-content\/uploads\/2025\/06\/trash-4358272-1280-696x464.jpg 696w, https:\/\/mrmondialisation.org\/wp-content\/uploads\/2025\/06\/trash-4358272-1280-1068x712.jpg 1068w, https:\/\/mrmondialisation.org\/wp-content\/uploads\/2025\/06\/trash-4358272-1280-630x420.jpg 630w, https:\/\/mrmondialisation.org\/wp-content\/uploads\/2025\/06\/trash-4358272-1280.jpg 1280w\" sizes=\"auto, (max-width: 1024px) 100vw, 1024px\"\/><figcaption id=\"caption-attachment-718078\" class=\"wp-caption-text\">Derri\u00e8re les discours d\u2019\u00e9conomie circulaire, le risque de masquer la r\u00e9alit\u00e9. \u2013 Source image : Pixabay<\/figcaption><\/figure>\n<p><span style=\"font-weight: 400;\">Pour \u00e9viter de tomber dans ce pi\u00e8ge, rappelons la hi\u00e9rarchie d\u2019action propos\u00e9e par<a target=\"_blank\" href=\"https:\/\/www.eurowaste.be\/fr\/base-de-connaissances\/lechelle-de-lansink-un-guide-durable-pour-une-gestion-efficace-des-dechets\/\" target=\"_blank\" rel=\"noopener\"> l\u2019\u00e9chelle de Lansik.<\/a> <strong>Pr\u00e9venir<\/strong> d\u2019abord, en limitant la production de d\u00e9chets \u00e0 la source. <strong>R\u00e9utiliser<\/strong> ensuite, pour prolonger la dur\u00e9e de vie des objets. Et <strong>recycler<\/strong> par la suite, sans oublier de <strong>repenser<\/strong> le mod\u00e8le \u00e9conomique en amont. <strong>Il est essentiel de r\u00e9introduire une <a target=\"_blank\" href=\"https:\/\/mrmondialisation.org\/top-5-bonnes-raisons-tort\/\" target=\"_blank\" rel=\"noopener\">pens\u00e9e critique<\/a> dans le d\u00e9bat sur l\u2019\u00e9conomie circulaire.<\/strong><\/span><\/p>\n<p><strong>Tant que le volume global de d\u00e9chets continue de cro\u00eetre, aucun glissement s\u00e9mantique ne saurait suffire.<\/strong> Le d\u00e9fi n\u2019est pas de faire dispara\u00eetre les d\u00e9chets dans le vocabulaire, mais dans les faits. Sans quoi l\u2019\u00e9conomie circulaire ne fera que tourner en rond.<\/p>\n<p style=\"text-align: right;\"><em>\u2013 <strong>Aure Gemiot<\/strong><\/em><\/p>\n<hr\/>\n<p>Source image d\u2019en-t\u00eate : \u00e9boueurs ramassant des d\u00e9chets \u00e0 recycler \u00a9<a target=\"_blank\" href=\"https:\/\/unsplash.com\/fr\/photos\/personnes-ramassant-les-ordures-dans-un-camion-a-ordures-iR4mClggzEU\" target=\"_blank\" rel=\"noopener\">Unsplash<\/a><\/p>\n<div class=\"td-a-rec td-a-rec-id-content_bottom  tdi_2 td_block_template_1\">\n<span class=\"td-adspot-title\">&#8211; Cet article gratuit, ind\u00e9pendant et sans IA existe gr\u00e2ce aux abonn\u00e9s &#8211;<\/span><\/p>\n<div class=\"td-all-devices\">\n    <a target=\"_blank\" href=\"https:\/\/mrmondialisation.org\/donation\/\" title=\"Faire_un_don\"><img decoding=\"async\" class=\"donationArticle\" src=\"https:\/\/mrmondialisation.org\/wp-content\/uploads\/2022\/12\/220405-flikalicious-final.jpg\" alt=\"Donation\"\/><\/a>\n<\/div>\n<\/div><\/div>\n<p><br \/>\n<br \/><a href=\"https:\/\/mrmondialisation.org\/dechet-ressource-illusion-economie-circulaire\/\" target=\"_blank\"\">Source link <\/a><\/p>\n","protected":false},"excerpt":{"rendered":"<p>Pr\u00e9sent\u00e9e comme une r\u00e9ponse \u00e0 la crise \u00e9cologique, l\u2019\u00e9conomie circulaire transforme le d\u00e9chet, symbole de gaspillage, en ressource \u00e0 valoriser. Mais derri\u00e8re cette \u00e9volution s\u00e9mantique se cache une illusion\u202f: moraliser&hellip; <\/p>\n","protected":false},"author":1,"featured_media":20713,"comment_status":"open","ping_status":"open","sticky":false,"template":"","format":"standard","meta":{"footnotes":""},"categories":[1],"tags":[],"class_list":["post-20712","post","type-post","status-publish","format-standard","has-post-thumbnail","hentry","category-non-classe"],"_links":{"self":[{"href":"https:\/\/monde25.info\/index.php\/wp-json\/wp\/v2\/posts\/20712","targetHints":{"allow":["GET"]}}],"collection":[{"href":"https:\/\/monde25.info\/index.php\/wp-json\/wp\/v2\/posts"}],"about":[{"href":"https:\/\/monde25.info\/index.php\/wp-json\/wp\/v2\/types\/post"}],"author":[{"embeddable":true,"href":"https:\/\/monde25.info\/index.php\/wp-json\/wp\/v2\/users\/1"}],"replies":[{"embeddable":true,"href":"https:\/\/monde25.info\/index.php\/wp-json\/wp\/v2\/comments?post=20712"}],"version-history":[{"count":0,"href":"https:\/\/monde25.info\/index.php\/wp-json\/wp\/v2\/posts\/20712\/revisions"}],"wp:featuredmedia":[{"embeddable":true,"href":"https:\/\/monde25.info\/index.php\/wp-json\/wp\/v2\/media\/20713"}],"wp:attachment":[{"href":"https:\/\/monde25.info\/index.php\/wp-json\/wp\/v2\/media?parent=20712"}],"wp:term":[{"taxonomy":"category","embeddable":true,"href":"https:\/\/monde25.info\/index.php\/wp-json\/wp\/v2\/categories?post=20712"},{"taxonomy":"post_tag","embeddable":true,"href":"https:\/\/monde25.info\/index.php\/wp-json\/wp\/v2\/tags?post=20712"}],"curies":[{"name":"wp","href":"https:\/\/api.w.org\/{rel}","templated":true}]}}