{"id":20724,"date":"2025-12-11T09:47:36","date_gmt":"2025-12-11T08:47:36","guid":{"rendered":"https:\/\/monde25.info\/index.php\/2025\/12\/11\/suicide-des-agriculteurs-une-loi-examinee-a-lheure-ou-le-mal-etre-augmente\/"},"modified":"2025-12-11T09:47:36","modified_gmt":"2025-12-11T08:47:36","slug":"suicide-des-agriculteurs-une-loi-examinee-a-lheure-ou-le-mal-etre-augmente","status":"publish","type":"post","link":"https:\/\/monde25.info\/index.php\/2025\/12\/11\/suicide-des-agriculteurs-une-loi-examinee-a-lheure-ou-le-mal-etre-augmente\/","title":{"rendered":"Suicide des agriculteurs\u00a0: une loi examin\u00e9e \u00e0 l&#039;heure o\u00f9 le mal-\u00eatre augmente"},"content":{"rendered":"<p> <br \/>\n<br \/><img loading=\"lazy\" decoding=\"async\" src=\"https:\/\/reporterre.net\/local\/cache-vignettes\/L700xH467\/afp__20251124__hl_qtop_2968002__v1__highres__franceruralityneighborhoodillustration_1_-f4e43.jpg?1765435501\" class=\"spip_logo\" width=\"700\" height=\"467\" alt=\"\" \/><\/p>\n<p>L&rsquo;Assembl\u00e9e nationale examine le 11\u00a0d\u00e9cembre une proposition de loi pour pr\u00e9venir le suicide des agriculteurs. Une initiative salu\u00e9e, malgr\u00e9 des r\u00e9serves. <br class=\"autobr\" \/> Un agriculteur se suicide chaque jour. Pour faire face \u00e0 ce fl\u00e9au, la proposition de loi visant \u00e0 pr\u00e9venir le mal-\u00eatre et le risque suicidaire dans le monde agricole sera examin\u00e9e le 11\u00a0d\u00e9cembre \u00e0 l&rsquo;Assembl\u00e9e nationale, \u00e0 l&rsquo;occasion de la niche parlementaire du Parti socialiste. Port\u00e9e par le d\u00e9put\u00e9 de Haute-Garonne Arnaud Simion, elle\u00a0(\u2026)<\/p>\n<p>                    <a target=\"_blank\" href=\"https:\/\/reporterre.net\/Suicide-des-agriculteurs-une-loi-examinee-a-l-heure-ou-le-mal-etre-augmente?utm_source=RSS&amp;utm_medium=RSS\">Lire la suite<\/a><\/p>\n<p>                    &#8211;<br \/>\n                        <a target=\"_blank\" href=\"https:\/\/reporterre.net\/Autres-infos\" rel=\"directory\">Info<\/a><\/p>\n<p>                    \/<br \/>\n                        <a target=\"_blank\" href=\"https:\/\/reporterre.net\/Agriculture\" rel=\"tag\">Agriculture<\/a><br \/>\n                    ,<br \/>\n                        <a target=\"_blank\" href=\"https:\/\/reporterre.net\/Social\" rel=\"tag\">Social<\/a><br \/>\n<br \/><br \/>\n<br \/><a href=\"https:\/\/reporterre.net\/Suicide-des-agriculteurs-une-loi-examinee-a-l-heure-ou-le-mal-etre-augmente\" target=\"_blank\"\">Source link <\/a><\/p>\n","protected":false},"excerpt":{"rendered":"<p>L&rsquo;Assembl\u00e9e nationale examine le 11\u00a0d\u00e9cembre une proposition de loi pour pr\u00e9venir le suicide des agriculteurs. Une initiative salu\u00e9e, malgr\u00e9 des r\u00e9serves. Un agriculteur se suicide chaque jour. Pour faire face&hellip; <\/p>\n","protected":false},"author":1,"featured_media":0,"comment_status":"open","ping_status":"open","sticky":false,"template":"","format":"standard","meta":{"footnotes":""},"categories":[1],"tags":[],"class_list":["post-20724","post","type-post","status-publish","format-standard","hentry","category-non-classe"],"_links":{"self":[{"href":"https:\/\/monde25.info\/index.php\/wp-json\/wp\/v2\/posts\/20724","targetHints":{"allow":["GET"]}}],"collection":[{"href":"https:\/\/monde25.info\/index.php\/wp-json\/wp\/v2\/posts"}],"about":[{"href":"https:\/\/monde25.info\/index.php\/wp-json\/wp\/v2\/types\/post"}],"author":[{"embeddable":true,"href":"https:\/\/monde25.info\/index.php\/wp-json\/wp\/v2\/users\/1"}],"replies":[{"embeddable":true,"href":"https:\/\/monde25.info\/index.php\/wp-json\/wp\/v2\/comments?post=20724"}],"version-history":[{"count":0,"href":"https:\/\/monde25.info\/index.php\/wp-json\/wp\/v2\/posts\/20724\/revisions"}],"wp:attachment":[{"href":"https:\/\/monde25.info\/index.php\/wp-json\/wp\/v2\/media?parent=20724"}],"wp:term":[{"taxonomy":"category","embeddable":true,"href":"https:\/\/monde25.info\/index.php\/wp-json\/wp\/v2\/categories?post=20724"},{"taxonomy":"post_tag","embeddable":true,"href":"https:\/\/monde25.info\/index.php\/wp-json\/wp\/v2\/tags?post=20724"}],"curies":[{"name":"wp","href":"https:\/\/api.w.org\/{rel}","templated":true}]}}