{"id":20727,"date":"2025-12-11T10:53:37","date_gmt":"2025-12-11T09:53:37","guid":{"rendered":"https:\/\/monde25.info\/index.php\/2025\/12\/11\/la-republique-des-mignons-episode-2-richard-ferrand-le-mignon-historique-des-mutuelles-de-bretagne-au-recasement-opportun-au-conseil-constitutionnel\/"},"modified":"2025-12-11T10:53:37","modified_gmt":"2025-12-11T09:53:37","slug":"la-republique-des-mignons-episode-2-richard-ferrand-le-mignon-historique-des-mutuelles-de-bretagne-au-recasement-opportun-au-conseil-constitutionnel","status":"publish","type":"post","link":"https:\/\/monde25.info\/index.php\/2025\/12\/11\/la-republique-des-mignons-episode-2-richard-ferrand-le-mignon-historique-des-mutuelles-de-bretagne-au-recasement-opportun-au-conseil-constitutionnel\/","title":{"rendered":"La R\u00e9publique des mignons &#8211; \u00c9pisode 2 : Richard Ferrand, le mignon \u00ab\u00a0historique\u00a0\u00bb : des mutuelles de Bretagne au recasement opportun au Conseil constitutionnel"},"content":{"rendered":"<p> <br \/>\n<\/p>\n<div>\n<h5><strong>Un cas d\u2019\u00e9cole de mignon recycl\u00e9, o\u00f9 la loyaut\u00e9 paie plus que le CV<\/strong><\/h5>\n<p>Premier converti, ami de trente ans, artisan de la machine \u00ab\u00a0En Marche\u00a0\u00bb, Richard Ferrand, 63 ans, est le <strong>mignon historique<\/strong> <em>\u00ab\u00a0homard et champagne\u00a0\u00bb<\/em>par excellence. Breton trapu, regard per\u00e7ant, il a gravi les \u00e9chelons macroniens \u00e0 la vitesse d\u2019un favori royal \u2013 jusqu\u2019\u00e0 ce que les scandales le mettent sur la touche.<\/p>\n<p>Mis en examen, \u00e9vinc\u00e9 du perchoir de l\u2019Assembl\u00e9e nationale, il refait surface en f\u00e9vrier 2025 comme Pr\u00e9sident du Conseil constitutionnel. Sa nomination a \u00e9t\u00e9 valid\u00e9e par les deux assembl\u00e9es (S\u00e9nat et Assembl\u00e9e nationale), \u00e0 une voix pr\u00e8s. Valid\u00e9e malgr\u00e9 son inexp\u00e9rience juridique notoire et ses nombreuses casseroles.<\/p>\n<p>\u00a0<\/p>\n<h5><strong>Des mutuelles bretonnes \u00e0 la conqu\u00eate de l\u2019\u00c9lys\u00e9e<\/strong><\/h5>\n<p>N\u00e9 en 1962 \u00e0 Rodez, mais ancr\u00e9 en Bretagne, Richard Ferrand d\u00e9bute comme journaliste local ,avant de plonger dans le \u00ab\u00a0social\u00a0\u00bb\u00a0\u00bb : directeur des Mutuelles de Bretagne d\u00e8s 1998. PS historique (conseiller g\u00e9n\u00e9ral, d\u00e9put\u00e9 du Finist\u00e8re de 2007 \u00e0 2012), il rompt avec le parti en 2014 pour s&rsquo;attacher \u00e0 Emmanuel Macron (alias \u00ab\u00a0Le Mozart de la finance\u00a0\u00bb, le mignon impub\u00e8re de Fran\u00e7ois Hollande, Pr\u00e9sident \u00e0 l&rsquo;\u00e9poque), qu\u2019il rencontre via Pierre Moscovici.<\/p>\n<p>En 2016, \u00ab <em>Le bulldozer breton<\/em> \u00bb (surnom gagn\u00e9 pour son acharnement) est le premier parlementaire \u00e0 rallier En Marche, en devenant secr\u00e9taire g\u00e9n\u00e9ral du mouvement naissant.<\/p>\n<p><strong>Mai 2017<\/strong> : \u00e9lu d\u00e9put\u00e9, il est <strong>nomm\u00e9 ministre<\/strong> de la Coh\u00e9sion des territoires \u2013 mais seulement pour <strong>trois semaines<\/strong>. L\u2019affaire des Mutuelles explose : en 2011, comme directeur, il fait louer des locaux appartenant \u00e0 sa compagne (Sophie Tantot, collaboratrice) par l\u2019organisme mutualiste, \u00e0 un loyer avantageux (1 600 \u20ac\/mois pour 500 m\u00b2). Gain estim\u00e9 : 300 000 \u20ac pour elle. R\u00e9v\u00e9l\u00e9 par Le Canard encha\u00een\u00e9, <strong>le scandale torpille son minist\u00e8re<\/strong>.<\/p>\n<p>Mis en examen en 2019 pour \u00ab <em>prise ill\u00e9gale d\u2019int\u00e9r\u00eats<\/em> \u00bb, il est <strong>sauv\u00e9 par la prescription<\/strong> en 2022 (non-lieu). Mais la t\u00e2che colle.<\/p>\n<p>Pourtant, Macron le prot\u00e8ge : en 2018, il le propulse pr\u00e9sident de l\u2019Assembl\u00e9e (2018-2022), malgr\u00e9 les protestations. Ferrand <strong>g\u00e8re les d\u00e9bats \u00e2pres<\/strong> (retraites, bio\u00e9thique), mais <strong>accumule les bourdes<\/strong> : comptage rat\u00e9 des voix en 2019, nominations controvers\u00e9es (comme V\u00e9ronique Malbec au Conseil constitutionnel en 2022, ex-procureure qui avait class\u00e9 son affaire sans suite).<\/p>\n<blockquote>\n<p>Battu aux l\u00e9gislatives de 2024 dans le Finist\u00e8re, il est mis sur la touche momentan\u00e9ment.<\/p>\n<\/blockquote>\n<h5>\u00a0<\/h5>\n<h5><strong>Le fid\u00e8le mis \u00e0 l\u2019\u00e9cart pour \u00ab\u00a0<\/strong><em><strong>se refaire<\/strong><\/em><strong>\u00a0<\/strong><em><strong>une sant\u00e9<\/strong><\/em><strong>\u00a0\u00bb, puis recycl\u00e9.<\/strong><\/h5>\n<p><strong>Abus et myst\u00e8res, <\/strong>Ferrand est le mignon type : <strong>promotion par fid\u00e9lit\u00e9<\/strong>, <strong>n\u00e9potisme assum\u00e9<\/strong>, <strong>influence locale<\/strong> (Bretagne) au service du prince.<\/p>\n<p>Ses abus ? Au perchoir, il use de son marteau pour <strong>\u00e9touffer les oppositions et<\/strong> <strong>nomme des alli\u00e9s<\/strong> (Malbec, justement, promue malgr\u00e9 les soup\u00e7ons de complaisance).<\/p>\n<p>L\u2019affaire des mutuelles n\u2019est que <strong>la partie visible<\/strong> de l&rsquo;iceberg Richard Ferrand affaires judiciaires : des rumeurs de favoritisme dans les mutuelles (emplois fictifs ?), notamment, s&rsquo;activent sous la surface, ainsi qu&rsquo;une gestion opaque de l\u2019Assembl\u00e9e (d\u00e9penses somptuaires).<\/p>\n<blockquote>\n<p>Mais, la nomination au Conseil constitutionnel, en f\u00e9vrier 2025, <strong>d\u00e9fie l\u2019entendement<\/strong>.<\/p>\n<\/blockquote>\n<p>Propos\u00e9 par Macron pour succ\u00e9der \u00e0 Fabius (mandat finissant en mars), il passe un \u00ab <em><strong>double oral<\/strong><\/em><strong> \u00bb houleux<\/strong> aux commissions des Lois (Assembl\u00e9e et S\u00e9nat).<\/p>\n<p>Les critiques sont unanimes : <strong>proximit\u00e9 excessive avec l\u2019\u00c9lys\u00e9e<\/strong> (\u00ab <em>Il votera toujours Macron !<\/em> \u00bb), <strong>inexp\u00e9rience<\/strong> en droit constitutionnel (pas de master en droit public), et <strong>moralit\u00e9 douteuse<\/strong> (l\u2019affaire prescrite). Les LR (Marleix, Wauquiez) le torpillent sur sa \u00ab <em>moralit\u00e9<\/em> \u00bb, la gauche sur son \u00ab n\u00e9potisme \u00bb (Malbec comme preuve).<\/p>\n<p>Cependant, sa nomination est valid\u00e9e \u00e0 une voix pr\u00e8s (39 pour, 58 contre) gr\u00e2ce \u00e0 une abstention RN salvatrice. Jean-Luc M\u00e9lenchon d\u00e9noncera alors ce qu&rsquo;il appelle un \u00ab <em>deal<\/em> \u00bb, un petit arrangement en coulisses dont Emmanuel Macron et Marine Le Pen ont l&rsquo;habitude.<\/p>\n<blockquote>\n<p>Richard Ferrand entre ainsi en fonctions \u00e0 la pr\u00e9sidence du Conseil constitutionnel le 8 mars 2025.<\/p>\n<\/blockquote>\n<p>\u00a0<\/p>\n<h5><strong>D\u00e8s lors, la question se pose : pourquoi lui\u00a0?<\/strong><\/h5>\n<p>Que sait-il ? Quel secret d\u00e9tient-il pour d\u00e9crocher ce poste que des juristes chevronn\u00e9s convoitaient ?\u00a0 Les sp\u00e9culations fusent\u00a0:<\/p>\n<ul>\n<li>Les <strong>secrets d\u2019initi\u00e9<\/strong> : ami de Macron depuis 2012, il d\u00e9tient des dossiers sensibles \u2013 campagnes 2017\/2022, financements En Marche, intrigues internes (Benalla, Kohler, affaire Brigitte).<\/li>\n<li>Le <strong>recyclage loyal<\/strong> : mis sur la touche apr\u00e8s 2022, il a patient\u00e9 en retrait, \u00e9crivant des livres (Le temps des partages, 2023) pour polir son image. Macron le r\u00e9compense pour services rendus : il a tenu l\u2019Assembl\u00e9e pendant les crises.<\/li>\n<li>Le <strong>contexte politique<\/strong> : en cohabitation alors avec Fran\u00e7ois Bayrou en poste \u00e0 Matignon, Emmanuel Macron a <strong>besoin d\u2019un alli\u00e9 s\u00fbr<\/strong> au Conseil constitutionnel pour valider (ou bloquer) les lois. Des juristes comme Vichnievsky et Bas (nomm\u00e9s en m\u00eame temps que Richard Ferrand) font plus consensuels, mais Richard Ferrand est le <strong>chien de garde<\/strong>.<\/li>\n<\/ul>\n<p>\u00a0<\/p>\n<h5><strong>Le sort r\u00e9serv\u00e9 : apoth\u00e9ose ou bombe \u00e0 retardement ?<\/strong><\/h5>\n<p>Comme les mignons d\u2019Henri III, Richard Ferrand brille tardivement, mais il risque la chute.<\/p>\n<p>\u00c0 la t\u00eate du Conseil constitutionnel, il <strong>arbitre<\/strong> d\u00e9j\u00e0 <strong>des questions prioritaires de constitutionnalit\u00e9 (QPC) br\u00fblantes\u00a0<\/strong>: r\u00e9forme des retraites bis, immigration.<\/p>\n<p>Mais les <strong>ombres persistent<\/strong> : des plaintes pour partialit\u00e9, et l\u2019affaire Malbec qui refait surface.<\/p>\n<p>S\u2019il survit au quinquennat, c\u2019est une retraite dor\u00e9e (indemnit\u00e9s \u00e0 vie).\u00a0<\/p>\n<p>Sinon, comme \u00c9pernon, il trahira pour survivre.<\/p>\n<p>Richard Ferrand incarne le <strong>mignon recycl\u00e9<\/strong> d&rsquo;une R\u00e9publique plus que jamais parasite despotique vorace de la Nation France : \u00e0 la cour du roi les scandales ne tuent pas, la loyaut\u00e9 r\u00e9compense. Et comme l&rsquo;explique un des observateurs de la Cour \u00ab avec<em> Ferrand, on est loin d&rsquo;avoir tout vu et sa position au Conseil constitutionnel permettant \u00e0 Macron toutes formes de d\u00e9lits d&rsquo;initi\u00e9s, on n&rsquo;est pas au bout de nos surprises.<\/em>\u00a0\u00bb<\/p>\n<blockquote>\n<p>Malheureusement, tout cela a un co\u00fbt. Et le tribut que la Nation France paie \u00e0 cette entit\u00e9 \u00e9trang\u00e8re \u00e0 ses pr\u00e9occupations est \u00e9minemment lourd. Et c&rsquo;est encore pire pour le pays lui-m\u00eame. Et \u00e0 tous les niveaux\u00a0!<\/p>\n<\/blockquote>\n<p>\u00c0 suivre dans l\u2019\u00e9pisode 3 : Sibeth Ndiaye, la mignonne clou\u00e9e au pilori \u2013 bourdes, frasques et isolement d\u2019une favorite \u00e9ph\u00e9m\u00e8re.<\/p>\n<\/div>\n<p><script>(function(d, s, id) {  var js, fjs = d.getElementsByTagName(s)[0];  if (d.getElementById(id)) return;  js = d.createElement(s); js.id = id;  js.src = \"\/\/connect.facebook.net\/fr_FR\/sdk.js#xfbml=1&version=v2.3\";  fjs.parentNode.insertBefore(js, fjs);}(document, \"script\", \"facebook-jssdk\"));<\/script><br \/>\n<br \/><br \/>\n<br \/><a href=\"https:\/\/www.francesoir.fr\/opinions-editos\/la-republique-des-mignons-episode-2-richard-ferrand-le-mignon-homard-et-champagne\" target=\"_blank\"\">Source link <\/a><\/p>\n","protected":false},"excerpt":{"rendered":"<p>Un cas d\u2019\u00e9cole de mignon recycl\u00e9, o\u00f9 la loyaut\u00e9 paie plus que le CV Premier converti, ami de trente ans, artisan de la machine \u00ab\u00a0En Marche\u00a0\u00bb, Richard Ferrand, 63 ans,&hellip; <\/p>\n","protected":false},"author":1,"featured_media":20728,"comment_status":"open","ping_status":"open","sticky":false,"template":"","format":"standard","meta":{"footnotes":""},"categories":[1],"tags":[],"class_list":["post-20727","post","type-post","status-publish","format-standard","has-post-thumbnail","hentry","category-non-classe"],"_links":{"self":[{"href":"https:\/\/monde25.info\/index.php\/wp-json\/wp\/v2\/posts\/20727","targetHints":{"allow":["GET"]}}],"collection":[{"href":"https:\/\/monde25.info\/index.php\/wp-json\/wp\/v2\/posts"}],"about":[{"href":"https:\/\/monde25.info\/index.php\/wp-json\/wp\/v2\/types\/post"}],"author":[{"embeddable":true,"href":"https:\/\/monde25.info\/index.php\/wp-json\/wp\/v2\/users\/1"}],"replies":[{"embeddable":true,"href":"https:\/\/monde25.info\/index.php\/wp-json\/wp\/v2\/comments?post=20727"}],"version-history":[{"count":0,"href":"https:\/\/monde25.info\/index.php\/wp-json\/wp\/v2\/posts\/20727\/revisions"}],"wp:featuredmedia":[{"embeddable":true,"href":"https:\/\/monde25.info\/index.php\/wp-json\/wp\/v2\/media\/20728"}],"wp:attachment":[{"href":"https:\/\/monde25.info\/index.php\/wp-json\/wp\/v2\/media?parent=20727"}],"wp:term":[{"taxonomy":"category","embeddable":true,"href":"https:\/\/monde25.info\/index.php\/wp-json\/wp\/v2\/categories?post=20727"},{"taxonomy":"post_tag","embeddable":true,"href":"https:\/\/monde25.info\/index.php\/wp-json\/wp\/v2\/tags?post=20727"}],"curies":[{"name":"wp","href":"https:\/\/api.w.org\/{rel}","templated":true}]}}