{"id":20733,"date":"2025-12-11T14:44:40","date_gmt":"2025-12-11T13:44:40","guid":{"rendered":"https:\/\/monde25.info\/index.php\/2025\/12\/11\/la-coordination-rurale-vandalise-les-locaux-de-lofb-et-dassociations-environnementales\/"},"modified":"2025-12-11T14:44:40","modified_gmt":"2025-12-11T13:44:40","slug":"la-coordination-rurale-vandalise-les-locaux-de-lofb-et-dassociations-environnementales","status":"publish","type":"post","link":"https:\/\/monde25.info\/index.php\/2025\/12\/11\/la-coordination-rurale-vandalise-les-locaux-de-lofb-et-dassociations-environnementales\/","title":{"rendered":"La Coordination rurale vandalise les locaux de l&#039;OFB et d&#039;associations environnementales"},"content":{"rendered":"<p> <br \/>\n<br \/><img loading=\"lazy\" decoding=\"async\" src=\"https:\/\/reporterre.net\/local\/cache-vignettes\/L700xH467\/photo_siege_lpo_resized-18347.jpg?1765457236\" class=\"spip_logo\" width=\"700\" height=\"467\" alt=\"\" \/><\/p>\n<p>Dans la nuit du 10 au 11\u00a0d\u00e9cembre 2025, la Coordination rurale de Charente-Maritime (<span class=\"caps\">CR17<\/span>) a men\u00e9 une action devant les locaux de l&rsquo;Office fran\u00e7ais de la biodiversit\u00e9 (<span class=\"caps\">OFB<\/span>) \u00e0 Courcoury, pr\u00e8s de Saintes. <br class=\"autobr\" \/><br \/>\nUne cinquantaine de manifestants ont laiss\u00e9 des messages sur des supports en carton et plastique, notamment\u00a0: \u00ab<small class=\"fine d-inline\">\u00a0<\/small>Politiques \/ \u00c9colos, attaquez-vous aux vrais probl\u00e8mes<small class=\"fine d-inline\">\u00a0<\/small>\u00bb, \u00ab<small class=\"fine d-inline\">\u00a0<\/small>Stop \u00e0 la politique de d\u00e9production agricole fran\u00e7aise<small class=\"fine d-inline\">\u00a0<\/small>\u00bb et \u00ab<small class=\"fine d-inline\">\u00a0<\/small>Nous sommes tous B. Venteau<small class=\"fine d-inline\">\u00a0<\/small>\u00bb, en r\u00e9f\u00e9rence \u00e0 Bertrand\u00a0(\u2026)<\/p>\n<p>                    <a target=\"_blank\" href=\"https:\/\/reporterre.net\/La-Coordination-rurale-vandalise-les-locaux-de-l-OFB-et-d-associations-environnementales?utm_source=RSS&amp;utm_medium=RSS\">Lire la suite<\/a><\/p>\n<p>                    &#8211;<br \/>\n                        <a target=\"_blank\" href=\"https:\/\/reporterre.net\/Breves-20\" rel=\"directory\">En bref<\/a><\/p>\n<p>                    \/<br \/>\n                        <a target=\"_blank\" href=\"https:\/\/reporterre.net\/Agriculture\" rel=\"tag\">Agriculture<\/a><br \/>\n<br \/><br \/>\n<br \/><a href=\"https:\/\/reporterre.net\/La-Coordination-rurale-vandalise-les-locaux-de-l-OFB-et-d-associations-environnementales\" target=\"_blank\"\">Source link <\/a><\/p>\n","protected":false},"excerpt":{"rendered":"<p>Dans la nuit du 10 au 11\u00a0d\u00e9cembre 2025, la Coordination rurale de Charente-Maritime (CR17) a men\u00e9 une action devant les locaux de l&rsquo;Office fran\u00e7ais de la biodiversit\u00e9 (OFB) \u00e0 Courcoury,&hellip; <\/p>\n","protected":false},"author":1,"featured_media":0,"comment_status":"open","ping_status":"open","sticky":false,"template":"","format":"standard","meta":{"footnotes":""},"categories":[1],"tags":[],"class_list":["post-20733","post","type-post","status-publish","format-standard","hentry","category-non-classe"],"_links":{"self":[{"href":"https:\/\/monde25.info\/index.php\/wp-json\/wp\/v2\/posts\/20733","targetHints":{"allow":["GET"]}}],"collection":[{"href":"https:\/\/monde25.info\/index.php\/wp-json\/wp\/v2\/posts"}],"about":[{"href":"https:\/\/monde25.info\/index.php\/wp-json\/wp\/v2\/types\/post"}],"author":[{"embeddable":true,"href":"https:\/\/monde25.info\/index.php\/wp-json\/wp\/v2\/users\/1"}],"replies":[{"embeddable":true,"href":"https:\/\/monde25.info\/index.php\/wp-json\/wp\/v2\/comments?post=20733"}],"version-history":[{"count":0,"href":"https:\/\/monde25.info\/index.php\/wp-json\/wp\/v2\/posts\/20733\/revisions"}],"wp:attachment":[{"href":"https:\/\/monde25.info\/index.php\/wp-json\/wp\/v2\/media?parent=20733"}],"wp:term":[{"taxonomy":"category","embeddable":true,"href":"https:\/\/monde25.info\/index.php\/wp-json\/wp\/v2\/categories?post=20733"},{"taxonomy":"post_tag","embeddable":true,"href":"https:\/\/monde25.info\/index.php\/wp-json\/wp\/v2\/tags?post=20733"}],"curies":[{"name":"wp","href":"https:\/\/api.w.org\/{rel}","templated":true}]}}