{"id":20764,"date":"2025-12-12T06:08:48","date_gmt":"2025-12-12T05:08:48","guid":{"rendered":"https:\/\/monde25.info\/index.php\/2025\/12\/12\/la-contamination-silencieuse-des-sols-francais\/"},"modified":"2025-12-12T06:08:48","modified_gmt":"2025-12-12T05:08:48","slug":"la-contamination-silencieuse-des-sols-francais","status":"publish","type":"post","link":"https:\/\/monde25.info\/index.php\/2025\/12\/12\/la-contamination-silencieuse-des-sols-francais\/","title":{"rendered":"la contamination silencieuse des sols fran\u00e7ais"},"content":{"rendered":"<p> <br \/>\n<\/p>\n<div>\n<h4><b>Pour la premi\u00e8re fois en France, une \u00e9tude in\u00e9dite r\u00e9v\u00e8le l\u2019ampleur de la pollution des sols par les microplastiques. Publi\u00e9s le 26 d\u00e9cembre 2024, les r\u00e9sultats pr\u00e9sent\u00e9s par l\u2019ADEME font \u00e9tat de la <em>\u00ab pr\u00e9sence quasi syst\u00e9matique \u00bb<\/em> de ces fragments de plastique \u00e0 travers l\u2019Hexagone : prairies, vignes, vergers ou grandes cultures, aucun type de sol n\u2019est \u00e9pargn\u00e9.<\/b><\/h4>\n<p><span style=\"font-weight: 400;\">Depuis 2015, plus de 6,9 milliards de tonnes de d\u00e9chets plastiques ont \u00e9t\u00e9 produites. Environ 9 % ont \u00e9t\u00e9 recycl\u00e9s, 12 % ont \u00e9t\u00e9 incin\u00e9r\u00e9s et <\/span><a target=\"_blank\" href=\"https:\/\/www.nationalgeographic.fr\/le-plastique-en-10-chiffres\" target=\"_blank\" rel=\"noopener\"><span style=\"font-weight: 400;\">79 % se sont accumul\u00e9s dans des d\u00e9charges ou dans la nature<\/span><span style=\"font-weight: 400;\">. <\/span><\/a><span style=\"font-weight: 400;\">Contrairement \u00e0 d\u2019autres mat\u00e9riaux, <strong>le plastique n\u2019est pas biod\u00e9gradable et peut mettre des centaines d\u2019ann\u00e9es pour se d\u00e9composer<\/strong>. \u00ab <\/span><i><span style=\"font-weight: 400;\">Cette pollution asphyxie les esp\u00e8ces marines, a une incidence n\u00e9gative sur les sols, empoisonne l\u2019eau souterraine, et peut avoir de <\/span><\/i><a target=\"_blank\" href=\"https:\/\/www.unep.org\/fr\/resources\/de-la-pollution-la-solution-une-evaluation-mondiale-des-dechets-marins-et-de-la-pollution\" target=\"_blank\" rel=\"noopener\"><i><span style=\"font-weight: 400;\">graves r\u00e9percussions sur la sant\u00e9<\/span><\/i><\/a> \u00bb<span style=\"font-weight: 400;\">, <\/span><a target=\"_blank\" href=\"https:\/\/www.un.org\/africarenewal\/fr\/magazine\/mai-2023\/comprendre-la-pollution-plastique-et-son-impact-sur-les-vies\" target=\"_blank\" rel=\"noopener\"><span style=\"font-weight: 400;\">rappelle l\u2019Organisation des Nations-Unies<\/span><\/a><span style=\"font-weight: 400;\">.<\/span><\/p>\n<h2><b>Premi\u00e8res donn\u00e9es sur le sol fran\u00e7ais<\/b><\/h2>\n<p><span style=\"font-weight: 400;\">Alors que de nombreux rapports documentent la pollution plastique des oc\u00e9ans et la menace que fait peser cette accumulation de d\u00e9chets sur les environnements marins, <strong>tr\u00e8s peu de travaux ont \u00e0 ce jour \u00e9tudi\u00e9 leur pr\u00e9sence dans les sols.<\/strong><\/span><\/p>\n<p>Mais qu\u2019est-ce qu\u2019un microplastique ? <strong>\u00ab <\/strong><strong><i>On qualifie de microplastiques les plastiques qui mesurent moins de 5\u202fmm et plus de 1 micron (sous cette taille, ce sont des nanoplastiques) \u00bb<\/i><\/strong><span style=\"font-weight: 400;\"><strong>,<\/strong> explique Isabelle Deportes, ing\u00e9nieure impacts sanitaires et \u00e9cotoxicologiques de l\u2019\u00e9conomie circulaire \u00e0 l\u2019ADEME, dans un communiqu\u00e9.\u00a0<\/span><\/p>\n<p><span style=\"font-weight: 400;\">Pour \u00e9tablir les <strong><em>\u00ab premi\u00e8res r\u00e9f\u00e9rences nationales \u00bb<\/em> sur la contamination des sols fran\u00e7ais par les microplastiques,<\/strong><a target=\"_blank\" href=\"https:\/\/librairie.ademe.fr\/economie-circulaire-et-dechets\/6572-projet-microsof-recherche-de-microplastiques-dans-33-sols-francais.html\" target=\"_blank\" rel=\"noopener\"> l\u2019ADEME a recueilli 33 \u00e9chantillons de terres sur tout le territoire m\u00e9tropolitain.<\/a> R\u00e9alis\u00e9e en collaboration avec le r\u00e9seau de mesure de qualit\u00e9 des sols de l\u2019INRAE, cette analyse r\u00e9v\u00e8le des r\u00e9sultats sans appel. <strong>Sur 25 extraits \u00e9tudi\u00e9s, 76% contiennent des microplastiques, \u00e0 des niveaux variables.<\/strong><\/span><\/p>\n<h2><b>Une pollution g\u00e9n\u00e9ralis\u00e9e<\/b><\/h2>\n<p><span style=\"font-weight: 400;\">Pr\u00e9lev\u00e9s dans des prairies, for\u00eats, vergers, vignes et grandes cultures r\u00e9partis sur le territoire, les \u00e9chantillons ont \u00e9t\u00e9 analys\u00e9s par l\u2019Institut de recherche Dupuy de L\u00f4me, \u00e0 Lorient (Morbihan). Si aucun type de sols n\u2019est compl\u00e8tement \u00e9pargn\u00e9 par la pr\u00e9sence de microplastiques, les auteur\u00b7ices de l\u2019\u00e9tude observent rapidement qu\u2019<strong>il existe \u00ab <\/strong><\/span><strong><i>un risque accru de pollution des sols soumis aux interventions humaines par rapport aux espaces naturels<\/i><\/strong><span style=\"font-weight: 400;\"><strong> \u00bb.<br \/><\/strong> <\/span><\/p>\n<blockquote>\n<p><span style=\"font-weight: 400;\"><strong>\u00ab En moyenne, un kilogramme de sol sec renferme 15 microparticules de plastique, dont 70 % affichent une taille inf\u00e9rieure \u00e0 2 mm. \u00bb<\/strong><br \/><\/span><\/p>\n<\/blockquote>\n<p><span style=\"font-weight: 400;\">Et pour cause : <strong>la tr\u00e8s grande majorit\u00e9 des sols de prairies (4 \u00e9chantillons sur 4), de vignes et vergers (3 sur 4) et de grandes cultures (17 sur 21) est contamin\u00e9e<\/strong>, contrairement aux sols de for\u00eats (1 sur 4). En moyenne, un kilogramme de sol sec renferme 15 microparticules de plastique, <strong>dont 70 % affichent une taille inf\u00e9rieure \u00e0 2 mm.<\/strong><\/span><\/p>\n<p><span style=\"font-weight: 400;\">Un d\u00e9tail qui a toute son importance, car si une r\u00e9glementation existe pour les plus gros d\u2019entre eux (compris entre 2 et 5\u202fmm) dans les mati\u00e8res fertilisantes et les supports de culture, <strong>\u00ab <\/strong><\/span><strong><i>on note un manque juridique, mais aussi un manque scientifique <strong>\u00bb<\/strong><\/i><\/strong><span style=\"font-weight: 400;\"><strong>\u00a0pour les autres types de mol\u00e9cules circulant dans notre environnement,<\/strong> observe Isabelle Deportes. En l\u2019absence de r\u00e9glementation adapt\u00e9e, <strong>une contamination diffuse mais l\u00e9gale se propage sans contr\u00f4le.<\/strong><\/span><\/p>\n<h2><b>Certaines activit\u00e9s agricoles en cause<\/b><\/h2>\n<p><span style=\"font-weight: 400;\">Le rapport sugg\u00e8re des sources de pollution multiples, m\u00eame si elles ne sont pas identifi\u00e9es clairement par les auteur\u00b7ices. Ainsi, <strong>la pr\u00e9sence de d\u00e9charges \u00e0 proximit\u00e9 des sols \u00e9tudi\u00e9s, le d\u00e9p\u00f4t atmosph\u00e9rique ou encore le ruissellement de surface<\/strong> sont toutes des causes de pollution probables pour chaque environnement \u00e9tudi\u00e9.\u00a0<\/span><\/p>\n<figure id=\"attachment_690173\" aria-describedby=\"caption-attachment-690173\" style=\"width: 1024px\" class=\"wp-caption alignnone\"><img fetchpriority=\"high\" decoding=\"async\" class=\"size-medium wp-image-690173\" src=\"https:\/\/mrmondialisation.org\/wp-content\/uploads\/2025\/01\/baches-a-plat-agricoles-dans-un-champ-2-1024x684.jpg\" alt=\"\" width=\"1024\" height=\"684\" srcset=\"https:\/\/mrmondialisation.org\/wp-content\/uploads\/2025\/01\/baches-a-plat-agricoles-dans-un-champ-2-1024x684.jpg 1024w, https:\/\/mrmondialisation.org\/wp-content\/uploads\/2025\/01\/baches-a-plat-agricoles-dans-un-champ-2-768x513.jpg 768w, https:\/\/mrmondialisation.org\/wp-content\/uploads\/2025\/01\/baches-a-plat-agricoles-dans-un-champ-2-696x465.jpg 696w, https:\/\/mrmondialisation.org\/wp-content\/uploads\/2025\/01\/baches-a-plat-agricoles-dans-un-champ-2-1068x713.jpg 1068w, https:\/\/mrmondialisation.org\/wp-content\/uploads\/2025\/01\/baches-a-plat-agricoles-dans-un-champ-2-629x420.jpg 629w, https:\/\/mrmondialisation.org\/wp-content\/uploads\/2025\/01\/baches-a-plat-agricoles-dans-un-champ-2.jpg 1200w\" sizes=\"(max-width: 1024px) 100vw, 1024px\"\/><figcaption id=\"caption-attachment-690173\" class=\"wp-caption-text\">Les b\u00e2ches plastiques sont r\u00e9guli\u00e8rement utilis\u00e9es par les agriculteur\u00b7ices. Cela leur \u00e9vite de garder le sol \u00e0 nu avant que les cultures ne recouvrent la surface. Elles permettent \u00e9galement de limiter la lev\u00e9e des \u00ab\u00a0mauvaises herbes\u00a0\u00bb et d\u2019\u00e9viter l\u2019\u00e9vapotranspiration en maintenant une humidit\u00e9 constante des cultures. \u2013 WikiCommons<\/figcaption><\/figure>\n<p>En outre, l\u2019ADEME pointe certaines pratiques agricoles comme sources majeures de contamination. <strong>La d\u00e9gradation des films plastiques install\u00e9s chaque ann\u00e9e sur les parcelles<\/strong> \u2014 pour r\u00e9guler la chaleur, maintenir l\u2019humidit\u00e9 ou bloquer les herbes ind\u00e9sirables \u2014 lib\u00e8re des fragments dans les sols, y compris pour les versions dites biod\u00e9gradables. Les fertilisants issus de mati\u00e8res organiques contiennent eux aussi du plastique, via des erreurs de tri des biod\u00e9chets. <strong><em>\u00ab Le plastique est partout, m\u00eame le lisier des vaches en contient \u00bb,<\/em><\/strong> <a target=\"_blank\" href=\"https:\/\/www.pourquoidocteur.fr\/Articles\/Question-d-actu\/50172-Microplastiques-quarts-sols-francais-seraient-contamines\" target=\"_blank\" rel=\"noopener\">alerte Isabelle Deportes,<\/a> ing\u00e9nieure \u00e0 l\u2019ADEME.<\/p>\n<p><span style=\"font-weight: 400;\">Ces pratiques agricoles sont pourtant vertueuses \u00e0 plusieurs \u00e9gards, notamment car elles permettent de <strong><a target=\"_blank\" href=\"https:\/\/mrmondialisation.org\/degradation-des-sols-le-fleau-grandit-dans-lindifference\/\" target=\"_blank\" rel=\"noopener\">r\u00e9duire l\u2019utilisation d\u2019engrais de synth\u00e8se<\/a> d\u00e9l\u00e9t\u00e8res pour l\u2019environnement et la sant\u00e9 humaine<\/strong>. Elles constituent d\u00e8s lors un \u00ab <\/span><i><span style=\"font-weight: 400;\">enjeu fort de l\u2019\u00e9conomie circulaire et de la transition agro\u00e9cologique et climatique<\/span><\/i><span style=\"font-weight: 400;\"> \u00bb, rappelle l\u2019ADEME, mais doivent \u00eatre <strong>mieux encadr\u00e9es et surveill\u00e9es pour assurer leur innocuit\u00e9<\/strong>.\u00a0<\/span><\/p>\n<h2><b>Poursuivre les efforts de recherche<\/b><\/h2>\n<p><span style=\"font-weight: 400;\">Au-del\u00e0 des activit\u00e9s agricoles, <strong>l\u2019\u00e9tude note \u00e9galement le poids des emballages plastiques dans la contamination des sols fran\u00e7ais<\/strong>. <a target=\"_blank\" href=\"https:\/\/mrmondialisation.org\/plastique-cette-dependance-qui-nous-tue\/\" target=\"_blank\" rel=\"noopener\">Les polym\u00e8res fr\u00e9quemment retrouv\u00e9s dans les \u00e9chantillons analys\u00e9s,<\/a> sont en effet principalement utilis\u00e9s dans la fabrication des emballages courants.<\/span><\/p>\n<div class=\"td-a-rec td-a-rec-id-content_inline  tdi_1 td_block_template_1\">\n<center><a target=\"_blank\" href=\"https:\/\/fr.tipeee.com\/mr-mondialisation\" class=\"tipeee-project-small\">Je m&rsquo;abonne \u00e0 Mr Mondialisation<\/a>&#13;<br \/>\n<\/center>&amp;nbsp<\/div>\n<p>Ils recouvrent ou contiennent chacun de nos achats jusqu\u2019\u00e0 nos aliments, comme le polystyr\u00e8ne. Principalement destin\u00e9 \u00e0 un usage unique, <strong>ce segment de march\u00e9 repr\u00e9sente pr\u00e8s de la moiti\u00e9 de tous les d\u00e9chets plastiques produits dans le monde<\/strong>, la plupart n\u2019\u00e9tant jamais recycl\u00e9s ou incin\u00e9r\u00e9s.<\/p>\n<figure id=\"attachment_690172\" aria-describedby=\"caption-attachment-690172\" style=\"width: 1024px\" class=\"wp-caption alignnone\"><img loading=\"lazy\" decoding=\"async\" class=\"size-medium wp-image-690172\" src=\"https:\/\/mrmondialisation.org\/wp-content\/uploads\/2025\/01\/cheese-2725235-1280-1024x682.jpg\" alt=\"\" width=\"1024\" height=\"682\" srcset=\"https:\/\/mrmondialisation.org\/wp-content\/uploads\/2025\/01\/cheese-2725235-1280-1024x682.jpg 1024w, https:\/\/mrmondialisation.org\/wp-content\/uploads\/2025\/01\/cheese-2725235-1280-768x512.jpg 768w, https:\/\/mrmondialisation.org\/wp-content\/uploads\/2025\/01\/cheese-2725235-1280-696x464.jpg 696w, https:\/\/mrmondialisation.org\/wp-content\/uploads\/2025\/01\/cheese-2725235-1280-1068x712.jpg 1068w, https:\/\/mrmondialisation.org\/wp-content\/uploads\/2025\/01\/cheese-2725235-1280-630x420.jpg 630w, https:\/\/mrmondialisation.org\/wp-content\/uploads\/2025\/01\/cheese-2725235-1280.jpg 1280w\" sizes=\"auto, (max-width: 1024px) 100vw, 1024px\"\/><figcaption id=\"caption-attachment-690172\" class=\"wp-caption-text\">Les rayons des supermarch\u00e9s conventionnels sont remplis d\u2019aliments emball\u00e9s sous plastique \u00e0 usage unique. \u2013 Cr\u00e9dits : Pixabay<\/figcaption><\/figure>\n<p><span style=\"font-weight: 400;\">Finalement, l\u2019ADEME appelle \u00e0 <strong>poursuivre les efforts scientifiques dans ce domaine afin d\u2019encadrer au mieux cette pollution encore mal connue<\/strong>. \u00ab <\/span><i><span style=\"font-weight: 400;\">Comme on l\u2019a fait pour les milieux aquatiques, il est d\u00e9sormais urgent d\u2019acc\u00e9l\u00e9rer la recherche pour \u00e9valuer les cons\u00e9quences de cette contamination terrestre sur l\u2019environnement et la sant\u00e9 humaine<\/span><\/i><span style=\"font-weight: 400;\"> \u00bb, <a target=\"_blank\" href=\"https:\/\/www.lemonde.fr\/planete\/article\/2024\/12\/26\/la-pollution-aux-microplastiques-est-massivement-presente-dans-les-sols-francais_6467672_3244.html\" target=\"_blank\" rel=\"noopener\">commente Isabelle Deportes au Monde<\/a>.<\/span><\/p>\n<p>Afin d\u2019\u00e9largir l\u2019\u00e9tat des connaissances, l\u2019agence fran\u00e7aise souhaite <strong>poursuivre son analyse en explorant d\u2019autres types de sols, comme les zones urbaines ou les territoires d\u2019Outre-Mer<\/strong>.<\/p>\n<p style=\"text-align: right;\"><em><span style=\"color: #202122;\">\u2013<\/span><\/em><strong><em>Aure Gemiot<\/em><\/strong><\/p>\n<hr\/>\n<p>Source image d\u2019en-t\u00eate : troupeau de bovins au sommet d\u2019ordures \u00a9<a target=\"_blank\" href=\"https:\/\/unsplash.com\/fr\/photos\/un-troupeau-de-bovins-debout-au-sommet-dun-tas-dordures-h0CRAEJBNY0\" target=\"_blank\" rel=\"noopener\">Unsplash<\/a><strong><em>\u00a0<\/em><\/strong><\/p>\n<div class=\"td-a-rec td-a-rec-id-content_bottom  tdi_2 td_block_template_1\">\n<span class=\"td-adspot-title\">&#8211; Cet article gratuit, ind\u00e9pendant et sans IA existe gr\u00e2ce aux abonn\u00e9s &#8211;<\/span><\/p>\n<div class=\"td-all-devices\">\n    <a target=\"_blank\" href=\"https:\/\/mrmondialisation.org\/donation\/\" title=\"Faire_un_don\"><img decoding=\"async\" class=\"donationArticle\" src=\"https:\/\/mrmondialisation.org\/wp-content\/uploads\/2022\/12\/220405-flikalicious-final.jpg\" alt=\"Donation\"\/><\/a>\n<\/div>\n<\/div><\/div>\n<p><br \/>\n<br \/><a href=\"https:\/\/mrmondialisation.org\/crise-plastiques-contamination-silencieuse-sols-francais\/\" target=\"_blank\"\">Source link <\/a><\/p>\n","protected":false},"excerpt":{"rendered":"<p>Pour la premi\u00e8re fois en France, une \u00e9tude in\u00e9dite r\u00e9v\u00e8le l\u2019ampleur de la pollution des sols par les microplastiques. Publi\u00e9s le 26 d\u00e9cembre 2024, les r\u00e9sultats pr\u00e9sent\u00e9s par l\u2019ADEME font&hellip; <\/p>\n","protected":false},"author":1,"featured_media":20765,"comment_status":"open","ping_status":"open","sticky":false,"template":"","format":"standard","meta":{"footnotes":""},"categories":[1],"tags":[],"class_list":["post-20764","post","type-post","status-publish","format-standard","has-post-thumbnail","hentry","category-non-classe"],"_links":{"self":[{"href":"https:\/\/monde25.info\/index.php\/wp-json\/wp\/v2\/posts\/20764","targetHints":{"allow":["GET"]}}],"collection":[{"href":"https:\/\/monde25.info\/index.php\/wp-json\/wp\/v2\/posts"}],"about":[{"href":"https:\/\/monde25.info\/index.php\/wp-json\/wp\/v2\/types\/post"}],"author":[{"embeddable":true,"href":"https:\/\/monde25.info\/index.php\/wp-json\/wp\/v2\/users\/1"}],"replies":[{"embeddable":true,"href":"https:\/\/monde25.info\/index.php\/wp-json\/wp\/v2\/comments?post=20764"}],"version-history":[{"count":0,"href":"https:\/\/monde25.info\/index.php\/wp-json\/wp\/v2\/posts\/20764\/revisions"}],"wp:featuredmedia":[{"embeddable":true,"href":"https:\/\/monde25.info\/index.php\/wp-json\/wp\/v2\/media\/20765"}],"wp:attachment":[{"href":"https:\/\/monde25.info\/index.php\/wp-json\/wp\/v2\/media?parent=20764"}],"wp:term":[{"taxonomy":"category","embeddable":true,"href":"https:\/\/monde25.info\/index.php\/wp-json\/wp\/v2\/categories?post=20764"},{"taxonomy":"post_tag","embeddable":true,"href":"https:\/\/monde25.info\/index.php\/wp-json\/wp\/v2\/tags?post=20764"}],"curies":[{"name":"wp","href":"https:\/\/api.w.org\/{rel}","templated":true}]}}