{"id":2078,"date":"2024-12-13T01:14:17","date_gmt":"2024-12-13T00:14:17","guid":{"rendered":"https:\/\/monde25.info\/index.php\/2024\/12\/13\/un-consensus-a-ete-atteint-selon-guterres-pour-que-deux-pays-africains-deviennent-membres-permanents-rt-en-francais\/"},"modified":"2024-12-13T01:14:17","modified_gmt":"2024-12-13T00:14:17","slug":"un-consensus-a-ete-atteint-selon-guterres-pour-que-deux-pays-africains-deviennent-membres-permanents-rt-en-francais","status":"publish","type":"post","link":"https:\/\/monde25.info\/index.php\/2024\/12\/13\/un-consensus-a-ete-atteint-selon-guterres-pour-que-deux-pays-africains-deviennent-membres-permanents-rt-en-francais\/","title":{"rendered":"un \u00abconsensus a \u00e9t\u00e9 atteint\u00bb, selon Guterres, pour que deux pays africains deviennent membres permanents \u2014 RT en fran\u00e7ais"},"content":{"rendered":"<p> <br \/>\n<br \/><img decoding=\"async\" src=\"https:\/\/mf.b37mrtl.ru\/french\/images\/2024.12\/thumbnail\/675b37f86f7ccc0502726217.jpeg\" \/><\/p>\n<div>\n<p class=\"text__summary\">\n                                        \u00c0 Pretoria, Ant\u00f3nio Guterres, secr\u00e9taire g\u00e9n\u00e9ral de l&rsquo;ONU, a soulign\u00e9 sa mission de \u00absolidarit\u00e9 et de justice\u00bb pour l&rsquo;Afrique, mettant en avant la n\u00e9cessit\u00e9 d&rsquo;une justice financi\u00e8re, climatique et technologique. Il a \u00e9galement affirm\u00e9 qu&rsquo;il ne conclurait pas son mandat sans voir des pays africains obtenir un si\u00e8ge permanent au Conseil de s\u00e9curit\u00e9.\n                                    <\/p>\n<p>S&rsquo;exprimant devant des journalistes le 11 d\u00e9cembre, dans la ville sud-africaine de Pretoria, le Secr\u00e9taire g\u00e9n\u00e9ral <a target=\"_blank\" href=\"https:\/\/www.youtube.com\/watch?v=UjzsMJFbaiw&amp;ab_channel=UnitedNations\" target=\"_blank\" rel=\"noopener noreferrer\">Antonio Guterres a d\u00e9clar\u00e9<\/a>\u00a0\u00eatre \u00abactuellement en mission de solidarit\u00e9 et de justice\u00bb, r\u00e9it\u00e9rant \u00abque l&rsquo;Afrique a besoin de justice financi\u00e8re, de justice climatique et de justice technologique\u00bb.<\/p>\n<p>Le patron de l&rsquo;ONU s&rsquo;est rendu en Afrique du Sud quelques jours apr\u00e8s que le pays s&rsquo;appr\u00eate \u00e0 assumer la pr\u00e9sidence du G20 pour l&rsquo;ann\u00e9e 2025, premier pays africain \u00e0 diriger ce groupe de nations puissantes dans le cadre du principe de rotation annuelle.<\/p>\n<p>Lors d&rsquo;une conf\u00e9rence de presse conjointe avec Ronald Lamola, ministre des Relations internationales et de la Coop\u00e9ration de l&rsquo;Afrique du Sud, le haut responsable de l&rsquo;ONU a soulign\u00e9 que \u00abl&rsquo;Afrique poss\u00e8dait un potentiel \u00e9norme, mais qu&rsquo;elle est encore frein\u00e9e par des injustices profond\u00e9ment enracin\u00e9es dans l&rsquo;histoire du colonialisme,\u00bb a-t-il assur\u00e9.<\/p>\n<h2>\u00abJustice\u00bb climatique et technologique pour l&rsquo;Afrique<\/h2>\n<p>\u00abLe monde doit aider l&rsquo;Afrique \u00e0 b\u00e2tir des \u00e9conomies vertes bas\u00e9es sur les \u00e9nergies renouvelables\u00bb a mis en avant Guterres,\u00a0ajoutant qu&rsquo;\u00abil\u00a0\u00e9tait absurde que l&rsquo;Afrique, qui abrite 60% des meilleures ressources solaires au monde, ne re\u00e7oive que 2% des investissements mondiaux dans l&rsquo;\u00e9nergie solaire\u00bb.<\/p>\n<p>\u00abNous devons changer cela. Et nous devons veiller \u00e0 ce que les ressources min\u00e9rales critiques de l&rsquo;Afrique \u2013 qui peuvent alimenter la r\u00e9volution des \u00e9nergies renouvelables \u00e0 l&rsquo;\u00e9chelle mondiale \u2013 profitent avant tout aux Africains\u00bb, a \u00e9galement soulign\u00e9 le Secr\u00e9taire g\u00e9n\u00e9ral de l&rsquo;ONU.<\/p>\n<p>Sur le volet technologique, Guterres a affirm\u00e9 que le continent \u00abne doit pas \u00eatre laiss\u00e9 derri\u00e8re dans la r\u00e9volution technologique, ni exclu des discussions mondiales visant \u00e0 exploiter les avantages de cette technologie tout en limitant ses risques\u00bb.<\/p>\n<p>Guterres a cit\u00e9 l&rsquo;intelligence artificielle comme exemple, soulignant que le Pacte num\u00e9rique mondial, adopt\u00e9 en septembre, \u00e9tablit le premier accord universel sur la gouvernance de l\u2019IA. Celui-ci pr\u00e9voit la cr\u00e9ation d\u2019un Panel scientifique ind\u00e9pendant et un dialogue mondial sous l&rsquo;\u00e9gide de l&rsquo;ONU, avec des options de financement pour renforcer les capacit\u00e9s en IA dans les pays en d\u00e9veloppement.<\/p>\n<h2><strong>L&rsquo;Afrique au Conseil de s\u00e9curit\u00e9, une question de paix<\/strong><\/h2>\n<p>Le chef de l&rsquo;ONU a soulign\u00e9 que seule la paix pouvait apporter \u00abla justice\u00bb, appelant \u00e0 la fin des hostilit\u00e9s au Soudan et \u00e0 un engagement vers une paix durable et la responsabilisation avant d&rsquo;ajouter \u00abnous renforcerons notre collaboration pour promouvoir les droits de l\u2019Homme et lutter contre le terrorisme et l\u2019extr\u00e9misme violent\u00bb.<\/p>\n<p>Les pays africains devraient bient\u00f4t rejoindre le Conseil de s\u00e9curit\u00e9 des Nations unies (CSNU) en tant que <a target=\"_blank\" href=\"https:\/\/tass.ru\/mezhdunarodnaya-panorama\/22643047\" target=\"_blank\" rel=\"noopener noreferrer\">membres permanents<\/a>. C\u2019est ce qu\u2019a d\u00e9clar\u00e9 \u00e0 l\u2019agence de presse russe TASS Ant\u00f3nio Guterres, le secr\u00e9taire g\u00e9n\u00e9ral de l\u2019ONU.<\/p>\n<p>\u00abLes obstacles les plus importants \u00e0 l\u2019entr\u00e9e des pays africains au Conseil de s\u00e9curit\u00e9 de l\u2019ONU ont \u00e9t\u00e9 surmont\u00e9s. Un consensus a \u00e9t\u00e9 atteint pour que deux pays africains deviennent membres permanents du Conseil de s\u00e9curit\u00e9. Je suis certain que je ne terminerai pas mon mandat de secr\u00e9taire g\u00e9n\u00e9ral de l\u2019ONU sans voir des pays africains devenir membres permanents du Conseil de s\u00e9curit\u00e9\u00bb, a-t-il affirm\u00e9.<\/p>\n<\/div>\n<p><br \/>\n<br \/><a href=\"https:\/\/francais.rt.com\/afrique\/115327-conseil-securite-consensus-atteint-permanents\" target=\"_blank\"\">Source link <\/a><\/p>\n","protected":false},"excerpt":{"rendered":"<p>\u00c0 Pretoria, Ant\u00f3nio Guterres, secr\u00e9taire g\u00e9n\u00e9ral de l&rsquo;ONU, a soulign\u00e9 sa mission de \u00absolidarit\u00e9 et de justice\u00bb pour l&rsquo;Afrique, mettant en avant la n\u00e9cessit\u00e9 d&rsquo;une justice financi\u00e8re, climatique et technologique.&hellip; <\/p>\n","protected":false},"author":1,"featured_media":2079,"comment_status":"open","ping_status":"open","sticky":false,"template":"","format":"standard","meta":{"footnotes":""},"categories":[1],"tags":[],"class_list":["post-2078","post","type-post","status-publish","format-standard","has-post-thumbnail","hentry","category-non-classe"],"_links":{"self":[{"href":"https:\/\/monde25.info\/index.php\/wp-json\/wp\/v2\/posts\/2078","targetHints":{"allow":["GET"]}}],"collection":[{"href":"https:\/\/monde25.info\/index.php\/wp-json\/wp\/v2\/posts"}],"about":[{"href":"https:\/\/monde25.info\/index.php\/wp-json\/wp\/v2\/types\/post"}],"author":[{"embeddable":true,"href":"https:\/\/monde25.info\/index.php\/wp-json\/wp\/v2\/users\/1"}],"replies":[{"embeddable":true,"href":"https:\/\/monde25.info\/index.php\/wp-json\/wp\/v2\/comments?post=2078"}],"version-history":[{"count":0,"href":"https:\/\/monde25.info\/index.php\/wp-json\/wp\/v2\/posts\/2078\/revisions"}],"wp:featuredmedia":[{"embeddable":true,"href":"https:\/\/monde25.info\/index.php\/wp-json\/wp\/v2\/media\/2079"}],"wp:attachment":[{"href":"https:\/\/monde25.info\/index.php\/wp-json\/wp\/v2\/media?parent=2078"}],"wp:term":[{"taxonomy":"category","embeddable":true,"href":"https:\/\/monde25.info\/index.php\/wp-json\/wp\/v2\/categories?post=2078"},{"taxonomy":"post_tag","embeddable":true,"href":"https:\/\/monde25.info\/index.php\/wp-json\/wp\/v2\/tags?post=2078"}],"curies":[{"name":"wp","href":"https:\/\/api.w.org\/{rel}","templated":true}]}}