{"id":2084,"date":"2024-12-13T02:54:07","date_gmt":"2024-12-13T01:54:07","guid":{"rendered":"https:\/\/monde25.info\/index.php\/2024\/12\/13\/coup-detat-face-au-chaos-nous-navons-plus-le-choix-nicolas-vidal\/"},"modified":"2024-12-13T02:54:07","modified_gmt":"2024-12-13T01:54:07","slug":"coup-detat-face-au-chaos-nous-navons-plus-le-choix-nicolas-vidal","status":"publish","type":"post","link":"https:\/\/monde25.info\/index.php\/2024\/12\/13\/coup-detat-face-au-chaos-nous-navons-plus-le-choix-nicolas-vidal\/","title":{"rendered":"Coup d\u2019\u00e9tat : \u00ab\u00a0Face au chaos nous n\u2019avons plus le choix\u00a0\u00bb | Nicolas Vidal"},"content":{"rendered":"<p> <br \/>\n<\/p>\n<div>\n<p>Source <a target=\"_blank\" href=\"https:\/\/geopolitique-profonde.com\/articles\/chaos-france-revolution-gptv\" data-type=\"link\" data-id=\"https:\/\/geopolitique-profonde.com\/articles\/chaos-france-revolution-gptv\">G\u00e9opolitique Profonde<\/a><\/p>\n<div class=\"wp-block-image\">\n<figure class=\"aligncenter size-large\"><img fetchpriority=\"high\" decoding=\"async\" width=\"550\" height=\"309\" src=\"https:\/\/lesmoutonsenrages.fr\/wp-content\/uploads\/2024\/12\/image-45-550x309.png\" alt=\"\" class=\"wp-image-164392\" srcset=\"https:\/\/lesmoutonsenrages.fr\/wp-content\/uploads\/2024\/12\/image-45-550x309.png 550w, https:\/\/lesmoutonsenrages.fr\/wp-content\/uploads\/2024\/12\/image-45-250x141.png 250w, https:\/\/lesmoutonsenrages.fr\/wp-content\/uploads\/2024\/12\/image-45-768x432.png 768w, https:\/\/lesmoutonsenrages.fr\/wp-content\/uploads\/2024\/12\/image-45-150x84.png 150w, https:\/\/lesmoutonsenrages.fr\/wp-content\/uploads\/2024\/12\/image-45.png 1024w\" sizes=\"(max-width: 550px) 100vw, 550px\"\/><\/figure>\n<\/div>\n<p>Le <strong>11 d\u00e9cembre \u00e0 19h<\/strong>, Nicolas Vidal, Antoine Gainot, L\u00e9opold Jimmy, et David Darmon sont les invit\u00e9s de La Grande \u00c9mission, anim\u00e9e par Mike Borowski, sur G\u00e9opolitique Profonde.<br \/>Le sujet est clair : <strong>La France est-elle au bord d\u2019une r\u00e9volution ?<\/strong> Chaos, col\u00e8re populaire, effondrement des institutions, et tensions dans les campagnes : un cocktail explosif.<\/p>\n<p><span id=\"more-164391\"\/><\/p>\n<p><strong>Nicolas Vidal<\/strong> est un journaliste et \u00e9diteur fran\u00e7ais, fondateur du site Putsch, un m\u00e9dia culturel et politique adapt\u00e9 aux nouveaux usages. Il a aussi milit\u00e9 dans plusieurs partis politiques et soutenu des causes sociales et \u00e9cologiques. Il anime l\u2019\u00e9mission\u00a0<strong><em>Putsch Live<\/em><\/strong>\u00a0sur YouTube, o\u00f9 il re\u00e7oit des personnalit\u00e9s aux id\u00e9es vari\u00e9es et tranch\u00e9es et anime la matinale de <strong><em>Tocsin<\/em><\/strong>. Il vient de publier un livre explosif intitul\u00e9 <em>La Temp\u00eate qui vient<\/em>, met en garde contre l\u2019instabilit\u00e9 croissante du pays.<\/p>\n<p><strong>Antoine Gainot\u00a0<\/strong>est un \u00e9ditorialiste au sein de la revue \u00ab\u00a0<em><strong>Front populaire<\/strong><\/em>\u00a0\u00bb, une publication fran\u00e7aise fond\u00e9e par Michel Onfray, qui se consacre \u00e0 une r\u00e9flexion critique sur les enjeux contemporains en France et en Europe. \u00c0 travers ses \u00e9crits, Antoine Gainot aborde des sujets vari\u00e9s, souvent marqu\u00e9s par une analyse de l\u2019actualit\u00e9 politique et soci\u00e9tale, et s\u2019inscrit dans une d\u00e9marche de d\u00e9fense de la souverainet\u00e9 populaire et de remise en question des dogmes dominants.<\/p>\n<p><strong>L\u00e9opold Jimmy<\/strong>\u00a0est un journaliste ind\u00e9pendant qui a couvert diverses manifestations et \u00e9v\u00e9nements politiques. Il diffuse ses reportages via son agence LDC News.<\/p>\n<p><strong>David Darmon<\/strong>\u00a0est le co-fondateur de \u201c<strong><em>La Concorde<\/em><\/strong>\u201d, un mouvement souverainiste en France. Il est actif dans les discussions sur la g\u00e9opolitique et le souverainisme, et a r\u00e9cemment particip\u00e9 \u00e0 des \u00e9missions pour promouvoir les id\u00e9es de son mouvement.<\/p>\n<h3 class=\"wp-block-heading\"><strong>Chaos : la France craque sous la pression<\/strong><\/h3>\n<p>La situation en France devient explosive. Partout, les tensions s\u2019accumulent. <strong>Gr\u00e8ves<\/strong>, <strong>blocages<\/strong>, <strong>inflation galopante<\/strong> : le m\u00e9contentement est g\u00e9n\u00e9ral, et la col\u00e8re atteint un point de non-retour. Pendant que le gouvernement impose sa loi avec arrogance, les Fran\u00e7ais n\u2019en peuvent plus. Le foss\u00e9 entre le pouvoir et le peuple n\u2019a jamais \u00e9t\u00e9 aussi profond.<\/p>\n<p><strong>La France est fatigu\u00e9e, exasp\u00e9r\u00e9e et au bord de l\u2019implosion.<\/strong> Ce syst\u00e8me, d\u00e9connect\u00e9 et m\u00e9prisant, arrive au bout du rouleau. Les signaux d\u2019un basculement r\u00e9volutionnaire sont partout. Ignorer cette r\u00e9alit\u00e9, c\u2019est jouer avec le feu.<\/p>\n<h3 class=\"wp-block-heading\"><strong>Un peuple en col\u00e8re, mais pas encore uni<\/strong><\/h3>\n<p>La col\u00e8re en France est ind\u00e9niable, mais reste morcel\u00e9e. Les tensions sociales, les crises \u00e9conomiques, et les libert\u00e9s \u00e9corn\u00e9es alimentent une frustration grandissante. Pourtant, malgr\u00e9 les gr\u00e8ves, les manifestations et les mobilisations sporadiques, un v\u00e9ritable mouvement d\u2019unit\u00e9 peine \u00e0 \u00e9merger.<\/p>\n<p>Les Fran\u00e7ais, habitu\u00e9s \u00e0 descendre dans la rue pour d\u00e9fendre leurs droits, semblent aujourd\u2019hui divis\u00e9s dans leurs priorit\u00e9s. Les difficult\u00e9s du quotidien et la m\u00e9fiance envers les institutions paralysent une partie de la population. Mais l\u2019histoire le montre : des forces longtemps dispers\u00e9es peuvent se rassembler rapidement lorsque les conditions s\u2019y pr\u00eatent. <strong>Le climat actuel pourrait-il amorcer ce basculement ?<\/strong><\/p>\n<h3 class=\"wp-block-heading\"><strong>Les agriculteurs : une col\u00e8re l\u00e9gitime, mais pi\u00e9g\u00e9e<\/strong><\/h3>\n<p>Les agriculteurs sont \u00e0 l\u2019avant-garde d\u2019une col\u00e8re que toute la France partage. Leur situation est un symbole des d\u00e9rives du syst\u00e8me : <strong>r\u00e9glementations \u00e9touffantes<\/strong>, <strong>concurrence d\u00e9loyale internationale<\/strong>, et m\u00e9pris des \u00e9lites politiques. Ces hommes et femmes, enracin\u00e9s dans leurs terres et attach\u00e9s \u00e0 leur mode de vie, sont \u00e0 bout. Leur combat n\u2019est pas seulement le leur, il incarne une r\u00e9volte que beaucoup ressentent au quotidien.<\/p>\n<p>Pourtant, une partie de ce monde paysan reste enferm\u00e9e dans un jeu d\u2019illusions. Beaucoup ne r\u00e9alisent pas que les syndicats agricoles, cens\u00e9s les repr\u00e9senter, servent souvent des int\u00e9r\u00eats qui ne sont pas les leurs. Ces structures, trop li\u00e9es aux \u00e9lites et aux institutions qu\u2019elles devraient combattre, ne font que canaliser et \u00e9touffer une r\u00e9volte pourtant l\u00e9gitime.<\/p>\n<p>Leur combat pourrait \u00eatre le moteur d\u2019un soul\u00e8vement plus large, mais \u00e0 condition qu\u2019ils brisent ces cha\u00eenes invisibles. Leur force, brute et authentique, pourrait changer la donne s\u2019ils s\u2019affranchissent des faux alli\u00e9s.<\/p>\n<h3 class=\"wp-block-heading\"><strong>Macron et le syst\u00e8me en sursis<\/strong><\/h3>\n<p>Emmanuel Macron et les \u00e9lites qu\u2019il repr\u00e9sente devraient se m\u00e9fier. Leur m\u00e9pris du peuple ne peut durer \u00e9ternellement. Les Fran\u00e7ais en ont assez de voir leurs droits bafou\u00e9s, leurs libert\u00e9s r\u00e9duites, et leur quotidien ignor\u00e9. <strong>Le syst\u00e8me vacille, m\u00eame s\u2019il refuse de l\u2019admettre.<\/strong><\/p>\n<p>L\u2019histoire de France nous l\u2019a appris : quand le peuple n\u2019a plus rien \u00e0 perdre, il se soul\u00e8ve. Ce gouvernement, arrogant et d\u00e9connect\u00e9, est en train de jouer avec les limites de la patience populaire.<\/p>\n<p><iframe loading=\"lazy\" title=\"COUP D\u2019\u00c9TAT : \u00ab\u00a0FACE AU CHAOS NOUS N\u2019AVONS PLUS LE CHOIX\u00a0\u00bb | NICOLAS VIDAL | G\u00c9OPOLITIQUE PROFONDE\" width=\"1110\" height=\"624\" src=\"https:\/\/www.youtube.com\/embed\/FMtMDMN9iF4?feature=oembed\" frameborder=\"0\" allow=\"accelerometer; autoplay; clipboard-write; encrypted-media; gyroscope; picture-in-picture; web-share\" referrerpolicy=\"strict-origin-when-cross-origin\" allowfullscreen><\/iframe><\/p>\n<p>Tous les articles, la tribune libre et commentaires sont sous la responsabilit\u00e9 de leurs auteurs. Les Moutons Enrag\u00e9s ne sauraient \u00eatre tenus responsables de leur contenu ou orientation.<\/p>\n<\/p><\/div>\n<p><br \/>\n<br \/><a href=\"https:\/\/lesmoutonsenrages.fr\/2024\/12\/12\/coup-detat-face-au-chaos-nous-navons-plus-le-choix-nicolas-vidal-geopolitique-profonde\/\" target=\"_blank\"\">Source link <\/a><\/p>\n","protected":false},"excerpt":{"rendered":"<p>Source G\u00e9opolitique Profonde Le 11 d\u00e9cembre \u00e0 19h, Nicolas Vidal, Antoine Gainot, L\u00e9opold Jimmy, et David Darmon sont les invit\u00e9s de La Grande \u00c9mission, anim\u00e9e par Mike Borowski, sur G\u00e9opolitique&hellip; <\/p>\n","protected":false},"author":1,"featured_media":2085,"comment_status":"open","ping_status":"open","sticky":false,"template":"","format":"standard","meta":{"footnotes":""},"categories":[1],"tags":[],"class_list":["post-2084","post","type-post","status-publish","format-standard","has-post-thumbnail","hentry","category-non-classe"],"_links":{"self":[{"href":"https:\/\/monde25.info\/index.php\/wp-json\/wp\/v2\/posts\/2084","targetHints":{"allow":["GET"]}}],"collection":[{"href":"https:\/\/monde25.info\/index.php\/wp-json\/wp\/v2\/posts"}],"about":[{"href":"https:\/\/monde25.info\/index.php\/wp-json\/wp\/v2\/types\/post"}],"author":[{"embeddable":true,"href":"https:\/\/monde25.info\/index.php\/wp-json\/wp\/v2\/users\/1"}],"replies":[{"embeddable":true,"href":"https:\/\/monde25.info\/index.php\/wp-json\/wp\/v2\/comments?post=2084"}],"version-history":[{"count":0,"href":"https:\/\/monde25.info\/index.php\/wp-json\/wp\/v2\/posts\/2084\/revisions"}],"wp:featuredmedia":[{"embeddable":true,"href":"https:\/\/monde25.info\/index.php\/wp-json\/wp\/v2\/media\/2085"}],"wp:attachment":[{"href":"https:\/\/monde25.info\/index.php\/wp-json\/wp\/v2\/media?parent=2084"}],"wp:term":[{"taxonomy":"category","embeddable":true,"href":"https:\/\/monde25.info\/index.php\/wp-json\/wp\/v2\/categories?post=2084"},{"taxonomy":"post_tag","embeddable":true,"href":"https:\/\/monde25.info\/index.php\/wp-json\/wp\/v2\/tags?post=2084"}],"curies":[{"name":"wp","href":"https:\/\/api.w.org\/{rel}","templated":true}]}}