{"id":2086,"date":"2024-12-13T04:31:51","date_gmt":"2024-12-13T03:31:51","guid":{"rendered":"https:\/\/monde25.info\/index.php\/2024\/12\/13\/les-ecolos-boucs-emissaires-du-drame-de-la-berarde\/"},"modified":"2024-12-13T04:31:51","modified_gmt":"2024-12-13T03:31:51","slug":"les-ecolos-boucs-emissaires-du-drame-de-la-berarde","status":"publish","type":"post","link":"https:\/\/monde25.info\/index.php\/2024\/12\/13\/les-ecolos-boucs-emissaires-du-drame-de-la-berarde\/","title":{"rendered":"Les \u00e9colos, boucs \u00e9missaires du drame de La B\u00e9rarde"},"content":{"rendered":"<p> <br \/>\n<\/p>\n<div>\n<p class=\"indication_lieu\">La B\u00e9rarde (Is\u00e8re), reportage<\/p>\n<p>Une fine couche de neige recouvre un champ de cailloux. Elle annonce l\u2019hiver qui va envelopper d\u2019un immense manteau blanc le hameau de La B\u00e9rarde \u00e0 1\u00a0727\u00a0m\u00e8tres d\u2019altitude, au c\u0153ur du massif des \u00c9crins. Yannick Ducret, v\u00eatu d\u2019une doudoune bleue et de chaussures de montagne, progresse habilement sur les blocs instables qui ont <a target=\"_blank\" href=\"https:\/\/reporterre.net\/En-Isere-un-village-devaste-par-des-crues-torrentielles\">englouti une grande partie de son village<\/a> dans la nuit du 20 au 21\u00a0juin dernier. Cette nuit-l\u00e0, une crue exceptionnelle a totalement d\u00e9vast\u00e9 la vall\u00e9e. Depuis, celle-ci tente de se reconstruire. <i>\u00ab<small class=\"fine d-inline\">\u00a0<\/small>Aujourd\u2019hui, je ne vois plus tous ces rochers, je vois l\u2019avenir. D\u2019ailleurs, il ne faut pas parler au pass\u00e9<small class=\"fine d-inline\">\u00a0<\/small>\u00bb<\/i>, assure le pr\u00e9sident de l\u2019association Les Amis de La B\u00e9rarde.<\/p>\n<p>La nuit du d\u00e9sastre, c\u2019est lui qui a coordonn\u00e9 les secours. En quarante-huit\u00a0heures, plus de 200\u00a0000\u00a0m\u00b3 de sable, de cailloux et de bois ont d\u00e9ferl\u00e9 sur le village. L\u2019\u00e9quivalent de 80\u00a0piscines olympiques de mat\u00e9riaux engloutissant tout sur leur passage, sans faire de victimes. Cette catastrophe naturelle, due \u00e0 un hiver particuli\u00e8rement pluvieux, des temp\u00e9ratures chaudes et une vidange du lac du glacier de Bonne Pierre, a \u00e9t\u00e9 exacerb\u00e9e par le <a target=\"_blank\" href=\"Qu-est-ce-que-le-rechauffement-climatique\">changement climatique<\/a>. Cinq mois plus tard, le paysage est totalement sinistr\u00e9. Ce paradis des randonneurs et des alpinistes est devenu un champ de ruines.<\/p>\n<div class=\"spip_document_86993 spip_document spip_documents spip_document_image spip_documents_center spip_document_center spip_document_avec_legende\" data-legende-len=\"112\" data-legende-lenx=\"xx\">\n<figure class=\"spip_doc_inner\">\n      <picture><source type=\"image\/webp\" srcset=\"https:\/\/reporterre.net\/local\/cache-vignettes\/L1050xH700\/berarde-17-43c52.jpg@.webp?1733923058\"><img decoding=\"async\" src=\"https:\/\/reporterre.net\/IMG\/jpg\/berarde-17.jpg\" width=\"1200\" height=\"800\" loading=\"lazy\" alt=\"\"\/><br \/>\n    <\/source><\/picture><figcaption class=\"spip_doc_legende\">\n<p>Des maisons disparaissent sous la boue et les cailloux, d\u2019autres sont \u00e9ventr\u00e9es.<br \/>\n<i>\u00a9 Pablo Chignard \/ Reporterre<\/i><\/p>\n<\/figcaption><\/figure>\n<\/p><\/div>\n<p>Les maisons \u00e9ventr\u00e9es d\u00e9voilent l\u2019intimit\u00e9 des habitants\u00a0: un plaid rouge sur un fauteuil en osier. Un couvre-lit bien tir\u00e9. Les cintres rang\u00e9s dans une armoire attendant des v\u00eatements. L\u2019\u00c9picerie-Caf\u00e9 du V\u00e9n\u00e9on, o\u00f9 les touristes faisaient le plein de provisions avant d\u2019entamer leur ascension, a disparu dans un trou b\u00e9ant. Quant \u00e0 l\u2019\u00e9glise, symbole du village, <a target=\"_blank\" href=\"https:\/\/reporterre.net\/A-La-Berarde-village-englouti-le-soleil-scintille-au-dessus-des-ruines\">seule sa cloche a \u00e9t\u00e9 retrouv\u00e9e<\/a>.<\/p>\n<div class=\"spip_document_86979 spip_document spip_documents spip_document_image spip_documents_center spip_document_center spip_document_avec_legende\" data-legende-len=\"218\" data-legende-lenx=\"xxx\">\n<figure class=\"spip_doc_inner\">\n      <picture><source type=\"image\/webp\" srcset=\"https:\/\/reporterre.net\/local\/cache-vignettes\/L1050xH700\/berarde-25-89d47.jpg@.webp?1733923058\"><img decoding=\"async\" src=\"https:\/\/reporterre.net\/IMG\/jpg\/berarde-25.jpg\" width=\"1200\" height=\"800\" loading=\"lazy\" alt=\"\"\/><br \/>\n    <\/source><\/picture><figcaption class=\"spip_doc_legende\">\n<p>Yannick Ducret, conseiller municipal de Saint-Christophe-en-Oisans, devant sa cr\u00eaperie qu\u2019il tenait \u00e0 La B\u00e9rarde. Le b\u00e2timent, qui n\u2019a subi presque aucun d\u00e9g\u00e2t, est ferm\u00e9 temporairement.<br \/>\n<i>\u00a9 Pablo Chignard \/ Reporterre<\/i><\/p>\n<\/figcaption><\/figure>\n<\/p><\/div>\n<p><i>\u00ab<small class=\"fine d-inline\">\u00a0<\/small>Au total, 9\u00a0b\u00e2timents ont \u00e9t\u00e9 d\u00e9truits, dont le moulin, la chapelle, le lavoir, 2\u00a0garages. Les trois\u00a0quarts du village sont encore l\u00e0, remplis de sable. On va se battre pour retourner chez nous<small class=\"fine d-inline\">\u00a0<\/small>\u00bb<\/i>, assure Yannick Ducret, dont la famille est install\u00e9e ici depuis le <span class=\"caps\">XVII<\/span><sup class=\"typo_exposants\">e<\/sup> si\u00e8cle.<\/p>\n<p>Il est l\u2019un des rares habitants \u00e0 avoir pass\u00e9 plusieurs hivers dans le hameau, totalement coup\u00e9 du monde. Les autres habitants, touristes, travailleurs \u2014 une centaine a \u00e9t\u00e9 \u00e9vacu\u00e9e le 21\u00a0juin \u2014 ne s\u00e9journent ici qu\u2019\u00e0 la belle saison, lorsque la route d\u2019acc\u00e8s n\u2019est pas coup\u00e9e par la neige. Mais tous nourrissent un profond espoir de pouvoir revenir.<\/p>\n<div class=\"spip_document_87098 spip_document spip_documents spip_document_image spip_documents_center spip_document_center spip_document_avec_legende\" data-legende-len=\"51\" data-legende-lenx=\"x\">\n<figure class=\"spip_doc_inner\">\n      <picture><source type=\"image\/webp\" srcset=\"https:\/\/reporterre.net\/local\/cache-vignettes\/L1050xH1356\/2024_11_berarde_v2-f3a35.png?1733991833\"><img decoding=\"async\" src=\"https:\/\/reporterre.net\/IMG\/png\/2024_11_berarde_v2.png\" width=\"1317\" height=\"1701\" loading=\"lazy\" alt=\"\"\/><br \/>\n    <\/source><\/picture><figcaption class=\"spip_doc_legende\">\n<p>Carte de La B\u00e9rarde.<br \/>\n<i>\u00a9 Louise Allain \/ Reporterre<br \/>\n<\/i><\/p>\n<\/figcaption><\/figure>\n<\/p><\/div>\n<h2 class=\"spip\">Une impossible reconstruction<small class=\"fine d-inline\">\u00a0<\/small>?<\/h2>\n<p>Sera-t-il possible de reconstruire La B\u00e9rarde<small class=\"fine d-inline\">\u00a0<\/small>? Dans quelles conditions garantir la s\u00e9curit\u00e9 des habitants et des touristes qui s\u2019y prom\u00e8nent \u00e0 la belle saison<small class=\"fine d-inline\">\u00a0<\/small>? Personne ne peut encore r\u00e9pondre \u00e0 ces questions. Les autorit\u00e9s doivent pr\u00e9senter plusieurs sc\u00e9narios d\u2019ici mi-d\u00e9cembre. Le Syndicat mixte des bassins hydrauliques de l\u2019Is\u00e8re (Symbhi) a \u00e9galement lanc\u00e9 des \u00e9tudes, dont les r\u00e9sultats ne seront pas connus avant le printemps prochain.<\/p>\n<p>En attendant, la commune de Saint-Christophe-en-Oisans, dont d\u00e9pend le hameau, a d\u00e9j\u00e0 d\u00e9pens\u00e9 entre 600 000 et 700 000 euros pour tenter de d\u00e9sensabler les habitations et construire des protections, notamment des enrochements. Ces derni\u00e8res semaines, les tractopelles n\u2019ont pas ch\u00f4m\u00e9, d\u00e9gageant des maisons du sable et des cailloux, r\u00e9v\u00e9lant des b\u00e2timents pour la plupart encore debout.<\/p>\n<p>Un investissement bien maigre au vu des besoins du hameau inhabitable. <i>\u00ab<small class=\"fine d-inline\">\u00a0<\/small>Il faudra plusieurs millions d\u2019euros<small class=\"fine d-inline\">\u00a0<\/small>\u00bb<\/i>, estime Jean-Louis Arthaud, maire de Saint-Christophe-en-Oisans.<\/p>\n<div class=\"spip_document_86987 spip_document spip_documents spip_document_image spip_documents_center spip_document_center spip_document_avec_legende\" data-legende-len=\"112\" data-legende-lenx=\"xx\">\n<figure class=\"spip_doc_inner\">\n      <picture><source type=\"image\/webp\" srcset=\"https:\/\/reporterre.net\/local\/cache-vignettes\/L1050xH700\/berarde-10-f80fd.jpg@.webp?1733916687\"><img decoding=\"async\" src=\"https:\/\/reporterre.net\/IMG\/jpg\/berarde-10.jpg\" width=\"1200\" height=\"800\" loading=\"lazy\" alt=\"\"\/><br \/>\n    <\/source><\/picture><figcaption class=\"spip_doc_legende\">\n<p>Un chantier sur le lit du torrent du V\u00e9n\u00e9on, \u00e0 l\u2019entr\u00e9e du hameau de La B\u00e9rarde.<br \/>\n<i>\u00a9 Pablo Chignard \/ Reporterre<\/i><\/p>\n<\/figcaption><\/figure>\n<\/p><\/div>\n<p>Ces travaux r\u00e9sisteront-ils \u00e0 la fureur des flots<small class=\"fine d-inline\">\u00a0<\/small>? En octobre dernier, une nouvelle crue du V\u00e9n\u00e9on, l\u2019autre rivi\u00e8re qui traverse La B\u00e9rarde, emportait avec elle <a target=\"_blank\" href=\"https:\/\/france3-regions.francetvinfo.fr\/auvergne-rhone-alpes\/isere\/catastrophe-de-la-berarde-l-avenir-du-village-devaste-en-suspens-il-faut-savoir-si-lutter-contre-ce-qui-nous-environne-est-raisonnable-3042148.html\" class=\"spip_out\" rel=\"external\">500\u00a0000 euros d\u2019ouvrages r\u00e9alis\u00e9s depuis juin<\/a>. <i>\u00ab<small class=\"fine d-inline\">\u00a0<\/small>Dans le torrent de Bonne Pierre, il reste encore des mat\u00e9riaux en suspension sur les berges. Au prochain coup d\u2019eau, on aura ces m\u00eames \u00e9v\u00e9nements<small class=\"fine d-inline\">\u00a0<\/small>\u00bb<\/i>, assure Johan Berthet, docteur en g\u00e9omorphologie au laboratoire Edytem de l\u2019universit\u00e9 de Chamb\u00e9ry. Le caract\u00e8re exceptionnel de la crue de juin pourrait donc se reproduire. <i>\u00ab<small class=\"fine d-inline\">\u00a0<\/small>Si l\u2019on d\u00e9pense sans compter, on pourrait trouver certaines parades, mais au prix de cons\u00e9quences extr\u00eames sur le paysage.<small class=\"fine d-inline\">\u00a0<\/small>\u00bb<\/i><\/p>\n<blockquote class=\"spip\">\n<p>\u00ab<small class=\"fine d-inline\">\u00a0<\/small>On ne peut pas abandonner un territoire avec une telle histoire<small class=\"fine d-inline\">\u00a0<\/small>\u00bb<\/p>\n<\/blockquote>\n<p>Dans tous les cas, cette catastrophe a d\u00e9j\u00e0 durablement boulevers\u00e9 la morphologie des lieux. Ce qu\u2019il reste du village est aujourd\u2019hui coup\u00e9 en deux par un profond chenal creus\u00e9 au bulldozer en pr\u00e9vision des prochaines crues printani\u00e8res. Une cicatrice b\u00e9ante de 20 \u00e0 45\u00a0m\u00e8tres de large. Au fond coulent les \u00c9tan\u00e7ons, un torrent pour le moment apais\u00e9.<\/p>\n<p>De l\u2019autre c\u00f4t\u00e9 de la rive, l\u2019auberge de la Meije est l\u2019un des b\u00e2timents \u00e0 avoir \u00e9t\u00e9 \u00e9pargn\u00e9s. Elle est tenue par Jean-Philippe et St\u00e9phanie Ribellino depuis 2022. Le couple avait lanc\u00e9 des programmes d\u2019\u00e9ducation \u00e0 l\u2019environnement pour les scolaires. Un projet aujourd\u2019hui \u00e0 l\u2019arr\u00eat. <i>\u00ab<small class=\"fine d-inline\">\u00a0<\/small>On ne peut pas abandonner un territoire avec une telle histoire et un tel patrimoine. D\u2019autant que les gens vont revenir d\u2019une mani\u00e8re ou d\u2019une autre. Sans lieu d\u2019accueil et d\u2019information, cela peut \u00eatre dangereux pour eux<small class=\"fine d-inline\">\u00a0<\/small>\u00bb<\/i>, explique Jean-Philippe Ribellino.<\/p>\n<h2 class=\"spip\">\u00ab<small class=\"fine d-inline\">\u00a0<\/small>C\u2019est d\u00e9sert<small class=\"fine d-inline\">\u00a0<\/small>\u00bb<\/h2>\n<p>Deux alpinistes apparaissent derri\u00e8re l\u2019auberge. Sourire aux l\u00e8vres, piolets accroch\u00e9s au sac \u00e0 dos, ils redescendent de la barre des \u00c9crins, embl\u00e9matique sommet du massif culminant \u00e0 4\u00a0102 m\u00e8tres d\u2019altitude. <i>\u00ab<small class=\"fine d-inline\">\u00a0<\/small>Plein de gens attendent avec impatience de pouvoir revenir ici. Les autorit\u00e9s doivent voir l\u2019attrait pour cet endroit<small class=\"fine d-inline\">\u00a0<\/small>\u00bb<\/i>, explique l\u2019un d\u2019eux. Le duo reprend ensuite sa voiture pour redescendre dans la vall\u00e9e, non sans avoir fait un stop \u00e0 La Cord\u00e9e, l\u2019unique caf\u00e9-h\u00f4tel-restaurant de Saint-Christophe-en-Oisans.<\/p>\n<p>\u00c0 l\u2019int\u00e9rieur, les deux chats Benji et Divine se faufilent sur le comptoir en bois. Derri\u00e8re, la patronne Marie-Claude Turc \u00e9pluche des pommes pour pr\u00e9parer le d\u00e9jeuner des ouvriers du chantier de reconstruction. Ce sont les rares clients de l\u2019\u00e9tablissement, avec les journalistes et les secouristes. <i>\u00ab<small class=\"fine d-inline\">\u00a0<\/small>C\u2019est d\u00e9sert comme pendant le confinement. Pas une voiture<small class=\"fine d-inline\">\u00a0<\/small>\u00bb<\/i>, raconte Marie-Claude Turc.<\/p>\n<div class=\"spip_document_86985 spip_document spip_documents spip_document_image spip_documents_center spip_document_center spip_document_avec_legende\" data-legende-len=\"203\" data-legende-lenx=\"xxx\">\n<figure class=\"spip_doc_inner\">\n      <picture><source type=\"image\/webp\" srcset=\"https:\/\/reporterre.net\/local\/cache-vignettes\/L1050xH700\/berarde-06-f90e2.jpg@.webp?1733916687\"><img decoding=\"async\" src=\"https:\/\/reporterre.net\/IMG\/jpg\/berarde-06.jpg\" width=\"1200\" height=\"800\" loading=\"lazy\" alt=\"\"\/><br \/>\n    <\/source><\/picture><figcaption class=\"spip_doc_legende\">\n<p>Marie-Claude Turc tient le caf\u00e9-h\u00f4tel-restaurant La Cord\u00e9e au c\u0153ur de Saint-Christophe-en-Oisans. Situ\u00e9 en hauteur du torrent Le V\u00e9n\u00e9on, il n\u2019a pas \u00e9t\u00e9 touch\u00e9 par la crue.<br \/>\n<i>\u00a9 Pablo Chignard \/ Reporterre<\/i><\/p>\n<\/figcaption><\/figure>\n<\/p><\/div>\n<p>La fringante septuag\u00e9naire, dont la vie a fait <a target=\"_blank\" href=\"https:\/\/www.fodacim.fr\/film\/la-dame-de-loisans\/\" class=\"spip_out\" rel=\"external\">l\u2019objet d\u2019un documentaire<\/a>, tient ce caf\u00e9-h\u00f4tel-restaurant depuis plus de trente\u00a0ans. L\u2019\u00e9tablissement, fond\u00e9 en 1907 par ses grands-parents, est rest\u00e9 dans son jus. Les murs sont recouverts de photos repr\u00e9sentant les sommets des alentours.<\/p>\n<p>Une grande table accueille les c\u00e9l\u00e8bres livres rouges des \u00e9ditions Gu\u00e9rin, sp\u00e9cialis\u00e9es sur la montagne. Accroch\u00e9 \u00e0 une \u00e9tag\u00e8re, un sac en tissu <i>\u00ab<small class=\"fine d-inline\">\u00a0<\/small>La B\u00e9rarde<small class=\"fine d-inline\">\u00a0<\/small>\u00bb<\/i> fabriqu\u00e9 apr\u00e8s la catastrophe est vendu au profit des sinistr\u00e9s. <i>\u00ab<small class=\"fine d-inline\">\u00a0<\/small>Cet \u00e9v\u00e9nement nous a forc\u00e9s \u00e0 \u00eatre plus solidaires et \u00e0 nous adapter<small class=\"fine d-inline\">\u00a0<\/small>\u00bb<\/i>, poursuit la tenanci\u00e8re. Elle n\u2019imagine pas un avenir sans La B\u00e9rarde. <i>\u00ab<small class=\"fine d-inline\">\u00a0<\/small>Ce n\u2019est pas pensable ni entendable. Si c\u2019est prot\u00e9g\u00e9, il n\u2019y a pas de raison que ce soit trop dangereux.<small class=\"fine d-inline\">\u00a0<\/small>\u00bb<\/i><\/p>\n<div class=\"spip_document_86982 spip_document spip_documents spip_document_image spip_documents_center spip_document_center spip_document_avec_legende\" data-legende-len=\"171\" data-legende-lenx=\"xxx\">\n<figure class=\"spip_doc_inner\">\n      <picture><source type=\"image\/webp\" srcset=\"https:\/\/reporterre.net\/local\/cache-vignettes\/L1050xH700\/berarde-02-6ffed.jpg@.webp?1733922237\"><img decoding=\"async\" src=\"https:\/\/reporterre.net\/IMG\/jpg\/berarde-02.jpg\" width=\"1200\" height=\"800\" loading=\"lazy\" alt=\"\"\/><br \/>\n    <\/source><\/picture><figcaption class=\"spip_doc_legende\">\n<p>La d\u00e9partementale 530, qui conduit au hameau, est interdite, \u00e0 l\u2019exception des riverains. Les contr\u00f4les y sont de moins en moins fr\u00e9quents.<br \/>\n<i>\u00a9 Pablo Chignard \/ Reporterre<\/i><\/p>\n<\/figcaption><\/figure>\n<\/p><\/div>\n<h2 class=\"spip\">Boucs \u00e9missaires<\/h2>\n<p>Face \u00e0 leur d\u00e9sarroi, les B\u00e9rardins cherchent des coupables. Le premier\u00a0: le tr\u00e8fle des rochers, une esp\u00e8ce prot\u00e9g\u00e9e class\u00e9e dans la liste rouge de l\u2019Union internationale pour la conservation de la nature (<span class=\"caps\">UICN<\/span>). Certains habitants estiment que ces inondations auraient pu \u00eatre \u00e9vit\u00e9es gr\u00e2ce \u00e0 des travaux d\u2019am\u00e9nagement du torrent des \u00c9tan\u00e7ons. R\u00e9clam\u00e9s par la mairie depuis plusieurs ann\u00e9es, ceux-ci ont \u00e9t\u00e9 retard\u00e9s\u00a0: la zone choisie pour stocker les mat\u00e9riaux abritait des tr\u00e8fles des rochers. Des \u00e9tudes compl\u00e9mentaires \u00e9taient en cours.<\/p>\n<p><i>\u00ab<small class=\"fine d-inline\">\u00a0<\/small>La protection du tr\u00e8fle a d\u00e9truit notre village<\/i>, croit Yannick Ducret. <i>C\u2019est joli de prot\u00e9ger la nature, mais il ne faut pas le faire au d\u00e9triment de l\u2019\u00eatre humain. Vous ne m\u2019enl\u00e8verez pas de la t\u00eate qu\u2019avec ses travaux, l\u2019eau aurait peut-\u00eatre d\u00e9bord\u00e9, mais \u00e7a aurait amoindri la catastrophe. On aurait sauv\u00e9 une grosse partie des maisons.<small class=\"fine d-inline\">\u00a0<\/small>\u00bb<\/i><\/p>\n<p>Pourtant, il suffit de sortir une calculette pour constater l\u2019\u00e9cart entre les estimations de ces habitants et la r\u00e9alit\u00e9 du sinistre. <i>\u00ab<small class=\"fine d-inline\">\u00a0<\/small>On devait curer 15\u00a0000\u00a0m<sup class=\"typo_exposants\">3<\/sup> du torrent. Mais la crue en a d\u00e9pos\u00e9 200\u00a0000\u00a0m<sup class=\"typo_exposants\">3<\/sup>. Les am\u00e9nagements n\u2019auraient r\u00e9gl\u00e9 que 5<small class=\"fine d-inline\">\u00a0<\/small>% du ph\u00e9nom\u00e8ne<small class=\"fine d-inline\">\u00a0<\/small>\u00bb<\/i>, constate Vincent Koulinski, expert en hydraulique torrentielle au cabinet d\u2019\u00e9tudes Eaux, torrents et rivi\u00e8res de montagne (<span class=\"caps\">ETRM<\/span>), mandat\u00e9 par la mairie en 2023 pour travailler sur ce projet de curage du torrent.<\/p>\n<div class=\"spip_document_86992 spip_document spip_documents spip_document_image spip_documents_center spip_document_center spip_document_avec_legende\" data-legende-len=\"96\" data-legende-lenx=\"xx\">\n<figure class=\"spip_doc_inner\">\n      <picture><source type=\"image\/webp\" srcset=\"https:\/\/reporterre.net\/local\/cache-vignettes\/L1050xH700\/berarde-16-0c7f4.jpg@.webp?1733916686\"><img decoding=\"async\" src=\"https:\/\/reporterre.net\/IMG\/jpg\/berarde-16.jpg\" width=\"1200\" height=\"800\" loading=\"lazy\" alt=\"\"\/><br \/>\n    <\/source><\/picture><figcaption class=\"spip_doc_legende\">\n<p>Cinq mois plus tard, des b\u00e2timents ont \u00e9t\u00e9 d\u00e9gag\u00e9s des cailloux.<br \/>\n<i>\u00a9 Pablo Chignard \/ Reporterre<\/i><\/p>\n<\/figcaption><\/figure>\n<\/p><\/div>\n<p>Pour d\u2019autres habitants, les coupables ne sont autres que les \u00e9cologistes, devenus les <a target=\"_blank\" href=\"https:\/\/reporterre.net\/Les-ecologistes-nouveaux-coupables-de-la-crise-climatique\">boucs \u00e9missaires<\/a> des catastrophes climatiques qu\u2019ils annoncent depuis des d\u00e9cennies. <i>\u00ab<small class=\"fine d-inline\">\u00a0<\/small>Certains disent que cet \u00e9v\u00e9nement est la faute des \u00e9colos, qui emp\u00eachent de curer les rivi\u00e8res [pour ne <a target=\"_blank\" href=\"https:\/\/reporterre.net\/Face-aux-inondations-le-casse-tete-de-l-entretien-des-cours-d-eau\">pas d\u00e9truire la biodiversit\u00e9<\/a>]. Cela me g\u00eane. Et les autorit\u00e9s ne rectifient pas ces discours. Les politiques qui se sont rendus sur place n\u2019ont jamais prononc\u00e9 le mot \u201cclimat\u201d<small class=\"fine d-inline\">\u00a0<\/small>\u00bb<\/i>, se d\u00e9sole Val\u00e9rie Paumier, de l\u2019association R\u00e9silience Montagne.<\/p>\n<p>Yannick Ducret s\u2019avoue d\u2019ailleurs m\u00e9fiant \u00e0 l\u2019\u00e9gard des associations environnementales. <i>\u00ab<small class=\"fine d-inline\">\u00a0<\/small>On leur a parl\u00e9, mais on n\u2019est pas rassur\u00e9s. On ne veut pas qu\u2019ils viennent chez nous dans l\u2019id\u00e9e d\u2019emp\u00eacher de reconstruire. Ils veulent qu\u2019on laisse la place \u00e0 la nature. Mais plus de 80<small class=\"fine d-inline\">\u00a0<\/small>% de notre territoire est sauvage. Nous n\u2019avons pas eu de nouvelles constructions depuis les ann\u00e9es 70<small class=\"fine d-inline\">\u00a0<\/small>\u00bb<\/i>, poursuit-il.<\/p>\n<p>Un discours que r\u00e9futent les associations \u00e9cologistes. <i>\u00ab<small class=\"fine d-inline\">\u00a0<\/small>Certains habitants avaient peur que la pr\u00e9fecture ou les <span class=\"caps\">ONG<\/span> d\u00e9cident pour eux l\u2019avenir de leur vall\u00e9e. Ce n\u2019est pas le cas. Il faut penser collectivement la reconstruction en sortant des clivages<small class=\"fine d-inline\">\u00a0<\/small>\u00bb<\/i>, certifie Fr\u00e9di Meignan, vice-pr\u00e9sident de Mountain Wilderness France.<\/p>\n<h2 class=\"spip\">Une vall\u00e9e d\u00e9j\u00e0 touch\u00e9e par les catastrophes naturelles<\/h2>\n<p>Pourtant, le <a target=\"_blank\" href=\"Qu-est-ce-que-le-rechauffement-climatique\">r\u00e9chauffement climatique<\/a>, deux fois plus rapide \u00e0 la montagne que dans les plaines, augmente les risques de vivre dans ces territoires. La vall\u00e9e de La B\u00e9rarde n\u2019est pas \u00e9pargn\u00e9e. En 2021, <a target=\"_blank\" href=\"https:\/\/reporterre.net\/Dans-les-Ecrins-la-fonte-du-glacier-condamne-un-refuge-historique\">le refuge de la Pilatte<\/a> a d\u00e9finitivement ferm\u00e9 ses portes. Le glacier sur lequel le b\u00e2timent \u00e9tait construit a trop fondu, fissurant la roche sur lequel l\u2019\u00e9tablissement \u00e9tait construit.<\/p>\n<p>En 2023, un violent orage a ravag\u00e9 le <a target=\"_blank\" href=\"https:\/\/www.ecrins-parcnational.fr\/actualite\/refuge-chatelleret-ferme-public-sentiers-vallon-etancons-affectes\" class=\"spip_out\" rel=\"external\">refuge du Ch\u00e2telleret<\/a>, dans le vallon des \u00c9tan\u00e7ons, entra\u00eenant \u00e9galement sa fermeture.<\/p>\n<p>Ces refuges, Fr\u00e9di Meignan, de Mountain Wilderness France, les conna\u00eet bien. Pendant dix ans, il a \u00e9t\u00e9 gardien du Promontoire, perch\u00e9 \u00e0 3\u00a0082\u00a0m\u00e8tres, au pied de la c\u00e9l\u00e8bre montagne de la Meije. Il comprend parfaitement les tensions autour de la reconstruction de ces lieux. <i>\u00ab<small class=\"fine d-inline\">\u00a0<\/small>Ces crises posent la question de l\u2019habitabilit\u00e9 d\u2019un certain nombre de vall\u00e9es en montagne. Il faut r\u00e9fl\u00e9chir ensemble \u00e0 de nouveaux imaginaires, il n\u2019y aura pas que des solutions techniques. Nous devons nous projeter dans une fa\u00e7on de vivre diff\u00e9rente de celle des derni\u00e8res d\u00e9cennies<small class=\"fine d-inline\">\u00a0<\/small>\u00bb<\/i>, estime Fr\u00e9di Meignan.<\/p>\n<p>S\u2019adapter, c\u2019est la base de l\u2019existence dans ces contr\u00e9es isol\u00e9es. Et cela n\u2019effraie pas les locaux comme Simon Parcot, \u00e9crivain habitant \u00e0 Venosc, un village situ\u00e9 en aval de La B\u00e9rarde. <i>\u00ab<small class=\"fine d-inline\">\u00a0<\/small>L\u2019habitat montagnard est un laboratoire permettant de penser de nouveaux rapports \u00e0 la nature, qui ne sont ni dans la sanctuarisation radicale ni dans l\u2019exploitation. C\u2019est un endroit o\u00f9 l\u2019on vit, o\u00f9 l\u2019on travaille<\/i>, dit Simon Parcot. <i>C\u2019est ici qu\u2019on apprend le mieux \u00e0 cohabiter avec le vivant.<small class=\"fine d-inline\">\u00a0<\/small>\u00bb<\/i><\/p>\n<p><center><br \/>\n  <\/p>\n<p><\/center><\/p>\n<aside class=\"boite_encarts\">\n<div class=\"encart encart_gris noprint\">\n<p><strong>Il est de retour.<\/strong><\/p>\n<p>Dans quelques semaines, Donald Trump se r\u00e9-installera \u00e0 la Maison Blanche.<\/p>\n<p>Un milliardaire, pour qui le r\u00e9chauffement climatique est \u00ab<small class=\"fine d-inline\">\u00a0<\/small>un canular<small class=\"fine d-inline\">\u00a0<\/small>\u00bb, sera \u00e0 la t\u00eate de la plus grande puissance mondiale.<\/p>\n<p>Dans une d\u00e9cennie cruciale pour l\u2019\u00e9cologie, nous ne pouvons pas nous permettre de perdre plus de temps.<\/p>\n<p>La soci\u00e9t\u00e9 civile doit continuer de se soulever, de se mobiliser et de faire pression sur les puissants.<\/p>\n<p>Mais pour agir, il faut savoir.<\/p>\n<p><strong>Depuis 11 ans, nous publions des articles de qualit\u00e9 sur l\u2019\u00e9cologie, en acc\u00e8s libre et sans publicit\u00e9, pour tous.<\/strong><\/p>\n<p>Nous avons la conviction que l\u2019urgence \u00e9cologique est l\u2019enjeu majeur de notre \u00e9poque.<br class=\"autobr\"\/><br \/>\n Et comme plus de 2 millions de lectrices et lecteurs chaque mois, vous partagez sans doute cette conviction&#8230;<\/p>\n<p>Alors si vous en avez les moyens, sachez qu\u2019un don, m\u00eame d\u20191\u20ac, est un acte de soutien fort pour l\u2019\u00e9cologie et le journalisme ind\u00e9pendant.<br class=\"autobr\"\/><br \/>\n (Et \u00e7a vous prendra moins de temps que la lecture de ce texte).<\/p>\n<p><strong>Si vous le pouvez, choisissez un soutien mensuel. Merci.<\/strong><\/p>\n<p><a target=\"_blank\" href=\"https:\/\/reporterre.net\/dons\" class=\"bt_soutenir\">Je soutiens <i>Reporterre<\/i><\/a><\/p>\n<\/p><\/div>\n<div class=\"encart encart_vert noprint montre_1023\">\n<div class=\"infolettre-form-container noprint\">\n<p>Abonnez-vous \u00e0 la lettre d\u2019info de Reporterre<\/p>\n<\/div><\/div>\n<\/aside>\n<aside class=\"boite_apresarticle encart_note\">\n<h4>Apr\u00e8s cet article<\/h4>\n<p>      <a target=\"_blank\" href=\"https:\/\/reporterre.net\/A-La-Berarde-village-englouti-le-soleil-scintille-au-dessus-des-ruines\" class=\"lien_article\">\n      <picture class=\"vignette_gauche\"><source type=\"image\/webp\" srcset=\"https:\/\/reporterre.net\/local\/cache-gd2\/11\/e61644ad366ff486d4914ae98611dd.jpg@.webp?1730134032\"><img decoding=\"async\" src=\"https:\/\/reporterre.net\/local\/cache-gd2\/11\/e61644ad366ff486d4914ae98611dd.jpg?1730134032\" width=\"450\" height=\"300\" alt=\"\" class=\"marge12\" loading=\"lazy\"\/><br \/>\n<\/source><\/picture>\n<p class=\"libelle\">\n<p>          Tribune \u2014<\/p>\n<p>      Nature\n    <\/p>\n<p class=\"titre pol20\">\u00ab<small class=\"fine d-inline\">\u00a0<\/small>\u00c0 La B\u00e9rarde, village englouti, le soleil scintille au-dessus des ruines<small class=\"fine d-inline\">\u00a0<\/small>\u00bb<\/p>\n<p>      <\/a><br \/>\n    <\/aside>\n<aside class=\"boite_complement texte\">\n<p>      <!-- zone_forum --><br \/>\n          <\/aside>\n<aside class=\"boite_lireaussi noprint\">\n<\/aside>\n<aside class=\"colonne\">\n<div class=\"article_info cache_1023 noprint\">\n<p>    <span class=\"date\">12 d\u00e9cembre 2024  \u00e0 09h49<\/span><\/p>\n<p>    <span class=\"date_modif\">Mis \u00e0 jour le 12 d\u00e9cembre 2024 \u00e0 16h39<\/span>      <\/p>\n<p class=\"duree_lecture\">\n        Dur\u00e9e de lecture : 10 minutes\n      <\/p>\n<\/p><\/div>\n<div class=\"bloc_infolettre\">\n<div class=\"infolettre-form-container noprint\">\n<p>Abonnez-vous \u00e0 la lettre d\u2019info de Reporterre<\/p>\n<\/div><\/div>\n<\/aside><\/div>\n<p><br \/>\n<br \/><a href=\"https:\/\/reporterre.net\/Les-ecolos-boucs-emissaires-du-drame-de-La-Berarde\" target=\"_blank\"\">Source link <\/a><\/p>\n","protected":false},"excerpt":{"rendered":"<p>La B\u00e9rarde (Is\u00e8re), reportage Une fine couche de neige recouvre un champ de cailloux. Elle annonce l\u2019hiver qui va envelopper d\u2019un immense manteau blanc le hameau de La B\u00e9rarde \u00e0&hellip; <\/p>\n","protected":false},"author":1,"featured_media":2087,"comment_status":"open","ping_status":"open","sticky":false,"template":"","format":"standard","meta":{"footnotes":""},"categories":[1],"tags":[],"class_list":["post-2086","post","type-post","status-publish","format-standard","has-post-thumbnail","hentry","category-non-classe"],"_links":{"self":[{"href":"https:\/\/monde25.info\/index.php\/wp-json\/wp\/v2\/posts\/2086","targetHints":{"allow":["GET"]}}],"collection":[{"href":"https:\/\/monde25.info\/index.php\/wp-json\/wp\/v2\/posts"}],"about":[{"href":"https:\/\/monde25.info\/index.php\/wp-json\/wp\/v2\/types\/post"}],"author":[{"embeddable":true,"href":"https:\/\/monde25.info\/index.php\/wp-json\/wp\/v2\/users\/1"}],"replies":[{"embeddable":true,"href":"https:\/\/monde25.info\/index.php\/wp-json\/wp\/v2\/comments?post=2086"}],"version-history":[{"count":0,"href":"https:\/\/monde25.info\/index.php\/wp-json\/wp\/v2\/posts\/2086\/revisions"}],"wp:featuredmedia":[{"embeddable":true,"href":"https:\/\/monde25.info\/index.php\/wp-json\/wp\/v2\/media\/2087"}],"wp:attachment":[{"href":"https:\/\/monde25.info\/index.php\/wp-json\/wp\/v2\/media?parent=2086"}],"wp:term":[{"taxonomy":"category","embeddable":true,"href":"https:\/\/monde25.info\/index.php\/wp-json\/wp\/v2\/categories?post=2086"},{"taxonomy":"post_tag","embeddable":true,"href":"https:\/\/monde25.info\/index.php\/wp-json\/wp\/v2\/tags?post=2086"}],"curies":[{"name":"wp","href":"https:\/\/api.w.org\/{rel}","templated":true}]}}