{"id":2088,"date":"2024-12-13T05:04:47","date_gmt":"2024-12-13T04:04:47","guid":{"rendered":"https:\/\/monde25.info\/index.php\/2024\/12\/13\/syrie-sednaya-ou-comment-occulter-les-crimes-disrael\/"},"modified":"2024-12-13T05:04:47","modified_gmt":"2024-12-13T04:04:47","slug":"syrie-sednaya-ou-comment-occulter-les-crimes-disrael","status":"publish","type":"post","link":"https:\/\/monde25.info\/index.php\/2024\/12\/13\/syrie-sednaya-ou-comment-occulter-les-crimes-disrael\/","title":{"rendered":"Syrie\/Sednaya ou comment occulter les crimes d\u2019Isra\u00ebl"},"content":{"rendered":"<p> <br \/>\n<\/p>\n<div>\n<ol class=\"campaign-loop campaign-list\">\n<li id=\"campaign-433393\" class=\"post-433393 campaign type-campaign status-publish hentry campaign-has-goal campaign-has-not-achieved-goal campaign-has-end-date campaign-has-not-ended\">\n\t<a target=\"_blank\" href=\"https:\/\/reseauinternational.net\/campaigns\/campagne-de-dons-decembre-2024\/\"><\/p>\n<h3>Campagne de dons D\u00e9cembre 2024<\/h3>\n<p>\t\t\t<\/a><\/p>\n<p>\n\tChers amis lecteurs, R\u00e9seau International a de nouveau besoin de vous. Gr\u00e2ce \u00e0 vous, nous avons pu nous doter d\u2019un serveur plus s\u00e9curis\u00e9, avec des capacit\u00e9s bien plus aptes \u00e0 g\u00e9rer la tr\u00e8s grosse taille des donn\u00e9es du site et son important trafic. C\u2019est gr\u00e2ce \u00e0 vos dons que nous pouvons garder notre ind\u00e9pendance et\u00a0 vous fournir le meilleur de l\u2019information internationale alternative. Votre soutien nous est indispensable; nous comptons sur vous.<\/p>\n<p>\n<span class=\"amount\">3 496,00\u00a0\u20ac<\/span> de l\u2019objectif de <span class=\"goal-amount\">25 000,00\u00a0\u20ac<\/span> atteint<\/p>\n<\/li>\n<\/ol>\n<p>par <strong>Mouna Alno-Nakhal<\/strong><\/p>\n<div class=\"wp-block-image\">\n<figure class=\"aligncenter size-large is-resized\"><a target=\"_blank\" href=\"https:\/\/i0.wp.com\/reseauinternational.net\/wp-content\/uploads\/2024\/12\/image-148.png?quality=100&amp;ssl=1\"><img data-recalc-dims=\"1\" decoding=\"async\" width=\"841\" height=\"1024\" src=\"https:\/\/i0.wp.com\/reseauinternational.net\/wp-content\/uploads\/2024\/12\/image-148.png?resize=841%2C1024&amp;quality=100&amp;ssl=1\" alt=\"\" class=\"wp-image-434915\" style=\"width:450px\" loading=\"lazy\" srcset=\"https:\/\/i0.wp.com\/reseauinternational.net\/wp-content\/uploads\/2024\/12\/image-148.png?resize=841%2C1024&amp;quality=100&amp;ssl=1 841w, https:\/\/i0.wp.com\/reseauinternational.net\/wp-content\/uploads\/2024\/12\/image-148.png?resize=246%2C300&amp;quality=100&amp;ssl=1 246w, https:\/\/i0.wp.com\/reseauinternational.net\/wp-content\/uploads\/2024\/12\/image-148.png?resize=768%2C935&amp;quality=100&amp;ssl=1 768w, https:\/\/i0.wp.com\/reseauinternational.net\/wp-content\/uploads\/2024\/12\/image-148.png?resize=990%2C1206&amp;quality=100&amp;ssl=1 990w, https:\/\/i0.wp.com\/reseauinternational.net\/wp-content\/uploads\/2024\/12\/image-148.png?w=1028&amp;quality=100&amp;ssl=1 1028w\" sizes=\"auto, (max-width: 841px) 100vw, 841px\"\/><\/a><\/figure>\n<\/div>\n<p>Ces derniers jours, les m\u00e9dias officiels de pays occidentalo-arabo-sionistes, comme les utilisateurs malveillants de r\u00e9seaux sociaux encore plus malveillants qu\u2019eux, ont tent\u00e9 une fois de plus de lobotomiser les peuples en pr\u00e9tendant, photos et vid\u00e9os \u00e0 l\u2019appui, que le pr\u00e9sident syrien est bel et bien le boucher du peuple et que le Front al-Nosra, alias HTS, fait effectivement du bon boulot en Syrie..<\/p>\n<p>Pour cela, ils ont mis \u00e0 profit la lib\u00e9ration des d\u00e9tenus du \u00abr\u00e9gime\u00bb de la prison de Sednaya. Une amie s\u2019est m\u00eame \u00e9cri\u00e9e : \u00ab<em>Comment \u00e7a, tu ne regardes pas BFM, LCI, CNews etc. ? Compar\u00e9 \u00e0 ce que ces cha\u00eenes nous montrent, l\u2019Holocauste n\u2019est plus au sommet de l\u2019horreur. Ils nous ont montr\u00e9 des enfants, presque des b\u00e9b\u00e9s, des fosses publiques conserv\u00e9es dans du sel\u2026<\/em>\u00bb.<\/p>\n<p>Mais, pour une fois, la v\u00e9rit\u00e9 a vite \u00e9t\u00e9 r\u00e9v\u00e9l\u00e9e par la D\u00e9fense civile syrienne et l\u2019Association des d\u00e9tenus rattach\u00e9e aux Nations unies. Ce qui fait que certains m\u00e9dias ont \u00e9t\u00e9 bien oblig\u00e9s d\u2019admettre cette v\u00e9rit\u00e9, comme l\u2019a fait prudemment <em>France 24<\/em> en langue arabe.<\/p>\n<p>LA RECHERCHE DU VERSANT FRAN\u00c7AIS DE L\u2019\u00c9MISSION DE <em>FRANCE 24<\/em> INTITUL\u00c9E \u00ab<em>V\u00c9RIT\u00c9 OU MANIPULATION ?<\/em>\u00bb AYANT \u00c9T\u00c9 INFRUCTUEUSE, EN VOICI LA TRADUCTION :<\/p>\n<p>La prison de Sednaya, de mauvaise r\u00e9putation, a occup\u00e9 une place centrale au sein des r\u00e9seaux sociaux suite \u00e0 la mainmise des factions de \u00abl\u2019opposition\u00bb et la lib\u00e9ration de ses prisonniers. La plateforme X a \u00e9t\u00e9 envahie par des images poignantes de la lib\u00e9ration des prisonniers, parmi lesquelles cette vid\u00e9o (image 0.11). D\u2019apr\u00e8s les utilisateurs, elle montre un prisonnier dans un \u00e9tat pitoyable et amn\u00e9sique.<\/p>\n<div class=\"wp-block-image\">\n<figure class=\"aligncenter size-full is-resized\"><img data-recalc-dims=\"1\" decoding=\"async\" width=\"489\" height=\"584\" src=\"https:\/\/i0.wp.com\/reseauinternational.net\/wp-content\/uploads\/2024\/12\/image-137.png?resize=489%2C584&amp;quality=100&amp;ssl=1\" alt=\"\" class=\"wp-image-434902\" style=\"width:300px\" loading=\"lazy\" srcset=\"https:\/\/i0.wp.com\/reseauinternational.net\/wp-content\/uploads\/2024\/12\/image-137.png?w=489&amp;quality=100&amp;ssl=1 489w, https:\/\/i0.wp.com\/reseauinternational.net\/wp-content\/uploads\/2024\/12\/image-137.png?resize=251%2C300&amp;quality=100&amp;ssl=1 251w\" sizes=\"auto, (max-width: 489px) 100vw, 489px\"\/><\/figure>\n<\/div>\n<p class=\"has-text-align-center\"><em>image 0.11<\/em><\/p>\n<p>Mais, en m\u00eame temps, des s\u00e9quences trompeuses se sont propag\u00e9es, dont cette photo publi\u00e9e sur X (image 0.41), les utilisateurs pr\u00e9tendant qu\u2019elle correspondait \u00e0 l\u2019instant m\u00eame o\u00f9 un prisonnier a \u00e9t\u00e9 trouv\u00e9 dans l\u2019un des \u00e9tages souterrains de la prison de Sednaya.<\/p>\n<div class=\"wp-block-image\">\n<figure class=\"aligncenter size-full is-resized\"><a target=\"_blank\" href=\"https:\/\/i0.wp.com\/reseauinternational.net\/wp-content\/uploads\/2024\/12\/image-138.png?quality=100&amp;ssl=1\"><img data-recalc-dims=\"1\" decoding=\"async\" width=\"884\" height=\"640\" src=\"https:\/\/i0.wp.com\/reseauinternational.net\/wp-content\/uploads\/2024\/12\/image-138.png?resize=884%2C640&amp;quality=100&amp;ssl=1\" alt=\"\" class=\"wp-image-434903\" style=\"width:450px\" loading=\"lazy\" srcset=\"https:\/\/i0.wp.com\/reseauinternational.net\/wp-content\/uploads\/2024\/12\/image-138.png?w=884&amp;quality=100&amp;ssl=1 884w, https:\/\/i0.wp.com\/reseauinternational.net\/wp-content\/uploads\/2024\/12\/image-138.png?resize=300%2C217&amp;quality=100&amp;ssl=1 300w, https:\/\/i0.wp.com\/reseauinternational.net\/wp-content\/uploads\/2024\/12\/image-138.png?resize=768%2C556&amp;quality=100&amp;ssl=1 768w\" sizes=\"auto, (max-width: 884px) 100vw, 884px\"\/><\/a><\/figure>\n<\/div>\n<p class=\"has-text-align-center\"><em>image 0.41<\/em><\/p>\n<p>N\u00e9anmoins, les recherches ont montr\u00e9 que cette information est inexacte. Nous avons retrouv\u00e9 cette photo dans une vid\u00e9o publi\u00e9e sur un compte TikTok (image 0.57). Elle montre un jeune homme sortant d\u2019un creusage souterrain tenant une \u00e9norme araign\u00e9e dans sa main, avec la mention : cr\u00e9\u00e9e par IA\u2026 Autrement dit, elle ne montre pas un r\u00e9fugi\u00e9 syrien comme l\u2019ont pr\u00e9tendu les utilisateurs de cette plateforme.<\/p>\n<div class=\"wp-block-image\">\n<figure class=\"aligncenter size-full is-resized\"><img data-recalc-dims=\"1\" decoding=\"async\" width=\"386\" height=\"482\" src=\"https:\/\/i0.wp.com\/reseauinternational.net\/wp-content\/uploads\/2024\/12\/image-140.png?resize=386%2C482&amp;quality=100&amp;ssl=1\" alt=\"\" class=\"wp-image-434905\" style=\"width:350px\" loading=\"lazy\" srcset=\"https:\/\/i0.wp.com\/reseauinternational.net\/wp-content\/uploads\/2024\/12\/image-140.png?w=386&amp;quality=100&amp;ssl=1 386w, https:\/\/i0.wp.com\/reseauinternational.net\/wp-content\/uploads\/2024\/12\/image-140.png?resize=240%2C300&amp;quality=100&amp;ssl=1 240w\" sizes=\"auto, (max-width: 386px) 100vw, 386px\"\/><\/figure>\n<\/div>\n<p class=\"has-text-align-center\"><em>image 0.57<\/em><\/p>\n<p>Une autre vid\u00e9o largement propag\u00e9e sur la plateforme X, par des utilisateurs pr\u00e9tendant documenter l\u2019\u00e9tat d\u2019un prisonnier syrien enferm\u00e9 dans une cellule individuelle (image 1.38), s\u2019est r\u00e9v\u00e9l\u00e9e \u00e9galement trompeuse. Nous l\u2019avons retrouv\u00e9e sur YouTube. La vid\u00e9o est ancienne et date de 2017. Il s\u2019agit d\u2019une repr\u00e9sentation artistique d\u2019une cellule de prison expos\u00e9e dans un mus\u00e9e vietnamien, non d\u2019un prisonnier syrien sorti de la prison de Sednaya.<\/p>\n<div class=\"wp-block-image\">\n<figure class=\"aligncenter size-full is-resized\"><img data-recalc-dims=\"1\" decoding=\"async\" width=\"784\" height=\"492\" src=\"https:\/\/i0.wp.com\/reseauinternational.net\/wp-content\/uploads\/2024\/12\/image-142.png?resize=784%2C492&amp;quality=100&amp;ssl=1\" alt=\"\" class=\"wp-image-434907\" style=\"width:500px\" loading=\"lazy\" srcset=\"https:\/\/i0.wp.com\/reseauinternational.net\/wp-content\/uploads\/2024\/12\/image-142.png?w=784&amp;quality=100&amp;ssl=1 784w, https:\/\/i0.wp.com\/reseauinternational.net\/wp-content\/uploads\/2024\/12\/image-142.png?resize=300%2C188&amp;quality=100&amp;ssl=1 300w, https:\/\/i0.wp.com\/reseauinternational.net\/wp-content\/uploads\/2024\/12\/image-142.png?resize=768%2C482&amp;quality=100&amp;ssl=1 768w\" sizes=\"auto, (max-width: 784px) 100vw, 784px\"\/><\/figure>\n<\/div>\n<p class=\"has-text-align-center\"><em>image 1.38<\/em><\/p>\n<p>Une autre s\u00e9quence, \u00e9galement propag\u00e9e sur la plateforme X par des utilisateurs pr\u00e9tendant qu\u2019elle concerne un prisonnier politique syrien ayant pass\u00e9 30 ans dans les prisons du parti Baas ; lequel, apr\u00e8s sa lib\u00e9ration s\u2019est rendu sur les tombes de ses fils tu\u00e9s par le \u00abr\u00e9gime\u00bb pendant la guerre, ou la r\u00e9volution syrienne (image 1.57). Apr\u00e8s v\u00e9rification, il s\u2019av\u00e8re que cette s\u00e9quence ne correspond pas \u00e0 ce que pr\u00e9tendent les utilisateurs. En effet, la vid\u00e9o est estampill\u00e9e \u00abAl-Qods\u00bb, date du 14 novembre 2024, et montre un prisonnier palestinien rendu sur les tombes de ses deux fils \u00e0 Berkin (Ouest de J\u00e9nine en Cisjordanie).<\/p>\n<div class=\"wp-block-image\">\n<figure class=\"aligncenter size-full is-resized\"><img data-recalc-dims=\"1\" decoding=\"async\" width=\"416\" height=\"432\" src=\"https:\/\/i0.wp.com\/reseauinternational.net\/wp-content\/uploads\/2024\/12\/image-144.png?resize=416%2C432&amp;quality=100&amp;ssl=1\" alt=\"\" class=\"wp-image-434909\" style=\"width:350px\" loading=\"lazy\" srcset=\"https:\/\/i0.wp.com\/reseauinternational.net\/wp-content\/uploads\/2024\/12\/image-144.png?w=416&amp;quality=100&amp;ssl=1 416w, https:\/\/i0.wp.com\/reseauinternational.net\/wp-content\/uploads\/2024\/12\/image-144.png?resize=289%2C300&amp;quality=100&amp;ssl=1 289w\" sizes=\"auto, (max-width: 416px) 100vw, 416px\"\/><\/figure>\n<\/div>\n<p class=\"has-text-align-center\"><em>image 1.57<\/em><\/p>\n<p>Parall\u00e8lement, certains ont affirm\u00e9 qu\u2019il existait des prisonniers syriens enferm\u00e9s dans des cellules secr\u00e8tes souterraines, dont ce compte (\u00e0 2\u201956 de la vid\u00e9o de <em>France 24<\/em>) qui a pr\u00e9tendu que ces cellules s\u2019\u00e9tendaient sur 3 \u00e9tages avec des milliers de prisonniers.<\/p>\n<p>Cependant, l\u2019Association des d\u00e9tenus et des disparus a publi\u00e9 une d\u00e9claration affirmant qu\u2019il ne reste d\u00e9sormais aucun d\u00e9tenu dans la prison de Sednaya. De son c\u00f4t\u00e9, la D\u00e9fense civile syrienne a d\u00e9clar\u00e9 sur la plateforme X que ses diff\u00e9rentes \u00e9quipes n\u2019ont trouv\u00e9 jusqu\u2019ici aucune cave ou porte secr\u00e8te dans cette prison. Mais, en d\u00e9pit de ces affirmations, voici une vid\u00e9o (image 3\u201928) qui affirme que les fouilles continuent \u00e0 la recherche d\u2019\u00e9ventuels prisonniers\u2026 \u00bb.<\/p>\n<div class=\"wp-block-image\">\n<figure class=\"aligncenter size-full is-resized\"><img data-recalc-dims=\"1\" decoding=\"async\" width=\"396\" height=\"478\" src=\"https:\/\/i0.wp.com\/reseauinternational.net\/wp-content\/uploads\/2024\/12\/image-146.png?resize=396%2C478&amp;quality=100&amp;ssl=1\" alt=\"\" class=\"wp-image-434911\" style=\"width:350px\" loading=\"lazy\" srcset=\"https:\/\/i0.wp.com\/reseauinternational.net\/wp-content\/uploads\/2024\/12\/image-146.png?w=396&amp;quality=100&amp;ssl=1 396w, https:\/\/i0.wp.com\/reseauinternational.net\/wp-content\/uploads\/2024\/12\/image-146.png?resize=249%2C300&amp;quality=100&amp;ssl=1 249w\" sizes=\"auto, (max-width: 396px) 100vw, 396px\"\/><\/figure>\n<\/div>\n<p class=\"has-text-align-center\"><em>image 3\u201928<\/em><\/p>\n<p>CE QUE NE DIT PAS <em>FRANCE 24<\/em> :<\/p>\n<p>Ce que ne dit pas ou n\u2019a pas remarqu\u00e9 la journaliste de <em>France 24<\/em> sur cette (image 3\u201928) est que la tenue de cet homme, qui continue apparemment \u00e0 piocher, \u00e9voque tr\u00e8s fortement l\u2019uniforme de l\u2019organisation des Casques blancs, ces fameux usurpateurs d\u2019identit\u00e9, associ\u00e9s au Front al-Nosra et d\u00e9sormais membres de la d\u00e9fense civile du gouvernement HTS. La preuve en est que Mme Farah al-Atassi, membre \u00e9minent de l\u2019opposition syrienne aux \u00c9tats-Unis, a d\u00e9clar\u00e9 il y a deux jours que ce sont les Casques blancs, entra\u00een\u00e9s \u00e0 Idlib par les forces de la pr\u00e9tendue opposition d\u00e9mocratique et la\u00efque, qui se sont charg\u00e9s de l\u2019ouverture des prisons syriennes.<\/p>\n<p>Une image qui, \u00e0 la lumi\u00e8re des \u00e9v\u00e9nements actuels en Syrie, explique pourquoi Washington a tenu \u00e0 inviter le Directeur des Casques blancs, Raed al-Saleh, \u00e0 participer \u00e0 la session du Conseil de s\u00e9curit\u00e9 de l\u2019ONU tenue le 3 d\u00e9cembre dernier. En effet, le communiqu\u00e9 de presse de l\u2019ONU nous dit que la d\u00e9l\u00e9gation russe, scandalis\u00e9e par son odieuse pr\u00e9sence, a demand\u00e9 que sa participation soit mise aux voix et que Washington l\u2019a emport\u00e9 avec 11 voix pour, 2 contre (Chine et F\u00e9d\u00e9ration de Russie) et 2 abstentions (Alg\u00e9rie et Mozambique).<\/p>\n<p>Ainsi, Raed al-Saleh a pu s\u2019exprimer tr\u00e8s longuement, rev\u00eatu de cet uniforme permettant d\u2019identifier sur le terrain les membres de cette pr\u00e9tendue organisation humanitaire, cr\u00e9\u00e9e pour servir les ambitions colonialistes occidentalo-sionistes et soutenir les organisations extr\u00e9mistes.<\/p>\n<p>ET ISRA\u00cbL NE FAIT QUE SE D\u05a4\u00c9FENDRE :<\/p>\n<p>Finalement, tout a \u00e9t\u00e9 programm\u00e9 et mis en \u0153uvre pour d\u00e9tourner les regards de ce qui se passe au Levant et surtout occulter les crimes d\u2019Isra\u00ebl qui ne fait que se d\u00e9fendre. \u00c0 croire que viendra le jour o\u00f9 il ne pourra plus se d\u00e9fendre que contre lui-m\u00eame, quoiqu\u2019il ne soit pas exclu que m\u00eame dans ce cas, Washington et le monde qui se dit jud\u00e9o-chr\u00e9tien le d\u00e9fendront, alors qu\u2019apr\u00e8s avoir empoisonn\u00e9 l\u2019Islam, ils viennent de massacrer la vraie chr\u00e9tient\u00e9, celle de son berceau levantin.<\/p>\n<h5 class=\"wp-block-heading\">Le message de M. Ghassan Chami<\/h5>\n<p>Ceux qui appellent \u00e0 \u00ab<em>la bataille pour la pr\u00e9servation des preuves des crimes du r\u00e9gime Al-Assad<\/em>\u00bb, comme ceux qui font mine de croire que les r\u00e9volutionnaires terroristes auraient mut\u00e9 en colombes de paix et de tol\u00e9rance feraient bien d\u2019\u00e9couter le message de M. Ghassan Shami et, aussi, de visionner sa vid\u00e9o post\u00e9e ce matin sur sa page FB. En voici la traduction :<\/p>\n<p>\u00ab<em>Aux patriarches d\u2019Antioche et de tout le Levant,<\/em><\/p>\n<p><em>\u00c0 tous ceux qui croient en la libert\u00e9 des croyances,<\/em><\/p>\n<p><em>Aux \u00e9glises d\u2019Occident en d\u00e9pit de leur silence,<\/em><\/p>\n<p><em>Assez de dhimmitude.<\/em><\/p>\n<p><em>Haussez la voix<\/em>.<\/p>\n<p><em>Les promesses rassurantes d\u2019Al-Joulani et de son clan aux chr\u00e9tiens n\u2019ont dur\u00e9 qu\u2019un seul jour, au bout duquel les Takfiris ont repris leur habitude et se sont mis \u00e0 profaner et \u00e0 saccager l\u2019\u00e9glise Sainte-Sophie d\u2019Al-Suqaylabiyah dans la r\u00e9gion de Hama (une r\u00e9plique r\u00e9duite de Hagia Sophia \u00e0 Istanbul, construite par la volont\u00e9 et la foi de ses habitants grecs orthodoxes).<\/em><\/p>\n<p><em>Ce qui est \u00e9trange est que l\u2019\u00e9v\u00eaque grec orthodoxe de Hama Nicolas Baalbaki qui l\u2019a consacr\u00e9e et qui a subi un assaut le jour de son inauguration (le 24 juillet 2022 ; Ndt), ainsi que le pr\u00eatre Dimitrius Maher Haddad qui y baptisait les enfants et qui a n\u00e9goci\u00e9 avec les takfiris au nom de la ville, ont gard\u00e9 tous deux un silence de tombes.<\/em><\/p>\n<p><em>Assez de dhimmitude<\/em>\u00bb.<\/p>\n<p>Bien qu\u2019il soit malvenu de notre part de juger le silence de ces deux hommes d\u2019\u00e9glise et de tous ceux qui se trouvent aujourd\u2019hui \u00e0 la merci de ces individus sans foi ni loi, comme si nous avions d\u00e9j\u00e0 oubli\u00e9 le massacre de Adra et toutes les autres atrocit\u00e9s d\u00e9nonc\u00e9es notamment par feu Nahed Hattar, l\u2019\u00e9crivain et journaliste jordanien qui a pay\u00e9 de sa vie sa d\u00e9fense de la Syrie et de la libert\u00e9 des croyances.<\/p>\n<p>En revanche, nous pouvons juger la cruaut\u00e9 et la cupidit\u00e9 d\u2019un monde qui se dit civilis\u00e9 et se fait aujourd\u2019hui complice de ceux qui assassinent et plongent en enfer un merveilleux pays d\u00e9crit comme le pilier du ciel : la Syrie.<\/p>\n<p><a target=\"_blank\" href=\"https:\/\/reseauinternational.net\/author\/mouna-alno-nakhal\/\" target=\"_blank\" rel=\"noopener\" title=\"Mouna Alno-Nakhal\">Mouna Alno-Nakhal<\/a><\/p>\n<div class=\"sharedaddy sd-block sd-like jetpack-likes-widget-wrapper jetpack-likes-widget-unloaded\" id=\"like-post-wrapper-237719536-434868-675ba3a662476\" data-src=\"https:\/\/widgets.wp.com\/likes\/?ver=14.1#blog_id=237719536&amp;post_id=434868&amp;origin=reseauinternational.net&amp;obj_id=237719536-434868-675ba3a662476&amp;n=1\" data-name=\"like-post-frame-237719536-434868-675ba3a662476\" data-title=\"Aimer ou rebloguer\">\n<h3 class=\"sd-title\">J\u2019aime \u00e7a\u00a0:<\/h3>\n<p><span class=\"button\"><span>J\u2019aime<\/span><\/span> <span class=\"loading\">chargement\u2026<\/span><\/p>\n<p><span class=\"sd-text-color\"\/><a target=\"_blank\" class=\"sd-link-color\"\/><\/div>\n<p><meta itemscope=\"\" itemprop=\"mainEntityOfPage\" itemtype=\"https:\/\/schema.org\/WebPage\" itemid=\"https:\/\/reseauinternational.net\/syrie-sednaya-ou-comment-occulter-les-crimes-disrael\/\"\/><meta itemprop=\"headline\" content=\"Syrie\/Sednaya ou comment occulter les crimes d\u2019Isra\u00ebl\"\/><span style=\"display: none;\" itemprop=\"author\" itemscope=\"\" itemtype=\"https:\/\/schema.org\/Person\"><meta itemprop=\"name\" content=\"Amira\"\/><\/span><span style=\"display: none;\" itemprop=\"image\" itemscope=\"\" itemtype=\"https:\/\/schema.org\/ImageObject\"><meta itemprop=\"url\" content=\"https:\/\/i0.wp.com\/reseauinternational.net\/wp-content\/uploads\/2024\/12\/Sans-titre-4-8.png?fit=800%2C467&amp;quality=100&amp;ssl=1\"\/><meta itemprop=\"width\" content=\"800\"\/><meta itemprop=\"height\" content=\"467\"\/><\/span><span style=\"display: none;\" itemprop=\"publisher\" itemscope=\"\" itemtype=\"https:\/\/schema.org\/Organization\"><span style=\"display: none;\" itemprop=\"logo\" itemscope=\"\" itemtype=\"https:\/\/schema.org\/ImageObject\"><meta itemprop=\"url\" content=\"https:\/\/reseauinternational.net\/wp-content\/uploads\/2022\/06\/Capture-de\u0301cran-2022-06-14-a\u0300-16.51.07.png\"\/><\/span><meta itemprop=\"name\" content=\"Amira\"\/><\/span><meta itemprop=\"datePublished\" content=\"2024-12-13T00:32:57+00:00\"\/><meta itemprop=\"dateModified\" content=\"2024-12-13T03:09:06+00:00\"\/><\/div>\n<p><br \/>\n<br \/><a href=\"https:\/\/reseauinternational.net\/syrie-sednaya-ou-comment-occulter-les-crimes-disrael\/\" target=\"_blank\"\">Source link <\/a><\/p>\n","protected":false},"excerpt":{"rendered":"<p>Campagne de dons D\u00e9cembre 2024 Chers amis lecteurs, R\u00e9seau International a de nouveau besoin de vous. Gr\u00e2ce \u00e0 vous, nous avons pu nous doter d\u2019un serveur plus s\u00e9curis\u00e9, avec des&hellip; <\/p>\n","protected":false},"author":1,"featured_media":2089,"comment_status":"open","ping_status":"open","sticky":false,"template":"","format":"standard","meta":{"footnotes":""},"categories":[1],"tags":[],"class_list":["post-2088","post","type-post","status-publish","format-standard","has-post-thumbnail","hentry","category-non-classe"],"_links":{"self":[{"href":"https:\/\/monde25.info\/index.php\/wp-json\/wp\/v2\/posts\/2088","targetHints":{"allow":["GET"]}}],"collection":[{"href":"https:\/\/monde25.info\/index.php\/wp-json\/wp\/v2\/posts"}],"about":[{"href":"https:\/\/monde25.info\/index.php\/wp-json\/wp\/v2\/types\/post"}],"author":[{"embeddable":true,"href":"https:\/\/monde25.info\/index.php\/wp-json\/wp\/v2\/users\/1"}],"replies":[{"embeddable":true,"href":"https:\/\/monde25.info\/index.php\/wp-json\/wp\/v2\/comments?post=2088"}],"version-history":[{"count":0,"href":"https:\/\/monde25.info\/index.php\/wp-json\/wp\/v2\/posts\/2088\/revisions"}],"wp:featuredmedia":[{"embeddable":true,"href":"https:\/\/monde25.info\/index.php\/wp-json\/wp\/v2\/media\/2089"}],"wp:attachment":[{"href":"https:\/\/monde25.info\/index.php\/wp-json\/wp\/v2\/media?parent=2088"}],"wp:term":[{"taxonomy":"category","embeddable":true,"href":"https:\/\/monde25.info\/index.php\/wp-json\/wp\/v2\/categories?post=2088"},{"taxonomy":"post_tag","embeddable":true,"href":"https:\/\/monde25.info\/index.php\/wp-json\/wp\/v2\/tags?post=2088"}],"curies":[{"name":"wp","href":"https:\/\/api.w.org\/{rel}","templated":true}]}}