{"id":2090,"date":"2024-12-13T05:37:18","date_gmt":"2024-12-13T04:37:18","guid":{"rendered":"https:\/\/monde25.info\/index.php\/2024\/12\/13\/cest-mon-choix-a-propos-de-la-nomination-de-robert-kennedy-jr-comme-secretaire-detat-a-la-sante-et-aux-services-sociaux\/"},"modified":"2024-12-13T05:37:18","modified_gmt":"2024-12-13T04:37:18","slug":"cest-mon-choix-a-propos-de-la-nomination-de-robert-kennedy-jr-comme-secretaire-detat-a-la-sante-et-aux-services-sociaux","status":"publish","type":"post","link":"https:\/\/monde25.info\/index.php\/2024\/12\/13\/cest-mon-choix-a-propos-de-la-nomination-de-robert-kennedy-jr-comme-secretaire-detat-a-la-sante-et-aux-services-sociaux\/","title":{"rendered":"C&rsquo;est mon choix ! (\u00c0 propos de la nomination de Robert Kennedy Jr comme secr\u00e9taire d&rsquo;Etat \u00e0 la Sant\u00e9 et aux Services Sociaux"},"content":{"rendered":"<p> <br \/>\n<\/p>\n<div>\n<p>Oui. Donald Trump a tranch\u00e9 Exit Rachel Levine, n\u00e9(e) \u00ab Richard \u00bb, ic\u00f4ne progressiste, qui pourtant incarnait on ne peut mieux \u00e0 quel point le wokisme peut magnifiquement sublimer l&rsquo;esp\u00e8ce humaine (la tirer vers le haut), \u00ab pour quiconque est sous l&#8217;emprise de produits hallucinog\u00e8nes puissants. \u00bb (1)<\/p>\n<p>Si ! Qu&rsquo;importe que certains (de moins en moins nombreux) aillent encore le traiter d&rsquo;homophobe, Donald Trump a nomm\u00e9 un homme, \u00ab un vrai \u00bb, au poste de secr\u00e9taire d&rsquo;\u00c9tat \u00e0 la Sant\u00e9 et aux Services Sociaux (HHS\u00a0: Health and Human Services).\u00a0\u00c0 la place de la \u00ab bielle \u00bb Rachel Levine, il a nomm\u00e9 Robert Kennedy Junior.<\/p>\n<p>Et, c&rsquo;est \u00ab exact \u00bb que, quand on regarde ces deux photos, il semble nettement plus cr\u00e9dible, l&rsquo;ami Bobby, visuellement, que Monsieur\/Madame Rachel Levine, pour ce qui est de savoir ce qui est bon pour la sant\u00e9. Le r\u00e9gime et l\u2019alimentation notamment. Et, sans doute \u00e9galement, la prise d&rsquo;hormones \u0153strog\u00e8nes (2) qui conduit\u00a0\u00e0 la modification\u00a0d\u2019\u00e9tat civil autre que celui que Dame Nature nous aurait donn\u00e9 \u00e0 la naissance, par erreur\u00a0!\u00a0Toutefois, les apparences \u00e9tant souvent trompeuses, je vous propose d&rsquo;affiner votre opinion, gr\u00e2ce \u00e0 <a target=\"_blank\" href=\"https:\/\/x.com\/i\/status\/1857171157633404949\">cette vid\u00e9o issue d&rsquo;images officielles<\/a>.<\/p>\n<blockquote class=\"twitter-tweet\" data-media-max-width=\"560\">\n<p lang=\"en\" dir=\"ltr\">The old Health Minister vs The new Health Minister<\/p>\n<p>Who do you choose? <a target=\"_blank\" href=\"https:\/\/t.co\/RQBGeF7dLl\">pic.twitter.com\/RQBGeF7dLl<\/a><\/p>\n<p>\u2014 Wall Street Apes (@WallStreetApes) <a target=\"_blank\" href=\"https:\/\/twitter.com\/WallStreetApes\/status\/1857171157633404949?ref_src=twsrc%5Etfw\">November 14, 2024<\/a><\/p>\n<\/blockquote>\n<p>\u00a0<\/p>\n<p><strong>Des r\u00e9actions \u00e0 cette nomination pour le moins partialles !<\/strong><\/p>\n<p>Laurence Ha\u00efm, est la premi\u00e8re \u00e0 avoir r\u00e9agi publiquement de la sorte \u00e0 l&rsquo;encontre de ce choix fort fait par Donald Trump. En effet, voici ce qu&rsquo;elle a d\u00e9clar\u00e9 \u00e0 ce sujet, <a target=\"_blank\" href=\"https:\/\/x.com\/lauhaim\/status\/1857179381455794482\">sur X, le 14 novembre 2024<\/a>, au m\u00e9pris manifeste d&rsquo;un \u00ab<em> Ne jugez pas cette personne sur son physique. Laissez-la faire ses preuves \u00bb<\/em>, qu&rsquo;elle avait probablement oppos\u00e9, aux d\u00e9tracteurs ignominieusement sexistes qui s&rsquo;\u00e9taient insurg\u00e9s contre la nomination de Rachel Levine, le 26 mars 2021, on se demande encore pourquoi (3)\u00a0:<\/p>\n<blockquote>\n<p><em>\u00ab C\u2019est officiel avec \u00ab MAHA Make American Healthy Again. \u00bb Cela avait aussi \u00e9t\u00e9 dit depuis des semaines dans la campagne. L\u2019image Kennedy restera toujours pour Trump plus forte que le complotisme et id\u00e9es anti vax de Robert Kennedy. \u00bb<\/em><\/p>\n<\/blockquote>\n<p>Ce fut en commentaire de <a target=\"_blank\" href=\"https:\/\/x.com\/realDonaldTrump\/status\/1857170020427595797\">ce tweet-ci de Donald Trump<\/a>,\u00a0post\u00e9 le 14 novembre 2024\u00a0qui annon\u00e7ait la nomination de RFK Jr :\u00a0<\/p>\n<blockquote>\n<p><em>\u00ab Je suis ravi <strong>d\u2019annoncer la nomination de Robert F. Kennedy Jr<\/strong>. au poste de secr\u00e9taire \u00e0 la Sant\u00e9 et aux Services sociaux des \u00c9tats-Unis.\u00a0<\/em><\/p>\n<p><em>Pendant trop longtemps, les Am\u00e9ricains ont \u00e9t\u00e9 \u00e9cras\u00e9s par le complexe alimentaire industriel et les soci\u00e9t\u00e9s pharmaceutiques qui se sont livr\u00e9es \u00e0 la tromperie, \u00e0 la d\u00e9sinformation et \u00e0 la d\u00e9sinformation en mati\u00e8re de sant\u00e9 publique. La s\u00e9curit\u00e9 et la sant\u00e9 de tous les Am\u00e9ricains sont le r\u00f4le le plus important de toute administration, et le HHS jouera un r\u00f4le important pour aider \u00e0 garantir que tout le monde sera prot\u00e9g\u00e9 contre les produits chimiques nocifs, les polluants, les pesticides, les produits pharmaceutiques et les additifs alimentaires qui ont contribu\u00e9 \u00e0 l\u2019\u00e9crasante crise sanitaire dans ce pays.\u00a0<\/em><\/p>\n<p><em><strong>M. Kennedy r\u00e9tablira ces agences dans les traditions de la recherche scientifique de r\u00e9f\u00e9rence et des phares de la transparence, pour mettre fin \u00e0 l\u2019\u00e9pid\u00e9mie de maladies chroniques et pour rendre \u00e0 l\u2019Am\u00e9rique sa grandeur et sa sant\u00e9 ! <\/strong>\u00bb<\/em><\/p>\n<\/blockquote>\n<p>Laurence Ha\u00efm est n\u00e9e pile 58 ans plus t\u00f4t, le 14 novembre 1966. Si elle \u00e9tait une humoriste sp\u00e9cialis\u00e9e dans les blagues \u00e9cul\u00e9es et foireuses qui ne font rire que les salles vides, style \u00ab Arthur \u00bb (alias Jacques Essebag) ou Cyril Hanouna, nous pourrions en d\u00e9duire que ce tweet est le cadeau digital que Madame Ha\u00efm s&rsquo;est offert cette ann\u00e9e pour son anniversaire. Mais malheureusement pour le journalisme et la politique, tel n&rsquo;est pas le cas. Non. Laurence Ha\u00efm est une femme politique franco-am\u00e9ricaine qui officie sur RTL, France-Inter, Canal+, I-T\u00e9l\u00e9, LCI et sur XXL (4), et qui s&rsquo;est engag\u00e9e aupr\u00e8s d&rsquo;Emmanuel Macron lors de la campagne pr\u00e9sidentielle de 2017, comme porte-parole. Donc forc\u00e9ment, question authenticit\u00e9 irr\u00e9futable des informations v\u00e9hicul\u00e9es par la propagande \u00e9tatique en mati\u00e8re de sant\u00e9, elle sait de quoi elle parle. Elle a visiblement choisi de confondre journalisme et propagande tel que tous ces consorts fake checkers d\u00e9livrent informations biais\u00e9es et pollu\u00e9es afin de contribuer \u00e0 manipuler les d\u00e9cisions des gens.\u00a0 D\u2019ailleurs, elle faisait partie de ceux qui s\u2019\u00e9taient copieusement vautr\u00e9s pour les pr\u00e9visions des \u00e9lections.<\/p>\n<p>N\u00e9anmoins, je me suis senti oblig\u00e9 <a target=\"_blank\" href=\"https:\/\/x.com\/xazalbert\/status\/1857186735069028383\">de lui r\u00e9pondre ceci<\/a> : <em>\u00ab Pour commenter et avoir quelque chose \u00e0 dire, il faut travailler. Et cela commence par \u00e9couter les gens, analyser, et surtout @lauhaim ne pas confondre information et propagande ou opinion. C\u2019est un des devoirs de la charte de Munich, que bien des m\u00e9dias ont trahi de mani\u00e8re constante, en confondant journalisme et propagande, et en ne disant pas la v\u00e9rit\u00e9 \u00e0 leurs lecteurs. En leur vendant l\u2019opinion convenue. Triste r\u00e9alit\u00e9, mais la d\u00e9sinformation vient de personnes comme vous qui n\u2019ont pas su prendre le temps de travailler et qui ont donc d\u00e9livr\u00e9 une information incompl\u00e8te et biais\u00e9e. \u00bb<\/em><\/p>\n<p>\u00a0<\/p>\n<p><strong>Connaitre Robert F Kennedy Jr<\/strong><\/p>\n<p>\u00c0 ce titre, j&rsquo;invite Ha\u00efm, ainsi que vous tous \u00e0 lire la tribune\/analyse tr\u00e8s compl\u00e8te de Corinne Reverbel \u00ab\u00a0<em>L&rsquo;incroyable parcours d&rsquo;un Kennedy pour <strong>restaurer la sant\u00e9 du peuple am\u00e9ricain<\/strong><\/em><strong>\u00a0\u00bb <\/strong>afin de vous forger une opinion\u00a0et pour comprendre que<strong>\u00a0 <\/strong>\u00ab\u00a0<em>si tant de personnes s&rsquo;opposent \u00e0 sa nomination, c&rsquo;est qu&rsquo;il d\u00e9range l&rsquo;ordre \u00e9tabli !\u00a0\u00bb<\/em><\/p>\n<p>Vous pourrez aussi compl\u00e9ter votre base factuelle par les interviews que Robert Kennedy a accord\u00e9s \u00e0 <em>France-Soir <\/em>qui demeure le seul m\u00e9dia fran\u00e7ais \u00e0 l\u2019avoir interview\u00e9 d\u00e8s le 29 aout 2020. C&rsquo;\u00e9tait suite au discours qu\u2019il d\u00e9livra devant une foule impressionnante \u00e0 Berlin. Un Kennedy de retour \u00e0 Berlin pour une prise de parole hautement symbolique qui positionnait Kennedy en r\u00e9el d\u00e9fenseur des\u00a0libert\u00e9s autour de la crise sanitaire :\u00a0\u00ab\u00a0<em>c&rsquo;\u00e9taient des gens qui veulent continuer de jouir des libert\u00e9s\u00a0<\/em>\u00bb. Retrouvez la vid\u00e9o de son discours ci-dessous\u00a0:<\/p>\n<p><iframe style=\"left:0;position:absolute;top:0;\" width=\"100%\" height=\"100%\" frameborder=\"0\" allow=\"accelerometer; autoplay; encrypted-media; gyroscope; picture-in-picture\" allowfullscreen=\"true\" referrerpolicy=\"unsafe-url\" class=\"lazyload\" data-src=\"https:\/\/app.videas.fr\/embed\/media\/4aaa8534-eadd-4d2c-b52e-3b3568b12499\/\"><\/iframe><\/p>\n<p>\u00a0<\/p>\n<p>Ainsi que la vid\u00e9o de l\u2019interview de <em>France-Soir <\/em>o\u00f9 Robert Kennedy Jr commentait non seulement le discours donn\u00e9 la veille, mais partageait aussi l&rsquo;exp\u00e9rience qu&rsquo;il avait v\u00e9cue et ce qu&rsquo;il voyait comme \u00e9l\u00e9ments de coercitions \u00e0 venir.<\/p>\n<p><iframe style=\"left:0;position:absolute;top:0;\" width=\"100%\" height=\"100%\" frameborder=\"0\" allow=\"accelerometer; autoplay; encrypted-media; gyroscope; picture-in-picture\" allowfullscreen=\"true\" referrerpolicy=\"unsafe-url\" class=\"lazyload\" data-src=\"https:\/\/app.videas.fr\/embed\/media\/06a130be-30d5-440d-887b-48af4c5ffd4e\/\"><\/iframe><\/p>\n<p>\u00a0<\/p>\n<p>RFK jr accordera <a target=\"_blank\" href=\"https:\/\/www.francesoir.fr\/videos-les-debriefings\/robert-kennedy-jr\">une autre interview \u00e0 France-Soir en 2022<\/a> pour\u00a0d\u00e9velopper son analyse face \u00e0 l\u2019ampleur de la crise dans laquelle l\u2019occident s\u2019est enfonc\u00e9 en citant cette phrase qui r\u00e9sonne encore dans mes oreilles\u00a0: \u00ab\u00a0<em>r\u00e9sistez, r\u00e9sistez, car une fois qu\u2019ils ont le pouvoir, ils ne le rendent jamais<\/em>\u00a0\u00bb.<\/p>\n<p><iframe style=\"left:0;position:absolute;top:0;\" width=\"100%\" height=\"100%\" frameborder=\"0\" allow=\"accelerometer; autoplay; encrypted-media; gyroscope; picture-in-picture\" allowfullscreen=\"true\" referrerpolicy=\"unsafe-url\" class=\"lazyload\" data-src=\"https:\/\/app.videas.fr\/embed\/media\/9a38fb5e-09d5-4ce6-b4ee-21de8150fb05\/\"><\/iframe><\/p>\n<p>\u00a0<\/p>\n<p>Analyse publi\u00e9e dans l\u2019ouvrage de RFK jr dont le Professeur Christian Perronne sign\u00e2t la pr\u00e9face. \u00c0 cet \u00e9gard, le <a target=\"_blank\" href=\"https:\/\/www.francesoir.fr\/videos-le-defi-de-la-verite\/ne-peut-plus-accepter-ces-mensonges-detat-christian-perronne\">professeur Perronne<\/a>, lui-m\u00eame <a target=\"_blank\" href=\"https:\/\/www.francesoir.fr\/videos-lentretien-essentiel\/christian-perronne-decidement-ils-nont-toujours-rien-compris-lentretien\">auteur de trois livres \u00ab\u00a0best sellers\u00a0\u00bb<\/a> sur la crise sanitaire, d\u00e9clarait\u00a0: <em>\u00ab\u00a0L\u2019analyse de la gestion du Covid-19 faite par Robert Kennedy Jr est magistrale et exhaustive car, en bon avocat, il a list\u00e9 des pages et des pages de r\u00e9f\u00e9rences. Tout est sourc\u00e9. <strong>Ce livre fera date dans l\u2019histoire et servira s\u00fbrement les magistrats qui seront charg\u00e9s d\u2019examiner cet immense scandale plan\u00e9taire.<\/strong>\u00a0\u00bb\u00a0<\/em> Aujourd\u2019hui\u00a0nomin\u00e9 pour prendre la t\u00eate de la HHS, RFK jr pourra donc suivre l\u2019analyse qu\u2019il s\u2019est auto-livr\u00e9e dans la mise en place de son programme. Analyse qui aura donc convaincu le pr\u00e9sident Donald Trump.<\/p>\n<p>J&rsquo;ajoute ici ceci \u00e0 cela, en guise de conclusion, \u00e0 l&rsquo;attention de Madame Ha\u00efm et consorts, ces d\u00e9tracteurs pareillement ultra-virulents \u00e0 l&rsquo;endroit de Robert Kennedy Junior, non pas intrins\u00e8quement contre le fait qu&rsquo;il a \u00e9t\u00e9 nomm\u00e9 secr\u00e9taire d&rsquo;\u00c9tat am\u00e9ricain \u00e0 la sant\u00e9, mais visc\u00e9ralement contre ce qu&rsquo;il a annonc\u00e9 comme \u00e9tant l&rsquo;action qu&rsquo;il va mener \u00e0 ce poste :<\/p>\n<blockquote>\n<p><em>\u00ab Quel scandale \u00e0 ce point retentissant, craignez-vous d&rsquo;\u00eatre r\u00e9v\u00e9l\u00e9 par l&rsquo;administration Trump 2024, pour que vous fustigiez par avance et avec une v\u00e9h\u00e9mence assise sur rien de concret, les annonces qui ont \u00e9t\u00e9 faites \u00e0 ce sujet par les principaux int\u00e9ress\u00e9s ? Les preuves irr\u00e9futables que vous avez menti.<\/em><\/p>\n<p><em>Que vous avez d\u00e9lib\u00e9r\u00e9ment cautionn\u00e9 des \u00e9l\u00e9ments factuels v\u00e9hicul\u00e9s par la propagande \u00e9tatique que vous saviez totalement faux et hautement dangereux pour la sant\u00e9 des Fran\u00e7ais ? \u00bb<\/em><\/p>\n<\/blockquote>\n<p>L&rsquo;ann\u00e9e 2025 apportera sans doute la r\u00e9ponse \u00e0 cette question. Alors vivement l&rsquo;ann\u00e9e prochaine !<\/p>\n<p>\u00a0<\/p>\n<p>1) j&rsquo;ai ajout\u00e9 cette mention \u00e0 l&rsquo;insu de mon plein gr\u00e9. Richard Virenque est t\u00e9moin. Le faire m&rsquo;a \u00e9t\u00e9 impos\u00e9 par des fondamentalistes membres de la branche \u00ab Retour aux fondamentaux \u00bb, justement, du \u00ab Y.A.M. \u00bb (\u00ab Y&rsquo;en a marre ! \u00bb), un groupuscule d&rsquo;extr\u00eame centre. Ils sont venus dans les locaux de <em>France-Soir<\/em> un j\u00e9sus \u00e0 la main. Ils l\u2019ont brandi avec la menace de me le faire ing\u00e9rer si je ne c\u00e9dais pas \u00e0 cette exigence\u00a0! En r\u00e9alit\u00e9, ce n&rsquo;\u00e9tait pas un j\u00e9sus, mais une rosette. (5)<\/p>\n<p>2), pour changer d&rsquo;\u00e9tat civil en conformit\u00e9 avec l&rsquo;appareil sexuel de substitution en plastique dont, concomitamment \u00e0 cette prise d&rsquo;hormones \u0153strog\u00e8nes rembours\u00e9e \u00e0 100% en France par la s\u00e9curit\u00e9 sociale (contrairement \u00e0 beaucoup de soins v\u00e9ritablement \u00ab traumatiques \u00bb, eux, au sens m\u00e9dical). Tout cela en d\u00e9saccord avec le sentiment d&rsquo;\u00eatre une femme, et non un homme, qui nous habite au plus profond. Apr\u00e8s tout, certains affirment haut et fort que l\u2019\u00ab <em>on ne na\u00eet pas femme. On le devient<\/em>. \u00bb<\/p>\n<p>3) peut-\u00eatre parce que c&rsquo;\u00e9tait un dimanche ? Si-si. Le 26 mars 2021, c&rsquo;\u00e9tait un dimanche. J&rsquo;ai regard\u00e9. <a target=\"_blank\" href=\"https:\/\/www.ephemeride.com\/calendrier\/jour_semaine\/80\/#:~:text=Cet%20outil%20vous%20permet%20de%20savoir%20quel%20jour,calendrier%20actuel.%20Cette%20date%20correspond%20%C3%A0%20un%20dimanche.\">V\u00e9rifiez vous-m\u00eames si vous ne me croyez pas<\/a>.<\/p>\n<p>4) RTL, France-Inter, Canal+, I-T\u00e9l\u00e9, LCI et sur XXL : cherchez l&rsquo;intrus.<\/p>\n<p>5) la rosette est un type de saucisson sec, \u00e0 base de viande et de gras de porc. Phare de la charcuterie de la r\u00e9gion lyonnaise, c&rsquo;est le plus connu de ses saucissons. La rosette est class\u00e9e par la DGCCRF comme \u00ab Charcuterie s\u00e8che de qualit\u00e9 sup\u00e9rieure. \u00bb C&rsquo;est un saucisson assez long (une quarantaine de centim\u00e8tres), \u00c0 l&rsquo;inverse, donc, de Rachel Levine, le temps, associ\u00e9 \u00e0 une consommation r\u00e9guli\u00e8re de cheeseburgers, de beurre de cacahu\u00e8tes, de chips et de sodas, conduisant in\u00e9luctablement l&rsquo;enveloppe corporelle humaine \u00e0 adopter la forme dite \u00ab en bouteille d&rsquo;Orangina \u00bb (ou de \u00ab Perrier \u00bb), qu&rsquo;arborent immanquablement, \u00e0 plus ou moins long terme, les sapiens-sapiens m\u00e2les, femelles et autres, qui (malheureusement pour leur physique alors obligatoirement synonyme de comorbidit\u00e9s qui fleurent mal le sapin en p\u00e9riode de pand\u00e9mie), s&rsquo;alimentent de cette fa\u00e7on. Les Am\u00e9ricain.e.s++ tout particuli\u00e8rement. Ce n&rsquo;est pas Elvis Presley qui me contredira.<\/p>\n<\/div>\n<p><script async src=\"\/\/platform.twitter.com\/widgets.js\" charset=\"utf-8\"><\/script><script>(function(d, s, id) {  var js, fjs = d.getElementsByTagName(s)[0];  if (d.getElementById(id)) return;  js = d.createElement(s); js.id = id;  js.src = \"\/\/connect.facebook.net\/fr_FR\/sdk.js#xfbml=1&version=v2.3\";  fjs.parentNode.insertBefore(js, fjs);}(document, \"script\", \"facebook-jssdk\"));<\/script><br \/>\n<br \/><br \/>\n<br \/><a href=\"https:\/\/www.francesoir.fr\/opinions-editos\/c-est-mon-choix-propos-de-la-nomination-de-robert-kennedy-jr-comme-secretaire-d\" target=\"_blank\"\">Source link <\/a><\/p>\n","protected":false},"excerpt":{"rendered":"<p>Oui. Donald Trump a tranch\u00e9 Exit Rachel Levine, n\u00e9(e) \u00ab Richard \u00bb, ic\u00f4ne progressiste, qui pourtant incarnait on ne peut mieux \u00e0 quel point le wokisme peut magnifiquement sublimer l&rsquo;esp\u00e8ce&hellip; <\/p>\n","protected":false},"author":1,"featured_media":0,"comment_status":"open","ping_status":"open","sticky":false,"template":"","format":"standard","meta":{"footnotes":""},"categories":[1],"tags":[],"class_list":["post-2090","post","type-post","status-publish","format-standard","hentry","category-non-classe"],"_links":{"self":[{"href":"https:\/\/monde25.info\/index.php\/wp-json\/wp\/v2\/posts\/2090","targetHints":{"allow":["GET"]}}],"collection":[{"href":"https:\/\/monde25.info\/index.php\/wp-json\/wp\/v2\/posts"}],"about":[{"href":"https:\/\/monde25.info\/index.php\/wp-json\/wp\/v2\/types\/post"}],"author":[{"embeddable":true,"href":"https:\/\/monde25.info\/index.php\/wp-json\/wp\/v2\/users\/1"}],"replies":[{"embeddable":true,"href":"https:\/\/monde25.info\/index.php\/wp-json\/wp\/v2\/comments?post=2090"}],"version-history":[{"count":0,"href":"https:\/\/monde25.info\/index.php\/wp-json\/wp\/v2\/posts\/2090\/revisions"}],"wp:attachment":[{"href":"https:\/\/monde25.info\/index.php\/wp-json\/wp\/v2\/media?parent=2090"}],"wp:term":[{"taxonomy":"category","embeddable":true,"href":"https:\/\/monde25.info\/index.php\/wp-json\/wp\/v2\/categories?post=2090"},{"taxonomy":"post_tag","embeddable":true,"href":"https:\/\/monde25.info\/index.php\/wp-json\/wp\/v2\/tags?post=2090"}],"curies":[{"name":"wp","href":"https:\/\/api.w.org\/{rel}","templated":true}]}}